{"id":43568,"date":"2018-03-04T23:56:22","date_gmt":"2018-03-04T20:56:22","guid":{"rendered":"https:\/\/new.mavikadin.com\/?p=43568"},"modified":"2024-09-16T10:52:25","modified_gmt":"2024-09-16T07:52:25","slug":"gebelikte-anne-karninda-bebegin-suyu-fazla-olup-dogum-yapanlar-var-mi","status":"publish","type":"post","link":"https:\/\/www.tgrthaber.com\/mavikadin\/gebelikte-anne-karninda-bebegin-suyu-fazla-olup-dogum-yapanlar-var-mi\/","title":{"rendered":"Gebelikte Anne Karn\u0131nda Bebe\u011fin Suyu Fazla Olup Do\u011fum Yapanlar Var m\u0131?"},"content":{"rendered":"<p>Polihidramnios Nedir, Gebelikte Suyun Fazla Olmas\u0131 Zararlar\u0131 Amniyotik s\u0131v\u0131, bebe\u011fi, rahim i\u00e7erisinde saran s\u0131v\u0131d\u0131r ve bu s\u0131v\u0131 bebe\u011fin b\u00fcy\u00fcy\u00fcp, geli\u015febilmesi <\/p>\n<p><span style=\"color:#FF8C00;\"><span style=\"font-size:18px;\"><u><strong>Polihidramnios Nedir, Gebelikte Suyun Fazla Olmas\u0131 Zararlar\u0131<\/strong><\/u><\/span><\/span><\/p>\n<p>Amniyotik s\u0131v\u0131, bebe\u011fi, rahim i\u00e7erisinde saran s\u0131v\u0131d\u0131r ve bu s\u0131v\u0131 bebe\u011fin b\u00fcy\u00fcy\u00fcp, geli\u015febilmesi i\u00e7in m\u00fckemmel bir ortam sa\u011flar. Bu s\u0131v\u0131, bebe\u011fin b\u00fcy\u00fcmesi i\u00e7in olmazsa olmazd\u0131r.&nbsp;<strong>Hamilelikte suyun fazla olmas\u0131 ve bebe\u011fin suyunun fazla olmas\u0131 olarak da bilinen Polihidramnios, rahimde fazla miktarda s\u0131v\u0131 bulunmas\u0131na, yani amniyon s\u0131v\u0131s\u0131n\u0131n fazla olmas\u0131na denir. Polihidramnios, hamilelik s\u0131ras\u0131nda, rahimde amniyotik s\u0131v\u0131n\u0131n birikmesi sonucu olu\u015fur.<\/strong>&nbsp;Fazla amniyotik s\u0131v\u0131 bulunmas\u0131, olihidramniosun tam tersidir. Bu durumda rahimde az su bulunmas\u0131 durumudur<strong>. \u00c7o\u011fu vakada, polihidramnios bir sorun te\u015fkil etmez fakat do\u011fumda komplikasyona neden olma ihtimali vard\u0131r.<\/strong><\/p>\n<p>Bebe\u011fi saran s\u0131v\u0131 miktar\u0131 hamileli\u011fin geli\u015fmesi ile birlikte yakla\u015f\u0131k 1 litreye kadar artar ve bu s\u0131v\u0131 bebe\u011fi 37 hafta boyunca sarar. Bu miktar genellikle 40. Haftaya kadar yar\u0131m litreye kadar d\u00fc\u015fer.&nbsp;<strong>Bebe\u011finiz d\u00fczenli aral\u0131klarla bu amniyotik s\u0131v\u0131y\u0131 yutar ve sonras\u0131nda v\u00fccudundan idrar olarak \u00e7\u0131kart\u0131r. Bu \u015fekilde etraf\u0131ndaki amniyotik s\u0131v\u0131 miktar\u0131n\u0131 kontrol eder.<\/strong><\/p>\n<p>Bu hassas denge bozuldu\u011funda, amniyotik miktar\u0131 h\u0131zl\u0131 bir \u015fekilde artar. Polihidramnios, genellikle amniyotik s\u0131v\u0131 2 litrenin \u00fcst\u00fcne \u00e7\u0131kt\u0131\u011f\u0131nda belirlenir.&nbsp;<strong>Polihidramniosun ileri vakalar\u0131nda bu s\u0131v\u0131 miktar\u0131 3 litreye kadar \u00e7\u0131kabilir. Bu da normal miktar\u0131n 3 kat\u0131na denk gelmektedir.<\/strong><\/p>\n<p><span style=\"color:#FF8C00;\"><span style=\"font-size:18px;\"><strong><u>Polihidramnios Belirtileri<\/u><\/strong><\/span><\/span><\/p>\n<p>Bu sorunun hafif vakalar\u0131nda, hi\u00e7bir belirti olu\u015fmaz. Hafif vakalarda hi\u00e7bir belirti olu\u015fmayaca\u011f\u0131ndan dolay\u0131 bir sorun olu\u015fmaz. Polihidramniosun orta ve ileri vakalar\u0131nda ise a\u015fa\u011f\u0131daki belirtiler olu\u015fabilir.<\/p>\n<ol>\n<li>A\u015f\u0131r\u0131 h\u0131zl\u0131 kilo art\u0131\u015f\u0131. Hamilelik s\u0131ras\u0131nda normal kilo art\u0131\u015f\u0131 12 kilogram civar\u0131ndad\u0131r.<\/li>\n<li><strong>Annenin kar\u0131n b\u00fcy\u00fckl\u00fc\u011f\u00fcnde h\u0131zl\u0131 bir art\u0131\u015f ve rahats\u0131zl\u0131\u011f\u0131n artmas\u0131.<\/strong><\/li>\n<li>Bacaklar\u0131n \u015fi\u015fmesi ve genel v\u00fccut \u015fi\u015fmesi.<\/li>\n<li><strong>Fetal hareketlerin yava\u015flamas\u0131.<\/strong><\/li>\n<li>Nefes darl\u0131\u011f\u0131.<\/li>\n<li><strong>Mide yanmas\u0131, haz\u0131ms\u0131zl\u0131k ve rahat yenilen yiyecek miktar\u0131nda meydana gelen de\u011fi\u015fiklik.<\/strong><\/li>\n<li>Gergin, s\u0131k\u0131 bir kar\u0131n. Bu, bebe\u011fin elle hissedilmesini zorla\u015ft\u0131r\u0131r.<\/li>\n<li><strong>Vulvan\u0131n \u015fi\u015fmesi<\/strong><\/li>\n<li>\u0130drar \u00fcretiminde azalma<\/li>\n<li><strong>Kab\u0131zl\u0131k<\/strong><\/li>\n<li>Mide ek\u015fimesi<\/li>\n<li><strong>Yukar\u0131daki semptomlar a\u015f\u0131r\u0131 derecede b\u00fcy\u00fcm\u00fc\u015f rahmin di\u011fer organlara bask\u0131 uygulamas\u0131n\u0131n sonucudur.<\/strong><\/li>\n<\/ol>\n<p><span style=\"color:#FF8C00;\"><span style=\"font-size:18px;\"><strong><u>Polihidramnios Hangi Sorunlara Neden Olabilir?<\/u><\/strong><\/span><\/span><\/p>\n<p><strong>Polihidramnios gebelik s\u0131ras\u0131nda a\u015fa\u011f\u0131daki problemlerin riskini art\u0131rabilir:<\/strong><\/p>\n<p><span style=\"color:#A52A2A;\"><span style=\"font-size:16px;\"><strong>Erken do\u011fum<\/strong><\/span><\/span> &#8211; Hamileli\u011fin 37. haftas\u0131ndan \u00f6nce do\u011fum<\/p>\n<p><span style=\"color:#A52A2A;\"><span style=\"font-size:16px;\"><strong>Erken membran r\u00fcpt\u00fcr\u00fc (PROM)<\/strong><\/span><\/span> \u2013 Do\u011fum ba\u015flamadan \u00f6nce, hamileli\u011fin 37. Haftas\u0131nda amniyotik kesenin y\u0131rt\u0131lmas\u0131 durumu.<\/p>\n<p><span style=\"color:#A52A2A;\"><span style=\"font-size:16px;\"><strong>Plasental abruption<\/strong><\/span><\/span> &#8211; Plasentan\u0131n do\u011fumdan \u00f6nce rahim duvar\u0131ndan k\u0131smen veya tamamen ayr\u0131lmas\u0131 durumu<\/p>\n<p><span style=\"color:#A52A2A;\"><span style=\"font-size:16px;\"><strong>\u00d6l\u00fc do\u011fum<\/strong><\/span><\/span> &#8211; Bir bebe\u011fin gebeli\u011fin 20. haftas\u0131ndan sonra rahimde \u00f6lmesi durumu.<\/p>\n<p><span style=\"color:#A52A2A;\"><span style=\"font-size:16px;\"><strong>Do\u011fum Sonu Kanamas\u0131 <\/strong><\/span><\/span>&#8211; Do\u011fum sonras\u0131 \u015fiddetli kanama<\/p>\n<p><span style=\"color:#A52A2A;\"><span style=\"font-size:16px;\"><strong>Fetal malpozisyon<\/strong><\/span><\/span> &#8211; Bir bebe\u011fin ba\u015f a\u015fa\u011f\u0131 konumda olmamas\u0131 durumu. Bu durumda sezaryenle do\u011fum gerekebilir.<\/p>\n<p><span style=\"color:#FF8C00;\"><span style=\"font-size:18px;\"><strong><u>Polihidramnios Neden Olur?<\/u><\/strong><\/span><\/span><\/p>\n<p>Vakalar\u0131n yakla\u015f\u0131k yar\u0131s\u0131nda, polihidramnios&#8217;a neyin neden oldu\u011fu bilinmez. Baz\u0131 durumlarda, bir neden belirleyebiliriz. Bilinen baz\u0131 nedenler \u015funlard\u0131r:<\/p>\n<ol>\n<li>Do\u011fum kusurlar\u0131, \u00f6zellikle bebe\u011fin yutkunma \u015feklini etkileyenler. Bebe\u011fin yutmas\u0131, rahmin i\u00e7indeki s\u0131v\u0131y\u0131 sabit bir seviyede tutar.<\/li>\n<li><strong>Diyabet &#8211; Kan\u0131n\u0131zda fazla \u015feker olmas\u0131<\/strong><\/li>\n<li>Rh ve Kell hastal\u0131klar\u0131 gibi kan\u0131n\u0131zla bebe\u011finizin kan\u0131 aras\u0131ndaki uyumsuzluk<\/li>\n<li><strong>\u0130kizden \u0130kize Transf\u00fczyon Sendromu (TTTS) &#8211; Tek yumurta ikizleri ta\u015f\u0131yorsan\u0131z, bir ikizin kan dola\u015f\u0131m\u0131 fazla artt\u0131\u011f\u0131nda di\u011feri \u00e7ok az olur.<\/strong><\/li>\n<li>Bebe\u011fin kalp at\u0131\u015f h\u0131z\u0131 ile ilgili sorunlar<\/li>\n<li><strong>Bebekte bir enfeksiyon<\/strong><\/li>\n<li>Bebe\u011fin ba\u011f\u0131rsak ve mide sistemini veya santral sinir sistemini etkileyen bir do\u011fum kusuru<\/li>\n<li><strong>Bebe\u011fin i\u00e7indeki k\u0131rm\u0131z\u0131 kan h\u00fccrelerinde eksiklik (fetal anemi)<\/strong><\/li>\n<li>Gebelikte enfeksiyon<\/li>\n<li><strong>Uygun \u015fekilde kontrol edilmemi\u015f anne diyabetleri. Polihidramnios, diyabetli olan annelerin yakla\u015f\u0131k y\u00fczde onunda bulunur.<\/strong><\/li>\n<\/ol>\n<p><span style=\"color:#A52A2A;\"><span style=\"font-size:16px;\"><strong>Di\u011fer Sebepler:&nbsp;<\/strong><\/span><\/span>Y\u00fcksek d\u00fczeyde amniyotik s\u0131v\u0131 ile baz\u0131 genetik anormallikler aras\u0131nda bir ili\u015fki var gibi g\u00f6r\u00fcnmektedir. (Down sendromu gibi). Fazla miktarda amniyotik s\u0131v\u0131 miktar\u0131, bebekte baz\u0131 anemik kan bozuklar\u0131 nedeniyle veya enfeskiyonlu hastal\u0131klar sebebiyle olu\u015fmu\u015f olabilir.<\/p>\n<p><span style=\"color:#FF8C00;\"><span style=\"font-size:18px;\"><strong><u>Polihidramnios Tedavisi<\/u><\/strong><\/span><\/span><\/p>\n<p><strong>Hafif polihidramnios vakalar\u0131 genellikle tedavi gerektirmez ve kendili\u011finden kaybolabilir. Rahats\u0131zl\u0131\u011fa neden olan vakalar bile genellikle m\u00fcdahale olmadan y\u00f6netilebilir.<\/strong><\/p>\n<p>Ba\u015fka durumlarda, diyabet gibi altta yatan bir durum i\u00e7in tedavi, bu sorunun \u00e7\u00f6z\u00fcm\u00fcn\u00fc sa\u011flayabilir.<\/p>\n<p>Erken do\u011fum, nefes darl\u0131\u011f\u0131 veya kar\u0131n a\u011fr\u0131s\u0131 ya\u015f\u0131yorsan\u0131z, potansiyel olarak hastanede tedavi gerekebilir. Bu tedavi a\u015fa\u011f\u0131dakileri i\u00e7erebilir:<\/p>\n<ol>\n<li><strong>Fazla amniyotik s\u0131v\u0131n\u0131n \u00e7\u0131kart\u0131lmas\u0131. Doktorunuz amniyosentez y\u00f6ntemini kullanarak, fazla amniyotik s\u0131v\u0131y\u0131 rahimden \u00e7\u0131karabilir. Bu i\u015flem \u00e7ok k\u00fc\u00e7\u00fck ihtimalli risklere sahiptir. Bunlar, erken do\u011fum, plasenta bozulmas\u0131 ve erken y\u0131rt\u0131lma gibi say\u0131labilir.<\/strong><\/li>\n<li>\u0130la\u00e7lar. Doktorunuz fetal idrar \u00fcretimini ve amniyotik s\u0131v\u0131 hacmini azaltmaya yard\u0131mc\u0131 olmak i\u00e7in a\u011f\u0131zdan ila\u00e7 olarak indometasini (Indocin) verebilir.&nbsp;<strong>Indometasin, bebe\u011fin kalbinde sorunlara yol a\u00e7abilece\u011finden dolay\u0131, hamileli\u011fin 31. haftas\u0131ndan sonra \u00f6nerilmez. Di\u011fer yan etkiler mide bulant\u0131s\u0131, kusma, asit refl\u00fcs\u00fc ve mide \u00e7eperi (gastrit) olarak say\u0131labilir.<\/strong><\/li>\n<\/ol>\n<p>Tedavi sonras\u0131nda, doktorunuz amniyotik s\u0131v\u0131 seviyesini her hafta veya 3 haftada bir takip edecektir.<\/p>\n<p><span style=\"color:#FF8C00;\"><span style=\"font-size:18px;\"><strong><u>Polihidramnios Durumunda Ne Yap\u0131l\u0131r?<\/u><\/strong><\/span><\/span><\/p>\n<ol>\n<li>\u0130lerlemi\u015f hamilelikte, tamamen yatakta dinlenme verilir.<\/li>\n<li><strong>Fazla yemek yemekten ka\u00e7\u0131nmak<\/strong><\/li>\n<li>Ani hareketlerden ka\u00e7\u0131nmak<\/li>\n<li><strong>Yatakta karn\u0131 destekleyecek yast\u0131k ve yorgan kullanmak<\/strong><\/li>\n<li>Mide ek\u015fimesine neden olan ve ac\u0131 yiyeceklerden ka\u00e7\u0131nmak<\/li>\n<li><strong>Yemek yedikten hemen sonra yatmaktan ka\u00e7\u0131nmak<\/strong><\/li>\n<li>Polihidramnios y\u00f6netimi i\u00e7in, do\u011fum \u00f6ncesi kurslar almak<\/li>\n<\/ol>\n<p><span style=\"font-size:16px;\"><strong><a href=\"https:\/\/www.mavikadin.com\/en-yeni-modern-kiz-bebek-isimleri-ve-anlamlari-2017\" target=\"_blank\" rel=\"noopener\"><span style=\"color:#FF0000;\">En Yeni, Modern K\u0131z Bebek \u0130simleri Ve Anlamlar\u0131 2017 T\u0131klay\u0131n\u0131z<\/span><\/a><\/strong><\/span><\/p>\n<p><span style=\"font-size:16px;\"><strong><a href=\"https:\/\/www.mavikadin.com\/hamilelikte-bebegin-gelisimi-icin-neler-yemeli\" target=\"_blank\" rel=\"noopener\">Hamilelikte Bebe\u011fin Geli\u015fimi \u0130\u00e7in Neler Yemeli? T\u0131klay\u0131n\u0131z<\/a><\/strong><\/span><\/p>\n<p><span style=\"font-size:16px;\"><strong><a href=\"https:\/\/www.mavikadin.com\/erkek-isimleri-ve-anlamlari-en-guzel-erkek-cocuk-isimleri-2018-listesi\" target=\"_blank\" rel=\"noopener\"><span style=\"color:#FF0000;\">Erkek \u0130simleri Ve Anlamlar\u0131 En G\u00fczel Erkek \u00c7ocuk \u0130simleri 2018 Listesi T\u0131klay\u0131n\u0131z<\/span><\/a><\/strong><\/span>&nbsp;<\/p>\n","protected":false},"excerpt":{"rendered":"<p>Polihidramnios Nedir, Gebelikte Suyun Fazla Olmas\u0131 Zararlar\u0131 Amniyotik s\u0131v\u0131, bebe\u011fi, rahim i\u00e7erisinde saran s\u0131v\u0131d\u0131r ve bu s\u0131v\u0131 bebe\u011fin b\u00fcy\u00fcy\u00fcp, geli\u015febilmesi Polihidramnios Nedir, Gebelikte Suyun Fazla Olmas\u0131 Zararlar\u0131 Amniyotik s\u0131v\u0131, bebe\u011fi, rahim i\u00e7erisinde saran s\u0131v\u0131d\u0131r ve bu s\u0131v\u0131 bebe\u011fin b\u00fcy\u00fcy\u00fcp, geli\u015febilmesi i\u00e7in m\u00fckemmel bir ortam sa\u011flar. Bu s\u0131v\u0131, bebe\u011fin b\u00fcy\u00fcmesi i\u00e7in olmazsa olmazd\u0131r.&nbsp;Hamilelikte suyun fazla olmas\u0131 [&hellip;]<\/p>\n","protected":false},"author":30,"featured_media":43567,"comment_status":"closed","ping_status":"open","sticky":false,"template":"","format":"standard","meta":{"rank_math_lock_modified_date":false,"footnotes":""},"categories":[111],"tags":[33256,34198,34197,34195,34196],"class_list":["post-43568","post","type-post","status-publish","format-standard","has-post-thumbnail","hentry","category-anne-cocuk","tag-amniyotik-sivi","tag-dogum-anomalileri","tag-gebelik-komplikasyonlari","tag-gebelikte-su-fazlaligi","tag-polihidramnios"],"_links":{"self":[{"href":"https:\/\/www.tgrthaber.com\/mavikadin\/wp-json\/wp\/v2\/posts\/43568"}],"collection":[{"href":"https:\/\/www.tgrthaber.com\/mavikadin\/wp-json\/wp\/v2\/posts"}],"about":[{"href":"https:\/\/www.tgrthaber.com\/mavikadin\/wp-json\/wp\/v2\/types\/post"}],"author":[{"embeddable":true,"href":"https:\/\/www.tgrthaber.com\/mavikadin\/wp-json\/wp\/v2\/users\/30"}],"replies":[{"embeddable":true,"href":"https:\/\/www.tgrthaber.com\/mavikadin\/wp-json\/wp\/v2\/comments?post=43568"}],"version-history":[{"count":1,"href":"https:\/\/www.tgrthaber.com\/mavikadin\/wp-json\/wp\/v2\/posts\/43568\/revisions"}],"predecessor-version":[{"id":43569,"href":"https:\/\/www.tgrthaber.com\/mavikadin\/wp-json\/wp\/v2\/posts\/43568\/revisions\/43569"}],"wp:featuredmedia":[{"embeddable":true,"href":"https:\/\/www.tgrthaber.com\/mavikadin\/wp-json\/wp\/v2\/media\/43567"}],"wp:attachment":[{"href":"https:\/\/www.tgrthaber.com\/mavikadin\/wp-json\/wp\/v2\/media?parent=43568"}],"wp:term":[{"taxonomy":"category","embeddable":true,"href":"https:\/\/www.tgrthaber.com\/mavikadin\/wp-json\/wp\/v2\/categories?post=43568"},{"taxonomy":"post_tag","embeddable":true,"href":"https:\/\/www.tgrthaber.com\/mavikadin\/wp-json\/wp\/v2\/tags?post=43568"}],"curies":[{"name":"wp","href":"https:\/\/api.w.org\/{rel}","templated":true}]}}