{"id":44525,"date":"2018-12-12T21:06:45","date_gmt":"2018-12-12T18:06:45","guid":{"rendered":"https:\/\/new.mavikadin.com\/?p=44525"},"modified":"2024-09-16T11:08:08","modified_gmt":"2024-09-16T08:08:08","slug":"bebekler-ne-kadar-su-icmeli-bebek-ne-kadar-su-icer","status":"publish","type":"post","link":"https:\/\/www.tgrthaber.com\/mavikadin\/bebekler-ne-kadar-su-icmeli-bebek-ne-kadar-su-icer\/","title":{"rendered":"Bebekler Ne Kadar Su \u0130\u00e7meli Bebek Ne Kadar Su \u0130\u00e7er?"},"content":{"rendered":"<p>Su, insanlar olarak hayatta kalabilmemiz i\u00e7in oksijenden sonra gelen en \u00f6nemli maddedir. Yemek yemeden haftalarca, ancak susuz kal\u0131rsak yaln\u0131zca birka\u00e7 g\u00fcn ya\u015fayabiliriz. Annelerin en \u00e7ok merak etti\u011fi suallerden biri de \u201cbebekler ne kadar su i\u00e7meli?<\/p>\n<p>Su, insanlar olarak hayatta kalabilmemiz i\u00e7in oksijenden sonra gelen en \u00f6nemli maddedir. Yemek yemeden haftalarca, ancak susuz kal\u0131rsak yaln\u0131zca birka\u00e7 g\u00fcn ya\u015fayabiliriz. Annelerin en \u00e7ok merak etti\u011fi suallerden biri de \u201cbebekler ne kadar su i\u00e7meli?\u201d Sorusudur.&nbsp; Makalemizde bu konu hakk\u0131nda bilgi edinebilirsiniz.<\/p>\n<p><span style=\"color:#FF8C00;\"><span style=\"font-size:18px;\"><u><strong>6 Aydan K\u00fc\u00e7\u00fck Bebekler Ne Kadar Su \u0130\u00e7meli?<\/strong><\/u><\/span><\/span><\/p>\n<p><strong>Bebe\u011finiz anne s\u00fct\u00fcyle besleniyorsa ilk 6 ay sadece anne s\u00fct\u00fc yeterlidir, kesinlikle suya ihtiyac\u0131 yoktur.<\/strong> \u00d6zellikle yaz aylar\u0131nda anneler bebeklerinin s\u0131caktan susay\u0131p susamad\u0131\u011f\u0131n\u0131 merak ederler, bunun cevab\u0131 \u015fudur; Anne s\u00fct\u00fc alan 6 aydan k\u00fc\u00e7\u00fck bebekler su ihtiyac\u0131 duymazlar, \u00e7\u00fcnk\u00fc anne s\u00fct\u00fc %90 sudan meydana gelen bir besindir.&nbsp; Anne s\u00fct\u00fcnde bebe\u011finizin b\u00fcy\u00fcme ve geli\u015fimine yard\u0131mc\u0131 pek \u00e7ok vitamin ve mineral bulunur. \u00d6zetle \u015funu diyebiliriz ki 6 aydan k\u00fc\u00e7\u00fck bebeklere su verilmesine gerek yoktur. Anne s\u00fct\u00fc bebekler i\u00e7in en besleyici i\u00e7ecek t\u00fcr\u00fcd\u00fcr<\/p>\n<p>Asl\u0131nda ayn\u0131 durum mama ile beslenen bebekler i\u00e7in de ge\u00e7erlidir. 100 ml\u2019lik bir mamay\u0131 haz\u0131rlamak i\u00e7in 90 ml suya 3 \u00f6l\u00e7ek mama katar\u0131z, yani haz\u0131rlad\u0131\u011f\u0131m\u0131z mamada yine %90 oran\u0131nda su bulunmaktad\u0131r. Dolay\u0131s\u0131yla mama ile beslenen bebeklerde su ihtiyac\u0131n\u0131 maman\u0131n i\u00e7inde bulunan sudan kar\u015f\u0131larlar.<\/p>\n<p><span style=\"color:#FF8C00;\"><span style=\"font-size:18px;\"><u><strong>6 Aydan B\u00fcy\u00fck Bebekler Ne Kadar Su \u0130\u00e7meli?<\/strong><\/u><\/span><\/span><\/p>\n<p>Bebeklerde su ihtiyac\u0131 bebe\u011fin ya\u015f\u0131na, kilosuna, havan\u0131n \u00e7ok s\u0131cak olup olmamas\u0131na g\u00f6re de\u011fi\u015fmekle birlikte 6-12 ayl\u0131k bebeklerin ortalama su ihtiyac\u0131 g\u00fcnl\u00fck 150-500 ml aras\u0131ndad\u0131r.<\/p>\n<p><span style=\"color:#FF8C00;\"><span style=\"font-size:18px;\"><u><strong>Bebekler Ne Kadar Su \u0130\u00e7meli? Konusu Hakk\u0131nda Doktorlara Sorular Ve Cevaplar\u0131<\/strong><\/u><\/span><\/span><\/p>\n<p><span style=\"color:#A52A2A;\"><strong>Sual:<\/strong><\/span> 6 ayl\u0131k bebe\u011fim su verdi\u011fimde daha \u00e7ok i\u00e7mek istiyor ben de dokunur diye vermiyorum en fazla ne kadar verebilirim?<\/p>\n<p><span style=\"color:#000080;\"><strong>CEVAP<\/strong><\/span><\/p>\n<p><strong>\u00c7ocuk Doktoru B\u00fclent Karada\u011f\u2019\u0131n cevab\u0131:( Dokunmaz ama bo\u015fu bo\u015funa midesini doldurursunuz.)<\/strong><\/p>\n<p><span style=\"color:#A52A2A;\"><strong>Sual:<\/strong><\/span> 8 ayl\u0131k k\u0131z bebe\u011fim g\u00fcnde 250 ml su i\u00e7iyor. Bu bize \u00e7ok geldi. Ek g\u0131dalara anne s\u00fct\u00fc yetmedi\u011f i\u00e7in ba\u015flad\u0131k. Bu kadar su i\u00e7mesi normal mi?<\/p>\n<p><span style=\"color:#000080;\"><strong>CEVAP<\/strong><\/span><\/p>\n<p><strong>\u00c7ocuk Doktoru Bilge Kay\u0131ran\u2019\u0131n cevab\u0131:( Normal,hele s\u0131cak havalarda daha \u00e7ok bile i\u00e7ebilir.)<\/strong><\/p>\n<p><span style=\"color:#A52A2A;\"><strong>Sual:<\/strong><\/span> 8 ayl\u0131k bebe\u011fim var ne yapt\u0131ysam su i\u00e7iremiyorum yemek yedikten sonrada i\u00e7miyor ne yapmal\u0131y\u0131m?<\/p>\n<p><span style=\"color:#000080;\"><strong>CEVAP<\/strong><\/span><\/p>\n<p><strong>\u00c7ocuk Doktoru Arma\u011fan O\u011fuz\u2019un cevab\u0131:( Bebekler bu aylar\u0131nda hava s\u0131cakl\u0131\u011f\u0131n\u0131n de\u011fi\u015fimine kilosuna da ba\u011fl\u0131 olarak de\u011fi\u015fen oranlarla 200-300 cc kadar su almal\u0131d\u0131r. Bebe\u011finizin suyu &#8216;su&#8217; olarak tan\u0131mas\u0131 \u00f6nemlidir. Ama bebek kabul etmedi\u011finde zorlamamak ve di\u011fer g\u0131dalar\u0131n; \u00f6rne\u011fin \u00e7orbas\u0131, mama al\u0131yorsa mamas\u0131 veya di\u011fer ek g\u0131dalar\u0131n\u0131n i\u00e7erisine kar\u0131\u015ft\u0131r\u0131larak verilmesi de uygundur. Su vermenin y\u00f6ntemini ve \u015feklini de\u011fi\u015ftirebilrisiniz.)<\/strong><\/p>\n<p><span style=\"color:#A52A2A;\"><strong>Sual: <\/strong><\/span>20 g\u00fcnl\u00fck bebe\u011fime anne s\u00fct\u00fc yetmedi\u011fi i\u00e7in aptamil 1 veriyorum.\u00f6nce anne s\u00fct\u00fc al\u0131yor ard\u0131ndan mama yiyor. Bu durumda mama yedi\u011fi i\u00e7in su vermeli miyim?E\u011fer vermeliysem ne kadar i\u00e7irmeliyim?<\/p>\n<p><span style=\"color:#000080;\"><strong>CEVAP<\/strong><\/span><\/p>\n<p>\u00c7ocuk Doktoru Osman Ya\u011fmur\u2019un cevab\u0131:( Suya gerek yok)<\/p>\n<p><span style=\"color:#A52A2A;\"><strong>Sual: <\/strong><\/span>O\u011flum 6 ay\u0131n\u0131 bitirdi.ek g\u0131dalara ge\u00e7tik acaba g\u00fcnde ne kadar su i\u00e7meli suyu i\u00e7mek istemiyor veriyorum p\u00fcsk\u00fcrt\u00fcyor su i\u00e7meye nas\u0131l al\u0131\u015facak ayn\u0131 zamanda \u00e7ok terleyende bir \u00e7ocuk<\/p>\n<p><span style=\"color:#000080;\"><strong>CEVAP<\/strong><\/span><\/p>\n<p>\u00c7ocuk Doktoru Seydi Battal G\u00f6lgeli\u2019nin cevab\u0131:(Susuzluk \u00e7ok g\u00fc\u00e7l\u00fc bir duygudur.O\u011flunuz susam\u0131\u015f olsa dayanamaz i\u00e7er.Su i\u00e7mek istemiyorsa ihtiyac\u0131 yok demektir.L\u00fctfen su i\u00e7irmek i\u00e7in zorlamay\u0131n.)<\/p>\n<p><strong>Not:<\/strong> Makalede ge\u00e7en soru cevaplar doktorsitesi ve pediatriportal\u0131 web sitelerinden al\u0131nm\u0131\u015ft\u0131r. Cevaplar \u015fah\u0131slara m\u00fcnhas\u0131rd\u0131r.<\/p>\n","protected":false},"excerpt":{"rendered":"<p>Su, insanlar olarak hayatta kalabilmemiz i\u00e7in oksijenden sonra gelen en \u00f6nemli maddedir. Yemek yemeden haftalarca, ancak susuz kal\u0131rsak yaln\u0131zca birka\u00e7 g\u00fcn ya\u015fayabiliriz. Annelerin en \u00e7ok merak etti\u011fi suallerden biri de \u201cbebekler ne kadar su i\u00e7meli? Su, insanlar olarak hayatta kalabilmemiz i\u00e7in oksijenden sonra gelen en \u00f6nemli maddedir. Yemek yemeden haftalarca, ancak susuz kal\u0131rsak yaln\u0131zca birka\u00e7 [&hellip;]<\/p>\n","protected":false},"author":30,"featured_media":44524,"comment_status":"closed","ping_status":"open","sticky":false,"template":"","format":"standard","meta":{"rank_math_lock_modified_date":false,"footnotes":""},"categories":[111],"tags":[27104,4049,35061,35059,35060],"class_list":["post-44525","post","type-post","status-publish","format-standard","has-post-thumbnail","hentry","category-anne-cocuk","tag-anne-sutu-ve-su","tag-bebek-beslenmesi","tag-bebek-su-tuketimi","tag-bebeklerde-su-ihtiyaci","tag-bebeklere-su-verme"],"_links":{"self":[{"href":"https:\/\/www.tgrthaber.com\/mavikadin\/wp-json\/wp\/v2\/posts\/44525"}],"collection":[{"href":"https:\/\/www.tgrthaber.com\/mavikadin\/wp-json\/wp\/v2\/posts"}],"about":[{"href":"https:\/\/www.tgrthaber.com\/mavikadin\/wp-json\/wp\/v2\/types\/post"}],"author":[{"embeddable":true,"href":"https:\/\/www.tgrthaber.com\/mavikadin\/wp-json\/wp\/v2\/users\/30"}],"replies":[{"embeddable":true,"href":"https:\/\/www.tgrthaber.com\/mavikadin\/wp-json\/wp\/v2\/comments?post=44525"}],"version-history":[{"count":1,"href":"https:\/\/www.tgrthaber.com\/mavikadin\/wp-json\/wp\/v2\/posts\/44525\/revisions"}],"predecessor-version":[{"id":44526,"href":"https:\/\/www.tgrthaber.com\/mavikadin\/wp-json\/wp\/v2\/posts\/44525\/revisions\/44526"}],"wp:featuredmedia":[{"embeddable":true,"href":"https:\/\/www.tgrthaber.com\/mavikadin\/wp-json\/wp\/v2\/media\/44524"}],"wp:attachment":[{"href":"https:\/\/www.tgrthaber.com\/mavikadin\/wp-json\/wp\/v2\/media?parent=44525"}],"wp:term":[{"taxonomy":"category","embeddable":true,"href":"https:\/\/www.tgrthaber.com\/mavikadin\/wp-json\/wp\/v2\/categories?post=44525"},{"taxonomy":"post_tag","embeddable":true,"href":"https:\/\/www.tgrthaber.com\/mavikadin\/wp-json\/wp\/v2\/tags?post=44525"}],"curies":[{"name":"wp","href":"https:\/\/api.w.org\/{rel}","templated":true}]}}