{"id":46019,"date":"2021-02-04T00:16:06","date_gmt":"2021-02-03T21:16:06","guid":{"rendered":"https:\/\/new.mavikadin.com\/?p=46019"},"modified":"2024-09-16T11:34:07","modified_gmt":"2024-09-16T08:34:07","slug":"bebegin-kulaginin-agridigini-nasil-anlariz-nasil-gecer","status":"publish","type":"post","link":"https:\/\/www.tgrthaber.com\/mavikadin\/bebegin-kulaginin-agridigini-nasil-anlariz-nasil-gecer\/","title":{"rendered":"Bebe\u011fin Kula\u011f\u0131n\u0131n A\u011fr\u0131d\u0131\u011f\u0131n\u0131 Nas\u0131l Anlar\u0131z Nas\u0131l Ge\u00e7er"},"content":{"rendered":"<p>Bebe\u011finiz daha konu\u015fmaya ba\u015flamad\u0131ysa ve kula\u011f\u0131 a\u011fr\u0131yorsa bunun fark\u0131na varman\u0131z zor olabilir. Peki, bebekte kulak a\u011fr\u0131s\u0131 var m\u0131 yok mu? Bunu nas\u0131l anlayabilirsiniz? Bebekler konu\u015fmay\u0131 \u00f6\u011frenene kadar her ihtiyac\u0131n\u0131 a\u011flayarak bildirir.<\/p>\n<p>Bebe\u011finiz daha konu\u015fmaya ba\u015flamad\u0131ysa ve kula\u011f\u0131 a\u011fr\u0131yorsa bunun fark\u0131na varman\u0131z zor olabilir. Peki, bebekte kulak a\u011fr\u0131s\u0131 var m\u0131 yok mu? Bunu nas\u0131l anlayabilirsiniz? Bebekler konu\u015fmay\u0131 \u00f6\u011frenene kadar her ihtiyac\u0131n\u0131 a\u011flayarak bildirir. Bebeklerde kulak a\u011fr\u0131s\u0131n\u0131n ana belirtilerinden biri bebe\u011fin sebepsiz yere a\u011flamas\u0131d\u0131r.<\/p>\n<p><span style=\"color:#A52A2A;\"><span style=\"font-size:18px;\"><u><strong>Bebeklerde Kulak A\u011fr\u0131s\u0131 Hangi Belirtilere Neden Olur?<\/strong><\/u><\/span><\/span><\/p>\n<ol>\n<li>Bebe\u011finiz kendini konu\u015farak ifade edebilece\u011fi kadar b\u00fcy\u00fcmediyse kula\u011f\u0131n\u0131n a\u011fr\u0131y\u0131p a\u011fr\u0131mad\u0131\u011f\u0131n\u0131 ge\u00e7 fark edebilirsiniz. Fakat onun baz\u0131 davran\u0131\u015flar\u0131 size bu noktada ipucu verecektir. Bebeklerde kulak a\u011fr\u0131s\u0131 belirtileri \u015f\u00f6yle s\u0131ralanabilir:<\/li>\n<li><strong>Kula\u011f\u0131nda a\u011fr\u0131 hisseden bebek devaml\u0131 a\u011flar. Hi\u00e7 keyfi olmaz, s\u00fcrekli m\u0131zm\u0131zlan\u0131r. Yeme\u011fini yemi\u015f, <a href=\"https:\/\/www.mavikadin.com\/gaz-cikaramiyorum-gaz-cikaramamanin-nedenleri-ve-tedavisi\" target=\"_blank\" rel=\"noopener\">gaz<\/a>\u0131 \u00e7\u0131kar\u0131lm\u0131\u015f olsa bile yine de a\u011flamas\u0131 durmaz. Bunlar\u0131n alt\u0131nda ba\u015fka bir sebep de yat\u0131yor olabilir fakat kulak a\u011fr\u0131s\u0131 ihtimalini de g\u00f6zard\u0131 etmemelidir.<\/strong><\/li>\n<li>Bebe\u011finizin kula\u011f\u0131 a\u011fr\u0131yorsa eli hep kula\u011f\u0131nda olacak, kula\u011f\u0131n\u0131 \u00e7eki\u015ftirerek rahats\u0131zl\u0131\u011f\u0131n\u0131 belli edecektir.<\/li>\n<li><strong>Huzursuzlanaca\u011f\u0131 i\u00e7in ayaklar\u0131yla oray\u0131 buray\u0131 tekmeleyecektir.<\/strong><\/li>\n<\/ol>\n<p><span style=\"color:#000000;\"><span style=\"font-size:16px;\"><strong>\u015eunlar da bebe\u011fin kula\u011f\u0131nda bir rahats\u0131zl\u0131k oldu\u011funu haber veriyor olabilir:<\/strong><\/span><\/span><\/p>\n<ol>\n<li>Ate\u015f<\/li>\n<li><strong>Kula\u011f\u0131n\u0131n \u00fcst\u00fcne yatamamas\u0131<\/strong><\/li>\n<li>Kula\u011f\u0131na dokunmaya \u00e7al\u0131\u015f\u0131rken zorlanmas\u0131 ve a\u011flamas\u0131<\/li>\n<li><strong><a href=\"https:\/\/www.mavikadin.com\/kulak-neden-kanar-kulagim-kanadi-kulak-ici-zari-kanamasi\" target=\"_blank\" rel=\"noopener\">Kulak<\/a>ta ak\u0131nt\u0131<\/strong><\/li>\n<li>Uykusuzluk<\/li>\n<li><strong>Mide bulant\u0131s\u0131<\/strong><\/li>\n<li>Denge kayb\u0131<\/li>\n<\/ol>\n<p>Bebe\u011finizde bu durumlar\u0131 g\u00f6zlemliyorsan\u0131z b\u00fcy\u00fck ihtimalle kulak a\u011fr\u0131s\u0131 mevcut demektir. Ayr\u0131ca parma\u011f\u0131n\u0131zla kula\u011f\u0131n\u0131n \u00f6n taraf\u0131na yava\u015f\u00e7a bast\u0131r\u0131p b\u0131rakarak ne tepki verdi\u011fine bakmal\u0131s\u0131n\u0131z. E\u011fer ac\u0131 \u00e7ekiyor ve birden a\u011flamaya ba\u015fl\u0131yorsa kulak a\u011fr\u0131s\u0131n\u0131n varl\u0131\u011f\u0131ndan s\u00f6z edilebilir.<\/p>\n<p><span style=\"color:#A52A2A;\"><span style=\"font-size:18px;\"><u><strong>Bebeklerde Kulak A\u011fr\u0131s\u0131 Neden Olur?<\/strong><\/u><\/span><\/span><\/p>\n<p><span style=\"color:#000080;\"><u><span style=\"font-size:16px;\"><strong>Orta Kulak \u0130ltihab\u0131<\/strong><\/span><\/u><\/span><\/p>\n<p>Neredeyse 3 ya\u015f\u0131na gelen t\u00fcm \u00e7ocuklar bir defa orta kulak iltihab\u0131yla kar\u015f\u0131la\u015fm\u0131\u015flard\u0131r. Orta kulakta meydana gelen iltihap, kulak ak\u0131nt\u0131s\u0131na sebebiyet verir. Bu; yalanc\u0131 emzik kullanmak, yeteri kadar emzirmemek, bebe\u011fin bulundu\u011fu ortamda sigara i\u00e7mek gibi fakt\u00f6rler nedeniyle geli\u015febilir.<\/p>\n<p><span style=\"color:#000080;\"><u><span style=\"font-size:16px;\"><strong>Kula\u011fa Su Ka\u00e7mas\u0131<\/strong><\/span><\/u><\/span><\/p>\n<p>Bebe\u011fin kula\u011f\u0131na herhangi bir nedenle su ka\u00e7t\u0131ysa (\u00f6rne\u011fin banyosu uzun s\u00fcrd\u00fcyse) kulakta enfeksiyon g\u00f6r\u00fclebilir. Bu da kulak ak\u0131nt\u0131s\u0131n\u0131 beraberinde getirir.<\/p>\n<p><span style=\"color:#000080;\"><u><span style=\"font-size:16px;\"><strong>Di\u015f \u00c7\u0131karma<\/strong><\/span><\/u><\/span><\/p>\n<p>Bebekler s\u00fct di\u015flerini \u00e7\u0131kard\u0131\u011f\u0131 d\u00f6nemde kulak a\u011fr\u0131s\u0131yla s\u0131k kar\u015f\u0131la\u015f\u0131r. Di\u015f a\u011fr\u0131s\u0131 kula\u011f\u0131na vurabilir ve bunun sonucunda bebe\u011fin s\u00fcrekli kula\u011f\u0131n\u0131 \u00e7eki\u015ftirdi\u011fi g\u00f6zlemlenir. Buna istinaden ebeveynler kulak enfeksiyonundan \u015f\u00fcphelenir. Oysa bu, di\u015f a\u011fr\u0131s\u0131n\u0131n kulaklara yans\u0131mas\u0131d\u0131r.<\/p>\n<p><span style=\"color:#000080;\"><u><span style=\"font-size:16px;\"><strong>So\u011fuk Alg\u0131nl\u0131\u011f\u0131<\/strong><\/span><\/u><\/span><\/p>\n<p>Bebeklerde kulak a\u011fr\u0131s\u0131 sorununun en s\u0131k kar\u015f\u0131la\u015f\u0131lan nedenlerinden biri so\u011fuk alg\u0131nl\u0131\u011f\u0131d\u0131r.Onlar\u0131n n\u00e2rin v\u00fccudu so\u011fuktan kolayca etkilenir ve \u00e7abucak hastalanabilirler. Buna ba\u011fl\u0131 olarak bo\u011fazda enfeksiyon meydana gelir. Bo\u011faz enfeksiyonu ise direkt &#8216;orta kulak&#8217; dedi\u011fimiz b\u00f6lgenin zarar g\u00f6rmesine yol a\u00e7abilir. \u0130\u015fte bebeklerdeki kulak a\u011fr\u0131s\u0131n\u0131n bir sebebi de budur.<\/p>\n<p><span style=\"color:#000080;\"><u><span style=\"font-size:16px;\"><strong>Kula\u011fa Yabanc\u0131 Bir Cisim Ka\u00e7mas\u0131<\/strong><\/span><\/u><\/span><\/p>\n<p>Bebe\u011finiz d\u00fc\u011fme, nohut, boncuk, mercimek, bezelye gibi \u015feyleri yahut oyuncaklar\u0131n k\u00fc\u00e7\u00fck par\u00e7alar\u0131n\u0131 kula\u011f\u0131na g\u00f6t\u00fcr\u00fcrse i\u00e7eri ka\u00e7\u0131rabilir. Bunun sonucunda ise kulakta ak\u0131nt\u0131 ve a\u011fr\u0131 g\u00f6r\u00fcl\u00fcr. B\u00f6yle bir \u015fey olursa yapman\u0131z gereken \u015fey onu derhal bir KBB uzman\u0131na muayene ettirmektir.<\/p>\n<p><span style=\"color:#000080;\"><u><span style=\"font-size:16px;\"><strong>U\u00e7ak Yolculuklar\u0131<\/strong><\/span><\/u><\/span><\/p>\n<p><a href=\"https:\/\/www.mavikadin.com\/ucakta-kulak-agrisina-kulak-tikanmasina-ne-iyi-gelir-tedavisi\" target=\"_blank\" rel=\"noopener\">U\u00e7ak<\/a> seyahatinin ini\u015f ve kalk\u0131\u015f a\u015famas\u0131nda kabin i\u00e7i bas\u0131n\u00e7 farkl\u0131l\u0131klar\u0131 ortaya \u00e7\u0131kar. Bu da \u00e7ocuklarda kulak a\u011fr\u0131s\u0131 yapabilir. Onun i\u00e7in \u00e7ocu\u011funuzun u\u00e7a\u011fa binmeden evvel bir a\u011fr\u0131 kesici i\u00e7mesi faydal\u0131 olacakt\u0131r. Fakat bunu doktorunuzun onay\u0131n\u0131 ald\u0131ktan sonra vermeniz gerekir. Bebe\u011finizle u\u00e7a\u011fa binecekseniz yolculuktan \u00f6nce emzirmeniz tavsiye edilir. \u00c7ocu\u011funuz daha b\u00fcy\u00fck ya\u015flardaysa sak\u0131z \u00e7i\u011fnemesi veya bir \u015feyler i\u00e7mesi \u00f6nerilir. B\u00f6ylece kulak a\u011fr\u0131s\u0131 ya\u015famayacaklard\u0131r.<\/p>\n<p><span style=\"color:#A52A2A;\"><span style=\"font-size:18px;\"><u><strong>Bebeklerde Kulak A\u011fr\u0131s\u0131 Nas\u0131l Ge\u00e7er?<\/strong><\/u><\/span><\/span><\/p>\n<p>Bunun i\u00e7in ilk olarak doktora dan\u0131\u015f\u0131lmal\u0131d\u0131r. Bebeklerde kulak a\u011fr\u0131s\u0131 tedavisi i\u00e7in doktorunuz size bir damla re\u00e7ete edecektir. Onu kullanmak sorunun \u00fcstesinden gelmenizi sa\u011flayacakt\u0131r.<\/p>\n<p><span style=\"color:#000080;\"><u><span style=\"font-size:16px;\"><strong>Sa\u00e7 Kurutma Makinesi<\/strong><\/span><\/u><\/span><\/p>\n<p>A\u011fr\u0131yan b\u00f6lgeye kurutma makinesi ile s\u0131cak hava uygulamak problemin giderilmesine yard\u0131mc\u0131d\u0131r. Cihaz\u0131 d\u00fc\u015f\u00fck h\u0131za ayarlayarak bebe\u011finizin kula\u011f\u0131na 20-30 cm mesafeden tutman\u0131z a\u011fr\u0131s\u0131n\u0131n hafiflemesine katk\u0131da bulunacakt\u0131r.&nbsp;<\/p>\n<p><span style=\"color:#000080;\"><u><span style=\"font-size:16px;\"><strong>S\u0131cak Kompres<\/strong><\/span><\/u><\/span><\/p>\n<p>Bebekte kulak a\u011fr\u0131s\u0131ma \u00e7\u00f6z\u00fcm olan \u015feylerin ba\u015f\u0131nda s\u0131cak uygulamak gelir. Kurutma makinesine alternatif bir y\u00f6ntem de; s\u0131cak su torbas\u0131na biraz s\u0131cak su doldurup 10-15 dakika boyunca bebe\u011fin kula\u011f\u0131na tutmakt\u0131r. Bunu da hekiminize sormadan yapmaman\u0131z l\u00e2z\u0131md\u0131r. Ayr\u0131ca suyun a\u015f\u0131r\u0131 s\u0131cak olmamas\u0131na \u00f6zen g\u00f6sterilmelidir. S\u0131cak su torbas\u0131 mevcut de\u011filse temiz bir atlet \u00fct\u00fclenir ve bu kullan\u0131l\u0131r. A\u011fr\u0131y\u0131 azaltacakt\u0131r.<\/p>\n<p><span style=\"color:#000080;\"><u><span style=\"font-size:16px;\"><strong>Zeytinya\u011f\u0131<\/strong><\/span><\/u><\/span><\/p>\n<p>Kula\u011f\u0131 a\u011fr\u0131yan bir bebe\u011fe iyi gelecek \u015feylerden biri de zeytinya\u011f\u0131d\u0131r. Bu ya\u011f\u0131n 1 damlas\u0131 bile a\u011fr\u0131n\u0131n dindirilmesine destek olacakt\u0131r.<\/p>\n<p><span style=\"color:#000080;\"><u><span style=\"font-size:16px;\"><strong>A\u011fr\u0131 Kesici ila\u00e7 Kullan\u0131m\u0131<\/strong><\/span><\/u><\/span><\/p>\n<p>Doktorunuzla g\u00f6r\u00fc\u015ferek eczaneden bir a\u011fr\u0131 kesici \u015furup alabilir ve bebe\u011finize verebilirsiniz. Bu da a\u011fr\u0131dan kurtulmas\u0131na yard\u0131m edecektir.<\/p>\n<p><span style=\"color:#000080;\"><u><span style=\"font-size:16px;\"><strong>Anne S\u00fct\u00fc Damlat\u0131n<\/strong><\/span><\/u><\/span><\/p>\n<p>Anne s\u00fct\u00fc bebeklerdeki kulak a\u011fr\u0131s\u0131na \u015fifal\u0131 olabilir. Bu uygulama i\u00e7in \u00f6nce bebe\u011fin kula\u011f\u0131 pamuklu bir bez ile hafif\u00e7e silinir. Hangi kula\u011f\u0131 a\u011fr\u0131yorsa oraya 2 damla anne s\u00fct\u00fc damlat\u0131l\u0131r. (Tabii e\u011fer doktorun da buna m\u00fcsaadesi varsa uygulanabilir.)<\/p>\n","protected":false},"excerpt":{"rendered":"<p>Bebe\u011finiz daha konu\u015fmaya ba\u015flamad\u0131ysa ve kula\u011f\u0131 a\u011fr\u0131yorsa bunun fark\u0131na varman\u0131z zor olabilir. Peki, bebekte kulak a\u011fr\u0131s\u0131 var m\u0131 yok mu? Bunu nas\u0131l anlayabilirsiniz? Bebekler konu\u015fmay\u0131 \u00f6\u011frenene kadar her ihtiyac\u0131n\u0131 a\u011flayarak bildirir. Bebe\u011finiz daha konu\u015fmaya ba\u015flamad\u0131ysa ve kula\u011f\u0131 a\u011fr\u0131yorsa bunun fark\u0131na varman\u0131z zor olabilir. Peki, bebekte kulak a\u011fr\u0131s\u0131 var m\u0131 yok mu? Bunu nas\u0131l anlayabilirsiniz? Bebekler [&hellip;]<\/p>\n","protected":false},"author":30,"featured_media":46018,"comment_status":"closed","ping_status":"open","sticky":false,"template":"","format":"standard","meta":{"rank_math_lock_modified_date":false,"footnotes":""},"categories":[111],"tags":[32985,5881,26843,36494,35345],"class_list":["post-46019","post","type-post","status-publish","format-standard","has-post-thumbnail","hentry","category-anne-cocuk","tag-bebek-kulak-agrisi","tag-bebek-sagligi","tag-cocuk-sagligi","tag-kulak-agrisi-nedenleri","tag-kulak-enfeksiyonu"],"_links":{"self":[{"href":"https:\/\/www.tgrthaber.com\/mavikadin\/wp-json\/wp\/v2\/posts\/46019"}],"collection":[{"href":"https:\/\/www.tgrthaber.com\/mavikadin\/wp-json\/wp\/v2\/posts"}],"about":[{"href":"https:\/\/www.tgrthaber.com\/mavikadin\/wp-json\/wp\/v2\/types\/post"}],"author":[{"embeddable":true,"href":"https:\/\/www.tgrthaber.com\/mavikadin\/wp-json\/wp\/v2\/users\/30"}],"replies":[{"embeddable":true,"href":"https:\/\/www.tgrthaber.com\/mavikadin\/wp-json\/wp\/v2\/comments?post=46019"}],"version-history":[{"count":1,"href":"https:\/\/www.tgrthaber.com\/mavikadin\/wp-json\/wp\/v2\/posts\/46019\/revisions"}],"predecessor-version":[{"id":46020,"href":"https:\/\/www.tgrthaber.com\/mavikadin\/wp-json\/wp\/v2\/posts\/46019\/revisions\/46020"}],"wp:featuredmedia":[{"embeddable":true,"href":"https:\/\/www.tgrthaber.com\/mavikadin\/wp-json\/wp\/v2\/media\/46018"}],"wp:attachment":[{"href":"https:\/\/www.tgrthaber.com\/mavikadin\/wp-json\/wp\/v2\/media?parent=46019"}],"wp:term":[{"taxonomy":"category","embeddable":true,"href":"https:\/\/www.tgrthaber.com\/mavikadin\/wp-json\/wp\/v2\/categories?post=46019"},{"taxonomy":"post_tag","embeddable":true,"href":"https:\/\/www.tgrthaber.com\/mavikadin\/wp-json\/wp\/v2\/tags?post=46019"}],"curies":[{"name":"wp","href":"https:\/\/api.w.org\/{rel}","templated":true}]}}