{"id":46046,"date":"2021-02-14T17:22:28","date_gmt":"2021-02-14T14:22:28","guid":{"rendered":"https:\/\/new.mavikadin.com\/?p=46046"},"modified":"2024-09-16T11:34:37","modified_gmt":"2024-09-16T08:34:37","slug":"cocuklarda-bacak-agrisi-hangi-bolum-hangi-doktor-bakar","status":"publish","type":"post","link":"https:\/\/www.tgrthaber.com\/mavikadin\/cocuklarda-bacak-agrisi-hangi-bolum-hangi-doktor-bakar\/","title":{"rendered":"\u00c7o\u00e7uklarda Bacak A\u011fr\u0131s\u0131 Hangi B\u00f6l\u00fcm Hangi Doktor Bakar"},"content":{"rendered":"<p>Bacaklarda a\u011fr\u0131 yaln\u0131zca yeti\u015fkinlerin kar\u015f\u0131la\u015ft\u0131\u011f\u0131 bir sorun de\u011fildir. \u00c7ocuklarda bacak a\u011fr\u0131s\u0131 da k\u00fc\u00e7\u00fck ya\u015flardan itibaren ba\u015flayabilmektedir. \u00c7ocuklarda bacak a\u011fr\u0131s\u0131n\u0131n ekseriyetle \u00e2ni bir hareket yapmalar\u0131ndan, bir yere \u00e7arpmalar\u0131ndan veya d\u00fc\u015fme<\/p>\n<p>Bacaklarda a\u011fr\u0131 yaln\u0131zca yeti\u015fkinlerin kar\u015f\u0131la\u015ft\u0131\u011f\u0131 bir sorun de\u011fildir. \u00c7ocuklarda bacak a\u011fr\u0131s\u0131 da k\u00fc\u00e7\u00fck ya\u015flardan itibaren ba\u015flayabilmektedir. \u00c7ocuklarda bacak a\u011fr\u0131s\u0131n\u0131n ekseriyetle \u00e2ni bir hareket yapmalar\u0131ndan, bir yere \u00e7arpmalar\u0131ndan veya d\u00fc\u015fmelerinden kaynakland\u0131\u011f\u0131 zannedilir. Ancak bu a\u011fr\u0131 ba\u015fka bir problemin de habercisi olabilir.<\/p>\n<p><span style=\"color:#A52A2A;\"><span style=\"font-size:18px;\"><u><strong>\u00c7ocuklarda Bacak A\u011fr\u0131s\u0131 Nedenleri Nelerdir?<\/strong><\/u><\/span><\/span><\/p>\n<p><span style=\"color:#4B0082;\"><u><span style=\"font-size:16px;\"><strong>B\u00fcy\u00fcme A\u011fr\u0131s\u0131<\/strong><\/span><\/u><\/span><\/p>\n<p><strong>3-12 ya\u015f grubundaki \u00e7ocuklar genelde ak\u015fam saatlerinde veya geceleyin bacaklar\u0131nda a\u011fr\u0131-s\u0131z\u0131 hissetti\u011finden yak\u0131n\u0131r. Alt\u0131nda farkl\u0131 bir rahats\u0131zl\u0131k yoksa bu, \u00e7ocuklar\u0131n b\u00fcy\u00fcmekte oldu\u011funu g\u00f6sterir. B\u00fcy\u00fcme a\u011fr\u0131lar\u0131 \u00e7o\u011fu zaman gece vakti ortaya \u00e7\u0131kar.<\/strong> Bu tarz a\u011fr\u0131lar derinden hissedilir, kramp \u015feklindedir. A\u011fr\u0131 baca\u011f\u0131n \u00f6n k\u0131sm\u0131nda, bald\u0131rlarda ve bacaklar\u0131n i\u00e7 taraf\u0131nda daha yo\u011fundur. Bazen tek bacakta g\u00f6r\u00fclse de s\u0131kl\u0131kla iki bacakta meydana gelir. Kal\u00e7ada, bel b\u00f6lgesinde ve g\u00f6vdenin \u00fcst b\u00f6l\u00fcm\u00fcnde de olu\u015fur fakat bu nadirdir. Ak\u015fam olunca kendini g\u00f6steren bu a\u011fr\u0131lar gece boyu s\u00fcrebilir. Hatta \u00e7ocu\u011fun uykusunu b\u00f6lecek derecede \u015fiddetli olabilir. Sabahleyin ge\u00e7er ve ak\u015fam olana kadar rahats\u0131z etmez.<\/p>\n<p><span style=\"color:#4B0082;\"><u><span style=\"font-size:16px;\"><strong>L\u00f6semi (Kan Kanseri)<\/strong><\/span><\/u><\/span><\/p>\n<p><strong>\u00c7ocuklarda bacak a\u011fr\u0131s\u0131n\u0131n nedeni kanser de olabilir.L\u00f6semi hastas\u0131 olanlar\u0131n %25&#8217;i kol ya da bacak a\u011fr\u0131s\u0131yla kar\u015f\u0131la\u015fmaktad\u0131r. Bu \u015fik\u00e2yet romatizmal hastal\u0131k veya b\u00fcy\u00fcme a\u011fr\u0131s\u0131 ile kar\u0131\u015ft\u0131r\u0131ld\u0131\u011f\u0131 i\u00e7in ge\u00e7 tespit edilebilir. <\/strong>\u00c7ocuklarda bacak a\u011fr\u0131s\u0131n\u0131n sebepleri artrit, dola\u015f\u0131m sistemi rahats\u0131zl\u0131klar\u0131, kemik t\u00fcm\u00f6rleri, romatizmal eklem hastal\u0131klar\u0131 da olabilir. \u00c7ocuk devaml\u0131 bacak a\u011fr\u0131s\u0131ndan muzdaripse b\u00fcy\u00fcme a\u011fr\u0131s\u0131 \u015feklinde yorumlay\u0131p doktora g\u00f6t\u00fcrmeyi ihmal etmemelidir.<\/p>\n<p><span style=\"color:#4B0082;\"><u><span style=\"font-size:16px;\"><strong>Romatizma<\/strong><\/span><\/u><\/span><\/p>\n<p>Romatizma hastal\u0131\u011f\u0131 da \u00e7ocukta bacak a\u011fr\u0131s\u0131 yapabilir.Romatizman\u0131n hep ihtiyarl\u0131kta ortaya \u00e7\u0131kt\u0131\u011f\u0131 d\u00fc\u015f\u00fcn\u00fcl\u00fcr. Halbuki bu hastal\u0131k \u00e7ocuklukta da g\u00f6zlemlenebilir. K\u00fc\u00e7\u00fck ya\u015fta romatizma olmas\u0131 da m\u00fcmk\u00fcnd\u00fcr. Tedavide ila\u00e7lardan ve egzersizlerden faydalan\u0131l\u0131r.<\/p>\n<p><span style=\"color:#4B0082;\"><u><span style=\"font-size:16px;\"><strong>Kas A\u011fr\u0131s\u0131<\/strong><\/span><\/u><\/span><\/p>\n<p>\u00c7ocuklarda s\u0131k s\u0131k bacak a\u011fr\u0131s\u0131 g\u00f6r\u00fclmesi \u00e7ocu\u011fun \u00e7ok hareket etmesi veya spor yapmas\u0131ndan da kaynaklanabilir. \u00d6rne\u011fin \u00e7ocuk s\u00fcrekli z\u0131pl\u0131yor veya ko\u015fuyorsa kaslar yorulur ve bacaklar\u0131 a\u011fr\u0131r. Bu t\u00fcr a\u011fr\u0131lar birka\u00e7 saat veya 7 g\u00fcne kadar s\u00fcrebilir. <a href=\"https:\/\/www.mavikadin.com\/kas-agrisi-neden-olur-belirtileri-kas-gerilmesi-tutulmasi-nasil-gecer\" target=\"_blank\" rel=\"noopener\">Kas a\u011fr\u0131s\u0131<\/a>, bir g\u00fcn \u00f6nce meydana gelen unutulmu\u015f bir yaralanmadan da kaynaklanabilir.<\/p>\n<p><span style=\"color:#4B0082;\"><u><span style=\"font-size:16px;\"><strong>Kas Kramplar\u0131<\/strong><\/span><\/u><\/span><\/p>\n<p>K\u0131sa s\u00fcreli a\u011fr\u0131lar (1 ila 15 dakika) genellikle kas spazmlar\u0131ndan (kramplar) kaynaklan\u0131r. Ayak veya bald\u0131r kaslar\u0131nda spor veya hareket s\u0131ras\u0131nda kramp g\u00f6r\u00fclebilir. Ayak veya bacak kramplar\u0131 da \u00e7ocu\u011funuzu uykudan uyand\u0131rabilecek \u015fiddette a\u011fr\u0131ya yol a\u00e7abilir.<\/p>\n<p><span style=\"color:#4B0082;\"><u><span style=\"font-size:16px;\"><strong>D\u00fc\u015f\u00fck Kalsiyum Seviyesi<\/strong><\/span><\/u><\/span><\/p>\n<p>D\u00fc\u015f\u00fck <a href=\"https:\/\/www.mavikadin.com\/kanda-kalsiyum-dusuklugu-neden-olur-nasil-yukseltilir\" target=\"_blank\" rel=\"noopener\">kalsiyum<\/a> ve D vitamini seviyeleri de \u00e7ocuklarda eklem, bacak ve kemik a\u011fr\u0131lar\u0131na neden olabilir. A\u011fr\u0131 \u00e7o\u011funlukla bacaklarda ve kaburgalarda g\u00f6r\u00fcl\u00fcr.<\/p>\n<p><span style=\"color:#4B0082;\"><u><span style=\"font-size:16px;\"><strong>Enfeksiyon<\/strong><\/span><\/u><\/span><\/p>\n<p>Enfeksiyonlar\u0131n da \u00e7ocuklarda bacak a\u011fr\u0131s\u0131na neden oldu\u011fu bilinmektedir. Apse ve sel\u00fclit (cilt ve \u00e7evresindeki dokularda enfeksiyon) a\u011fr\u0131ya neden olabilir . Osteomiyelit (kemik enfeksiyonu) nadir g\u00f6r\u00fclen ve daha ciddi bir durumdur.<\/p>\n<p><span style=\"color:#A52A2A;\"><span style=\"font-size:18px;\"><u><strong>\u00c7ocuklarda Bacak A\u011fr\u0131s\u0131n\u0131n Di\u011fer Nedenleri<\/strong><\/u><\/span><\/span><\/p>\n<ol>\n<li>Bursit (bir eklemi yast\u0131klayan bursa kesesinin iltihab\u0131)<\/li>\n<li><strong>Juvenil ankilozan spondilit (omurgan\u0131n omurlar\u0131 aras\u0131ndaki eklem iltihab\u0131)<\/strong><\/li>\n<li>Juvenil romatoid artrit (eklem iltihab\u0131 ile karakterize kronik otoimm\u00fcn hastal\u0131k)<\/li>\n<li><strong>Legg-Calve-Perthes hastal\u0131\u011f\u0131 (uyluk kemi\u011fine kan ak\u0131\u015f\u0131nda aksama)<\/strong><\/li>\n<li>Psoriatik artrit ( ciltte sedef hastal\u0131\u011f\u0131 ile ili\u015fkili artrit )<\/li>\n<li><strong><a href=\"https:\/\/www.mavikadin.com\/selulit-hastaligi-deri-alti-enfeksiyonu-selulit-nasil-gecer-bitkisel-tedavi\" target=\"_blank\" rel=\"noopener\">Sel\u00fclit <\/a>(deri ve deri alt\u0131 doku enfeksiyonu)<\/strong><\/li>\n<li>Osteomiyelit (kemik enfeksiyonu)<\/li>\n<li><strong>Septik artrit (bula\u015f\u0131c\u0131 artrit)<\/strong><\/li>\n<li>Shin atelleri (kaval kemi\u011fi boyunca a\u015f\u0131r\u0131 kuvvet veya stresten kaynaklanan a\u011fr\u0131)<\/li>\n<li><strong>Burkulma<\/strong><\/li>\n<li>Bacak kemi\u011finde k\u0131r\u0131k<\/li>\n<li><strong>Sistemik lupus eritematozus (Bu hastal\u0131kta ba\u011f\u0131\u015f\u0131kl\u0131k sistemi kendi dokular\u0131n\u0131 ve h\u00fccrelerini d\u00fc\u015fman gibi alg\u0131lay\u0131p onlar\u0131 tahrip eder.)<\/strong><\/li>\n<\/ol>\n<p><span style=\"color:#A52A2A;\"><span style=\"font-size:18px;\"><u><strong>\u00c7ocuklarda Bacak A\u011fr\u0131s\u0131 \u0130\u00e7in Hangi Doktora Gidilir ve Nas\u0131l Ge\u00e7er?<\/strong><\/u><\/span><\/span><\/p>\n<p>Ortopedi uzman\u0131na muayene olunmal\u0131d\u0131r. \u00c7ocuklarda bacak a\u011fr\u0131s\u0131 tedavisi i\u00e7in nedenini belirlemek gerekir. Bu ise fiziksel muayene ve r\u00f6ntgen ile anla\u015f\u0131l\u0131r. Tedavide a\u011fr\u0131 kesici ila\u00e7 re\u00e7ete edilir. Al\u00e7\u0131 kullanmas\u0131 veya fizik tedaviye gitmesi de gerekebilir. Kimi zaman da cerrahi operasyona ihtiya\u00e7 duyulur.<\/p>\n<ol>\n<li><strong>Masaj. A\u011fr\u0131n\u0131n ge\u00e7mesine yard\u0131mc\u0131 olmak i\u00e7in a\u011fr\u0131yan yeri ovun.<\/strong><\/li>\n<li>A\u011fr\u0131 kesici ila\u00e7. A\u011fr\u0131 30 dakikadan fazla s\u00fcrerse a\u011fr\u0131 kesici ila\u00e7 verin<\/li>\n<li><strong>A\u011fr\u0131yan yere s\u0131cak su torbas\u0131 tutmak yahut temiz bir atleti \u00fct\u00fcleyip a\u011fr\u0131yan yere sarmak da a\u011fr\u0131y\u0131 kesebilir.<\/strong><\/li>\n<li>So\u011fuk kompres: Buzluktan buz k\u00fcplerini \u00e7\u0131kar\u0131n temiz bir beze sar\u0131n ve bacakta a\u011fr\u0131yan yere bunu tutun.<\/li>\n<\/ol>\n","protected":false},"excerpt":{"rendered":"<p>Bacaklarda a\u011fr\u0131 yaln\u0131zca yeti\u015fkinlerin kar\u015f\u0131la\u015ft\u0131\u011f\u0131 bir sorun de\u011fildir. \u00c7ocuklarda bacak a\u011fr\u0131s\u0131 da k\u00fc\u00e7\u00fck ya\u015flardan itibaren ba\u015flayabilmektedir. \u00c7ocuklarda bacak a\u011fr\u0131s\u0131n\u0131n ekseriyetle \u00e2ni bir hareket yapmalar\u0131ndan, bir yere \u00e7arpmalar\u0131ndan veya d\u00fc\u015fme Bacaklarda a\u011fr\u0131 yaln\u0131zca yeti\u015fkinlerin kar\u015f\u0131la\u015ft\u0131\u011f\u0131 bir sorun de\u011fildir. \u00c7ocuklarda bacak a\u011fr\u0131s\u0131 da k\u00fc\u00e7\u00fck ya\u015flardan itibaren ba\u015flayabilmektedir. \u00c7ocuklarda bacak a\u011fr\u0131s\u0131n\u0131n ekseriyetle \u00e2ni bir hareket yapmalar\u0131ndan, bir yere [&hellip;]<\/p>\n","protected":false},"author":30,"featured_media":46045,"comment_status":"closed","ping_status":"open","sticky":false,"template":"","format":"standard","meta":{"rank_math_lock_modified_date":false,"footnotes":""},"categories":[111],"tags":[36506,36508,36505,36507,36509],"class_list":["post-46046","post","type-post","status-publish","format-standard","has-post-thumbnail","hentry","category-anne-cocuk","tag-buyume-agrisi","tag-cocuk-romatizmasi","tag-cocuklarda-bacak-agrisi","tag-losemi-bacak-agrisi","tag-ortopedi-cocuk-bacak-agrisi"],"_links":{"self":[{"href":"https:\/\/www.tgrthaber.com\/mavikadin\/wp-json\/wp\/v2\/posts\/46046"}],"collection":[{"href":"https:\/\/www.tgrthaber.com\/mavikadin\/wp-json\/wp\/v2\/posts"}],"about":[{"href":"https:\/\/www.tgrthaber.com\/mavikadin\/wp-json\/wp\/v2\/types\/post"}],"author":[{"embeddable":true,"href":"https:\/\/www.tgrthaber.com\/mavikadin\/wp-json\/wp\/v2\/users\/30"}],"replies":[{"embeddable":true,"href":"https:\/\/www.tgrthaber.com\/mavikadin\/wp-json\/wp\/v2\/comments?post=46046"}],"version-history":[{"count":1,"href":"https:\/\/www.tgrthaber.com\/mavikadin\/wp-json\/wp\/v2\/posts\/46046\/revisions"}],"predecessor-version":[{"id":46047,"href":"https:\/\/www.tgrthaber.com\/mavikadin\/wp-json\/wp\/v2\/posts\/46046\/revisions\/46047"}],"wp:featuredmedia":[{"embeddable":true,"href":"https:\/\/www.tgrthaber.com\/mavikadin\/wp-json\/wp\/v2\/media\/46045"}],"wp:attachment":[{"href":"https:\/\/www.tgrthaber.com\/mavikadin\/wp-json\/wp\/v2\/media?parent=46046"}],"wp:term":[{"taxonomy":"category","embeddable":true,"href":"https:\/\/www.tgrthaber.com\/mavikadin\/wp-json\/wp\/v2\/categories?post=46046"},{"taxonomy":"post_tag","embeddable":true,"href":"https:\/\/www.tgrthaber.com\/mavikadin\/wp-json\/wp\/v2\/tags?post=46046"}],"curies":[{"name":"wp","href":"https:\/\/api.w.org\/{rel}","templated":true}]}}