{"id":46049,"date":"2021-02-14T17:33:09","date_gmt":"2021-02-14T14:33:09","guid":{"rendered":"https:\/\/new.mavikadin.com\/?p=46049"},"modified":"2024-09-16T11:34:40","modified_gmt":"2024-09-16T08:34:40","slug":"bebeklerde-ayaklarin-ice-basmasi-nasil-anlasilir-tedavi-edilir","status":"publish","type":"post","link":"https:\/\/www.tgrthaber.com\/mavikadin\/bebeklerde-ayaklarin-ice-basmasi-nasil-anlasilir-tedavi-edilir\/","title":{"rendered":"Bebeklerde Ayaklar\u0131n \u0130\u00e7e Basmas\u0131 Nas\u0131l Anla\u015f\u0131l\u0131r Tedavi Edilir"},"content":{"rendered":"<p>Bebekler y\u00fcr\u00fcmeye yeni ba\u015flad\u0131\u011f\u0131 s\u0131rada i\u00e7e basma problemi g\u00f6r\u00fclebilir. Bu y\u00fcr\u00fcy\u00fc\u015f bi\u00e7iminde \u00e7ocuk aya\u011f\u0131n\u0131 i\u00e7eri do\u011fru atar. 2 ya\u015f alt\u0131nda ortaya \u00e7\u0131kan bu sorun tedaviye gerek olmaks\u0131z\u0131n kendi kendine ge\u00e7ebilir. Fakat iki ya\u015f\u0131ndan b\u00fcy\u00fck \u00e7ocuklarda <\/p>\n<p>Bebekler y\u00fcr\u00fcmeye yeni ba\u015flad\u0131\u011f\u0131 s\u0131rada i\u00e7e basma problemi g\u00f6r\u00fclebilir. Bu y\u00fcr\u00fcy\u00fc\u015f bi\u00e7iminde \u00e7ocuk aya\u011f\u0131n\u0131 i\u00e7eri do\u011fru atar. 2 ya\u015f alt\u0131nda ortaya \u00e7\u0131kan bu sorun tedaviye gerek olmaks\u0131z\u0131n kendi kendine ge\u00e7ebilir. Fakat iki ya\u015f\u0131ndan b\u00fcy\u00fck \u00e7ocuklarda tedaviye ihtiya\u00e7 duyulabilir.<\/p>\n<p><span style=\"color:#A52A2A;\"><span style=\"font-size:18px;\"><strong><u>Bebeklerde \u0130\u00e7e Basma Nedenleri Nelerdir?<\/u><\/strong><\/span><\/span><\/p>\n<p>\u00c7ocuklarda topuk b\u00f6lgesi fazladan bir ya\u011f dokusu i\u00e7erir. Buna topuk yast\u0131kc\u0131\u011f\u0131 denir, yeti\u015fkinlerde mevcut de\u011fildir. S\u00f6z konusu fazlal\u0131k zaman i\u00e7inde azalarak yok olur, b\u00f6ylece topuk \u015fekli normale d\u00f6ner. Aya\u011f\u0131n\u0131 yere bas\u0131nca i\u00e7e kay\u0131yormu\u015f gibi g\u00f6r\u00fcnmesi bu y\u00fczdendir. Asl\u0131nda bu durum do\u011fu\u015ftan da geliyor olabilir.<\/p>\n<p>\u00c7ocuklarda i\u00e7e basma \u00e7o\u011funlukla kal\u0131tsal fakt\u00f6rlerle ili\u015fkilidir. Annenin veya baban\u0131n ailesinde bunu ya\u015fayanlar varsa \u00e7ocukta da ortaya \u00e7\u0131kabilir.<\/p>\n<p><span style=\"color:#A52A2A;\"><span style=\"font-size:18px;\"><u><strong><a href=\"https:\/\/www.mavikadin.com\/bebekler-icin-kahvalti-tarifleri-bebekler-kahvaltiya-ne-zaman-baslar\" target=\"_blank\" rel=\"noopener\">Bebek<\/a>lerde \u0130\u00e7e Basma Nas\u0131l Ge\u00e7er?<\/strong><\/u><\/span><\/span><\/p>\n<p>Bebe\u011finizin i\u00e7e bast\u0131\u011f\u0131n\u0131 d\u00fc\u015f\u00fcn\u00fcyorsan\u0131z onu bir Ortopedi doktoruna g\u00f6t\u00fcrmelisiniz.Doktor \u00e7ocu\u011fun durumuna g\u00f6re ortopedik ayakkab\u0131 veya tabanl\u0131k giymenizi \u00f6nerebilir.\u0130\u00e7e basma herhangi bir tedavi uygulanmaks\u0131z\u0131n belli bir s\u00fcre sonra ortadan kaybolabilir. \u00c7ocuk <a href=\"https:\/\/www.mavikadin.com\/2-yas-1-bucuk-yasindaki-bebek-beslenmesi-2-yas-cocugu-24-aylik-neler-yapabilir\" target=\"_blank\" rel=\"noopener\">2 ya\u015f<\/a>\u0131ndan k\u00fc\u00e7\u00fckse ve i\u00e7e basma g\u00f6zlemleniyorsa y\u00fcr\u00fcmeye ba\u015flad\u0131\u011f\u0131 zaman ge\u00e7ebilir.<\/p>\n<p>\u00c7ocu\u011funuzda i\u00e7e basma oldu\u011funu fark ettiyseniz onu ba\u011fda\u015f kurarak oturmaya te\u015fvik etmeli; otururken bacaklar\u0131n\u0131n W bi\u00e7iminde olmas\u0131n\u0131 \u00f6nlemelisiniz. Topukta ve parmak ucunda y\u00fcr\u00fcmesi i\u00e7in al\u0131\u015ft\u0131rmalar yapt\u0131rmak da iyi gelecektir.<\/p>\n<p><span style=\"color:#A52A2A;\"><span style=\"font-size:18px;\"><strong><u>Bebeklerde \u0130\u00e7e Basma \u0130le \u0130lgili Doktorlara Sorular ve Cevaplar\u0131<\/u><\/strong><\/span><\/span><\/p>\n<p><strong>Sual:<\/strong> Bebe\u011fim 11 ayl\u0131k, y\u00fcr\u00fcmeye 9. ayda ba\u015flad\u0131. Fakat y\u00fcr\u00fcrken ayak taban\u0131na daha \u00e7ok bas\u0131yor, k\u0131saca aya\u011f\u0131n\u0131 i\u00e7e bas\u0131yor. Bu son 1 ayd\u0131r b\u00f6yle. Bunun hen\u00fcz yeni yeni y\u00fcr\u00fcd\u00fc\u011f\u00fc i\u00e7in oldu\u011funu, zamanla ge\u00e7ece\u011fini s\u00f6yl\u00fcyorlar. Fakat ben tedirginim. \u00c7ocu\u011fum i\u00e7in ne tarz ortopedik bir ayakkab\u0131 almam\u0131 \u00f6nerirsiniz? Ger\u00e7ekten kendi kendine d\u00fczelir mi?<\/p>\n<p><strong>CEVAP<\/strong><\/p>\n<p>Dr. Alper Kaya\u2019n\u0131n cevab\u0131;<\/p>\n<p><strong>&#8216;Hususi bir ayakkab\u0131 kullan\u0131lmas\u0131na gerek yoktur. \u00c7ocu\u011funuzun kas ve doku geli\u015fimi ilerledik\u00e7e, bu da \u00e7\u00f6z\u00fcme kavu\u015facakt\u0131r. \u00c7ocuklar bizim gibi y\u00fcr\u00fcmeye 6-7 ya\u015flar\u0131nda ba\u015flarlar. \u0130\u00e7e basma durumunda \u00e7o\u011funlukla \u00f6zel bir tedaviye ihtiya\u00e7 duyulmaz. Birka\u00e7 y\u0131lda d\u00fczelme ger\u00e7ekle\u015fir. Fakat 2 ya\u015f\u0131na gelmesine ra\u011fmen h\u00e2l\u00e2 devam ediyorsa doktora g\u00f6t\u00fcrmekte fayda vard\u0131r.&#8217;<\/strong><\/p>\n<p><strong>Sual: <\/strong>28 ayl\u0131k bir k\u0131z\u0131m var. \u0130\u00e7e basma problemi ya\u015f\u0131yordu, ger\u00e7i \u00e7ok belirgin de\u011fildi ancak yine de bir doktora muayene ettirdik. Oturu\u015f bi\u00e7imine dikkat etmemizi, bu \u015fekilde ge\u00e7ece\u011fini ifade etmi\u015fti. Ama iyice artt\u0131. \u015eu an i\u00e7e basma \u015fik\u00e2yetimiz bir hayli ilerlemi\u015f durumda. Oturur vaziyetteyken de aya\u011f\u0131n\u0131 daima i\u00e7e bakacak \u015fekilde tutuyor. Ne yapmam\u0131z\u0131 tavsiye edersiniz?<\/p>\n<p><strong>CEVAP<\/strong><\/p>\n<p>Prof. Dr. Ali Bakt\u0131r\u2019\u0131n cevab\u0131;<\/p>\n<p><strong>\u00c7ocuklarda i\u00e7e d\u00f6n\u00fckl\u00fck en ge\u00e7 13 ya\u015f\u0131nda kendili\u011finden d\u00fczelmektedir. Ge\u00e7medi\u011fi takdirde cerrahi operasyon uygulanarak iyile\u015fme sa\u011flanmaktad\u0131r. \u0130\u00e7e d\u00f6n\u00fckl\u00fc\u011f\u00fcn hangi derecede oldu\u011fu, ne kadar bir a\u00e7\u0131yla meydana geldi\u011fi her y\u0131l d\u00fczenli olarak takip edilmelidir.&#8217;<\/strong><\/p>\n<p><strong>Sual: <\/strong>K\u0131z\u0131m\u0131n her iki aya\u011f\u0131nda da i\u00e7e basma sorunu mevcut fakat sa\u011f aya\u011f\u0131nda daha fazla. \u015eu an 19 ayl\u0131k; y\u00fcr\u00fcmesini veya ko\u015fmas\u0131n\u0131 olumsuz etkilemiyor. Ancak tabii ki g\u00f6rsel a\u00e7\u0131dan hi\u00e7 iyi durmuyor. Ameliyat ettirmek mi gerekiyor? Ne yapmal\u0131y\u0131z? Bu durumun ne zamana dek s\u00fcrmesi normaldir?<\/p>\n<p><strong>CEVAP<\/strong><\/p>\n<p>Dr. Hasan Tatari\u2019nin cevab\u0131;<\/p>\n<p>\u2018\u0130\u00e7e basman\u0131n d\u00fczelmesi i\u00e7in oturma \u015feklini de\u011fi\u015ftirmesi l\u00e2z\u0131md\u0131r. Ba\u011fda\u015f kurarak oturmaya al\u0131\u015ft\u0131r\u0131lmal\u0131d\u0131r.\u2019<\/p>\n<p><strong>Sual: <\/strong>18 ayl\u0131k o\u011flumun sa\u011f aya\u011f\u0131nda i\u00e7e basma sorunu var. S\u00fcrekli W \u015feklinde oturuyor. Elimden geldi\u011fince b\u00f6yle oturmas\u0131n\u0131 engellemeye \u00e7al\u0131\u015f\u0131yorum. \u0130lerleyen d\u00f6nemde bir problem ya\u015famamak i\u00e7in ayakkab\u0131 olarak nas\u0131l bir \u015fey almal\u0131y\u0131m? Anatomik tabanla devam etse olur mu? Yoksa bu durum ge\u00e7ene kadar ortopedik ayakkab\u0131 m\u0131 kullanmal\u0131?<\/p>\n<p><strong>CEVAP<\/strong><\/p>\n<p>Prof. Dr. Mustafa Can Ko\u015fay\u2019\u0131n cevab\u0131;<\/p>\n<p>&#8216;<strong>\u00c7ocuklarda s\u0131kl\u0131kla, ayaklar\u0131n normalden farkl\u0131 basmas\u0131 gibi bir soruna rastlan\u0131r. Ancak bu durumun genelde hi\u00e7bir zarar\u0131 yoktur. G\u00f6r\u00fcn\u00fc\u015f a\u00e7\u0131s\u0131ndan ho\u015f olmasa bile sa\u011fl\u0131\u011f\u0131n\u0131 ilgilendirmez<\/strong>. <a href=\"https:\/\/www.mavikadin.com\/ayak-tabani-agrisina-ne-iyi-gelir-ayak-alti-acisi-nasil-gecer-bitkisel-cozum\" target=\"_blank\" rel=\"noopener\">Ayak<\/a> yap\u0131s\u0131 kemik yap\u0131s\u0131na, esneklik (elastisite) ve genetik fakt\u00f6rlere g\u00f6re \u015fekillenir. \u0130\u00e7e basma ailesel olabilir veya ba\u015fka bir nedenden kaynaklanabilir. Normal d\u00fczeydeyse kendi kendine ge\u00e7ebilir veya ilerlemi\u015fse tedavi gerektirebilir. Bunun tespiti hekim taraf\u0131ndan yap\u0131l\u0131r. Ekseriyetle ortopedik ayakkab\u0131 kullan\u0131m\u0131 gerekmez. Ayakkab\u0131n\u0131n kaliteli olmas\u0131 ve \u00e7ocu\u011fun fiziksel aktivitelere y\u00f6nlendirilmesi k\u00e2fidir.&#8217;<\/p>\n<p><strong>Sual: <\/strong>1 ay evvel y\u00fcr\u00fcmeye ba\u015flayan k\u0131z\u0131m\u0131n sa\u011f aya\u011f\u0131nda hafif i\u00e7e basma problemi oldu\u011funu fark ettim. Daha k\u00fc\u00e7\u00fck, 12 ayl\u0131k. Muayene ettirdik, r\u00f6ntgen de \u00e7ekildi. Kal\u00e7a ba\u011flant\u0131s\u0131nda meydana gelen a\u00e7\u0131sal sapma nedeniyle b\u00f6yle bir durum ya\u015fand\u0131\u011f\u0131 s\u00f6ylendi. Otururken ba\u011fda\u015f kurmay\u0131 al\u0131\u015fkanl\u0131k h\u00e2line getirmesi gerekiyormu\u015f. 1 y\u0131l sonra ayakkab\u0131ya ge\u00e7i\u015f yap\u0131lacak. B\u00fcy\u00fck olas\u0131l\u0131kla d\u00fczelece\u011fini belirttiler. Biz anne-baba olarak elbette endi\u015feliyiz ve yapabilece\u011fimiz ba\u015fka bir \u015fey olup olmad\u0131\u011f\u0131 konusunda sizden bilgi almak istiyoruz.<\/p>\n<p><strong>CEVAP<\/strong><\/p>\n<p>Dr. Hasan Do\u011fan\u2019\u0131n cevab\u0131;<\/p>\n<p>&#8216;Rutin kontrollerini aksatmay\u0131n, i\u00e7e basma probleminin gidi\u015fat\u0131 izlenmelidir. Fizik tedaviye de gitmesi yararl\u0131 olur, egzersizler d\u00fczelme s\u00fcrecini h\u0131zland\u0131r\u0131r.&#8217;<\/p>\n<p>Not:Makalede ge\u00e7en doktorlara sorulan soru ve cevaplar doktorsitesi web sitesinden al\u0131nm\u0131\u015ft\u0131r.<\/p>\n","protected":false},"excerpt":{"rendered":"<p>Bebekler y\u00fcr\u00fcmeye yeni ba\u015flad\u0131\u011f\u0131 s\u0131rada i\u00e7e basma problemi g\u00f6r\u00fclebilir. Bu y\u00fcr\u00fcy\u00fc\u015f bi\u00e7iminde \u00e7ocuk aya\u011f\u0131n\u0131 i\u00e7eri do\u011fru atar. 2 ya\u015f alt\u0131nda ortaya \u00e7\u0131kan bu sorun tedaviye gerek olmaks\u0131z\u0131n kendi kendine ge\u00e7ebilir. Fakat iki ya\u015f\u0131ndan b\u00fcy\u00fck \u00e7ocuklarda Bebekler y\u00fcr\u00fcmeye yeni ba\u015flad\u0131\u011f\u0131 s\u0131rada i\u00e7e basma problemi g\u00f6r\u00fclebilir. Bu y\u00fcr\u00fcy\u00fc\u015f bi\u00e7iminde \u00e7ocuk aya\u011f\u0131n\u0131 i\u00e7eri do\u011fru atar. 2 ya\u015f alt\u0131nda [&hellip;]<\/p>\n","protected":false},"author":30,"featured_media":46048,"comment_status":"closed","ping_status":"open","sticky":false,"template":"","format":"standard","meta":{"rank_math_lock_modified_date":false,"footnotes":""},"categories":[111],"tags":[242,21561,36510,36511,36512],"class_list":["post-46049","post","type-post","status-publish","format-standard","has-post-thumbnail","hentry","category-anne-cocuk","tag-ayak-sagligi","tag-bebek-gelisimi","tag-bebeklerde-ice-basma","tag-cocuk-ortopedisi","tag-yuruyus-bozuklugu"],"_links":{"self":[{"href":"https:\/\/www.tgrthaber.com\/mavikadin\/wp-json\/wp\/v2\/posts\/46049"}],"collection":[{"href":"https:\/\/www.tgrthaber.com\/mavikadin\/wp-json\/wp\/v2\/posts"}],"about":[{"href":"https:\/\/www.tgrthaber.com\/mavikadin\/wp-json\/wp\/v2\/types\/post"}],"author":[{"embeddable":true,"href":"https:\/\/www.tgrthaber.com\/mavikadin\/wp-json\/wp\/v2\/users\/30"}],"replies":[{"embeddable":true,"href":"https:\/\/www.tgrthaber.com\/mavikadin\/wp-json\/wp\/v2\/comments?post=46049"}],"version-history":[{"count":1,"href":"https:\/\/www.tgrthaber.com\/mavikadin\/wp-json\/wp\/v2\/posts\/46049\/revisions"}],"predecessor-version":[{"id":46050,"href":"https:\/\/www.tgrthaber.com\/mavikadin\/wp-json\/wp\/v2\/posts\/46049\/revisions\/46050"}],"wp:featuredmedia":[{"embeddable":true,"href":"https:\/\/www.tgrthaber.com\/mavikadin\/wp-json\/wp\/v2\/media\/46048"}],"wp:attachment":[{"href":"https:\/\/www.tgrthaber.com\/mavikadin\/wp-json\/wp\/v2\/media?parent=46049"}],"wp:term":[{"taxonomy":"category","embeddable":true,"href":"https:\/\/www.tgrthaber.com\/mavikadin\/wp-json\/wp\/v2\/categories?post=46049"},{"taxonomy":"post_tag","embeddable":true,"href":"https:\/\/www.tgrthaber.com\/mavikadin\/wp-json\/wp\/v2\/tags?post=46049"}],"curies":[{"name":"wp","href":"https:\/\/api.w.org\/{rel}","templated":true}]}}