{"id":46411,"date":"2021-06-06T22:10:06","date_gmt":"2021-06-06T19:10:06","guid":{"rendered":"https:\/\/new.mavikadin.com\/?p=46411"},"modified":"2025-01-28T15:33:13","modified_gmt":"2025-01-28T12:33:13","slug":"anne-karninda-bebek-acikir-mi-aciktigini-nasil-anlariz","status":"publish","type":"post","link":"https:\/\/www.tgrthaber.com\/mavikadin\/anne-karninda-bebek-acikir-mi-aciktigini-nasil-anlariz\/","title":{"rendered":"Bebekler anne karn\u0131ndayken ac\u0131k\u0131r m\u0131? Ac\u0131kt\u0131\u011f\u0131n\u0131 nas\u0131l anlar\u0131z"},"content":{"rendered":"<p>Bebekler anne karn\u0131ndayken anne ne yerse onu fark eder ve annenin yedikleri besinleri tad\u0131n\u0131 al\u0131rlar. Di\u011fer bir deyi\u015fle bebeklerin tat fark\u0131ndal\u0131\u011f\u0131 anne karn\u0131nda olu\u015fmaya ba\u015flamaktad\u0131r. Anne karn\u0131ndaki bebek anne ne t\u00fcketirse bunlar\u0131 kan yoluyla al\u0131r, a\u011f\u0131z veya ba\u011f\u0131rsak yollar\u0131 bu s\u00fcrece dahil olmaz. Anneden kan yoluyla gelen besinler bebe\u011fe plasentas\u0131 sayesinde ula\u015f\u0131r ve bebek bu \u015fekilde beslenir ve ihtiya\u00e7 duydu\u011fu bu besinlerden enerjiyi al\u0131r.<\/p>\n<h3>ANNE KARNINDA BEBEK ACIKIR MI<\/h3>\n<p><img loading=\"lazy\" decoding=\"async\" class=\"alignnone wp-image-126683\" src=\"https:\/\/www.tgrthaber.com\/mavikadin\/wp-content\/uploads\/44444.png\" alt=\"\" width=\"1208\" height=\"680\" title=\"\" srcset=\"https:\/\/www.tgrthaber.com\/mavikadin\/wp-content\/uploads\/44444.png 1280w, https:\/\/www.tgrthaber.com\/mavikadin\/wp-content\/uploads\/44444-300x169.png 300w, https:\/\/www.tgrthaber.com\/mavikadin\/wp-content\/uploads\/44444-1024x576.png 1024w, https:\/\/www.tgrthaber.com\/mavikadin\/wp-content\/uploads\/44444-768x432.png 768w\" sizes=\"(max-width: 1208px) 100vw, 1208px\" \/><\/p>\n<hr \/>\n<p>Anne karn\u0131ndaki bebek a\u00e7l\u0131k ya\u015famamaktad\u0131r. Bunun sebebi plasenta ve g\u00f6bek kordonu hem bebe\u011fin ihtiyac\u0131 olan besin ve oksijen gibi t\u00fcm ihtiya\u00e7lar\u0131n\u0131 ona ula\u015ft\u0131rmas\u0131 hem de at\u0131klar\u0131 bebekten uzakla\u015ft\u0131rmas\u0131d\u0131r. Anne v\u00fccudu hamilelik s\u00fcresince bebe\u011fin t\u00fcm ihtiya\u00e7lar\u0131n\u0131 kar\u015f\u0131lamak i\u00e7in yarat\u0131lm\u0131\u015ft\u0131r. Fakat bu durum anne de v\u00fccudunun ve bebe\u011finin ihtiyac\u0131n\u0131 kar\u015f\u0131lad\u0131\u011f\u0131 s\u00fcrece m\u00fcmk\u00fcnd\u00fcr. Yani e\u011fer anne yetersiz beslenirse ve v\u00fccudu yeterli besini almazsa bu durum bebekte de problemlere neden olabilir. Bu sebeple anne adaylar\u0131n\u0131n hamilelik d\u00f6nemlerinde hem kendi sa\u011fl\u0131klar\u0131 hem de bebe\u011fin gelece\u011fi i\u00e7in beslenmelerine \u00e7ok dikkat etmeleri \u015fartt\u0131r. Uzun s\u00fcre a\u00e7 kalmaktan ve sa\u011fl\u0131ks\u0131z besinlerden ka\u00e7\u0131n\u0131lmal\u0131d\u0131r.<\/p>\n<p><img loading=\"lazy\" decoding=\"async\" class=\"alignnone wp-image-126681\" src=\"https:\/\/www.tgrthaber.com\/mavikadin\/wp-content\/uploads\/2222-2.png\" alt=\"\" width=\"1208\" height=\"680\" title=\"\" srcset=\"https:\/\/www.tgrthaber.com\/mavikadin\/wp-content\/uploads\/2222-2.png 1280w, https:\/\/www.tgrthaber.com\/mavikadin\/wp-content\/uploads\/2222-2-300x169.png 300w, https:\/\/www.tgrthaber.com\/mavikadin\/wp-content\/uploads\/2222-2-1024x576.png 1024w, https:\/\/www.tgrthaber.com\/mavikadin\/wp-content\/uploads\/2222-2-768x432.png 768w\" sizes=\"(max-width: 1208px) 100vw, 1208px\" \/><\/p>\n<hr \/>\n<p>Hamilelik s\u00fcresince anneye ba\u011fl\u0131 olan bebek do\u011funca g\u00f6bek ba\u011f\u0131 kesilir ve plasenta bebekten ayr\u0131l\u0131r. Di\u011fer bir deyi\u015fle, bebek art\u0131k a\u00e7l\u0131k hissetmeye ba\u015flar ve bunu da a\u011flayarak belli eder. Yemek yiyip karn\u0131 doydu\u011funda a\u011flamas\u0131 durur. Bebeklerin mideleri \u00e7ok k\u00fc\u00e7\u00fck oldu\u011fu i\u00e7in tokluk s\u00fcreleri yaln\u0131zca 3-4 saat gibi s\u00fcrer ve bu s\u00fcre sonunda tekrar ac\u0131k\u0131rlar ve a\u011flamaya ba\u015flarlar. Bebekler geli\u015ftik\u00e7e mideleri de geli\u015fir ve b\u00fcy\u00fcr. Dolay\u0131s\u0131yla tokluk s\u00fcreleri de uzar ve beslenme s\u0131kl\u0131klar\u0131 d\u00fc\u015fer.<\/p>\n<p>K\u0131saca, bebekler anne karn\u0131nda a\u00e7l\u0131k hissetmezler. Do\u011fduktan sonra gelen a\u00e7l\u0131k hislerini de a\u011flayarak beli ederler.<\/p>\n<p><img loading=\"lazy\" decoding=\"async\" class=\"alignnone wp-image-126679\" src=\"https:\/\/www.tgrthaber.com\/mavikadin\/wp-content\/uploads\/1111.png\" alt=\"\" width=\"1208\" height=\"680\" title=\"\" srcset=\"https:\/\/www.tgrthaber.com\/mavikadin\/wp-content\/uploads\/1111.png 1280w, https:\/\/www.tgrthaber.com\/mavikadin\/wp-content\/uploads\/1111-300x169.png 300w, https:\/\/www.tgrthaber.com\/mavikadin\/wp-content\/uploads\/1111-1024x576.png 1024w, https:\/\/www.tgrthaber.com\/mavikadin\/wp-content\/uploads\/1111-768x432.png 768w\" sizes=\"(max-width: 1208px) 100vw, 1208px\" \/><\/p>\n<hr \/>\n<p>Bebek anne karn\u0131nda a\u00e7l\u0131k hissetmez.\u00c7\u00fcnk\u00fc bebekler plasenta isimli sadece bebek anne karn\u0131nda oldu\u011fu s\u00fcre boyunca anne karn\u0131nda bulunan organ vas\u0131tas\u0131yla besinleri al\u0131rlar. Bu organda besinler bebek i\u00e7in \u00fcretilir ve depolan\u0131r. Buradaki depolanma, anne aday\u0131 beslenmeyi geciktirse dahi fet\u00fcs\u00fc durmadan beslemeye yeter. Yaln\u0131z bu noktada vurgulanmas\u0131 gereken nokta vard\u0131r ki, plasenta her ne kadar bebe\u011fi beslemeye haz\u0131r da olsa annenin kronik olarak yetersiz beslenmesi bebe\u011fi mutlaka olumsuz etkileyecektir. \u00d6yle ki, annenin kronik olarak yetersiz beslenmesi bebeklerde ciddi do\u011fum kusurlar\u0131na ya da bebe\u011finfiziken daha k\u00fc\u00e7\u00fck olarak do\u011fmas\u0131na yol a\u00e7abilir.<\/p>\n<h3>ANNE KARNINDA BEBEK ACIKINCA NE YAPAR<\/h3>\n<p>Yukar\u0131da da bildirdi\u011fimiz gibi bebek plasenta yoluyla beslendi\u011finden a\u00e7l\u0131k hissetmez. Ancak annenin karn\u0131 a\u00e7 oldu\u011funda bebe\u011fin ve annenin kan \u015fekeri d\u00fc\u015fer, buna tepki olarak bebe\u011fin anne karn\u0131ndaki hareketleri artar, hatta tekme atmaya ba\u015flayabilir.<\/p>\n","protected":false},"excerpt":{"rendered":"<p>Bebekler anne karn\u0131ndayken anne ne yerse onu fark eder ve annenin yedikleri besinleri tad\u0131n\u0131 al\u0131rlar. Di\u011fer bir deyi\u015fle bebeklerin tat fark\u0131ndal\u0131\u011f\u0131 anne karn\u0131nda olu\u015fmaya ba\u015flamaktad\u0131r. Anne karn\u0131ndaki bebek anne ne t\u00fcketirse bunlar\u0131 kan yoluyla al\u0131r, a\u011f\u0131z veya ba\u011f\u0131rsak yollar\u0131 bu s\u00fcrece dahil olmaz. Anneden kan yoluyla gelen besinler bebe\u011fe plasentas\u0131 sayesinde ula\u015f\u0131r ve bebek bu \u015fekilde beslenir ve ihtiya\u00e7 duydu\u011fu bu besinlerden enerjiyi al\u0131r.<\/p>\n","protected":false},"author":30,"featured_media":126682,"comment_status":"closed","ping_status":"open","sticky":false,"template":"","format":"standard","meta":{"rank_math_lock_modified_date":false,"footnotes":""},"categories":[111],"tags":[9256,9257,141],"class_list":["post-46411","post","type-post","status-publish","format-standard","has-post-thumbnail","hentry","category-anne-cocuk","tag-anne-karninda-bebekler","tag-anne-karninda-bebekler-acikir-mi","tag-bebek"],"_links":{"self":[{"href":"https:\/\/www.tgrthaber.com\/mavikadin\/wp-json\/wp\/v2\/posts\/46411"}],"collection":[{"href":"https:\/\/www.tgrthaber.com\/mavikadin\/wp-json\/wp\/v2\/posts"}],"about":[{"href":"https:\/\/www.tgrthaber.com\/mavikadin\/wp-json\/wp\/v2\/types\/post"}],"author":[{"embeddable":true,"href":"https:\/\/www.tgrthaber.com\/mavikadin\/wp-json\/wp\/v2\/users\/30"}],"replies":[{"embeddable":true,"href":"https:\/\/www.tgrthaber.com\/mavikadin\/wp-json\/wp\/v2\/comments?post=46411"}],"version-history":[{"count":3,"href":"https:\/\/www.tgrthaber.com\/mavikadin\/wp-json\/wp\/v2\/posts\/46411\/revisions"}],"predecessor-version":[{"id":126686,"href":"https:\/\/www.tgrthaber.com\/mavikadin\/wp-json\/wp\/v2\/posts\/46411\/revisions\/126686"}],"wp:featuredmedia":[{"embeddable":true,"href":"https:\/\/www.tgrthaber.com\/mavikadin\/wp-json\/wp\/v2\/media\/126682"}],"wp:attachment":[{"href":"https:\/\/www.tgrthaber.com\/mavikadin\/wp-json\/wp\/v2\/media?parent=46411"}],"wp:term":[{"taxonomy":"category","embeddable":true,"href":"https:\/\/www.tgrthaber.com\/mavikadin\/wp-json\/wp\/v2\/categories?post=46411"},{"taxonomy":"post_tag","embeddable":true,"href":"https:\/\/www.tgrthaber.com\/mavikadin\/wp-json\/wp\/v2\/tags?post=46411"}],"curies":[{"name":"wp","href":"https:\/\/api.w.org\/{rel}","templated":true}]}}