{"id":46471,"date":"2021-06-11T22:17:50","date_gmt":"2021-06-11T19:17:50","guid":{"rendered":"https:\/\/new.mavikadin.com\/?p=46471"},"modified":"2024-09-16T11:42:39","modified_gmt":"2024-09-16T08:42:39","slug":"bebek-ne-zaman-tekme-atar-bebek-tekmeleri-ne-zaman-hissedilir","status":"publish","type":"post","link":"https:\/\/www.tgrthaber.com\/mavikadin\/bebek-ne-zaman-tekme-atar-bebek-tekmeleri-ne-zaman-hissedilir\/","title":{"rendered":"Bebek Ne Zaman Tekme Atar Bebek Tekmeleri Ne Zaman Hissedilir"},"content":{"rendered":"<p>Anne adaylar\u0131 ya\u015fad\u0131klar\u0131 bu en \u00f6zel hamilelik d\u00f6neminde bebeklerinin karn\u0131ndaki varl\u0131klar\u0131n\u0131 hissetmek onlar i\u00e7in \u00e7ok farkl\u0131 ve tarifsiz bir duygudur. Bu hareketler ortalama olarak hamileli\u011fin 7 veya 8. haftalar\u0131nda ba\u015flamaktad\u0131r. Ancak bu d\u00f6nemdeki<\/p>\n<p>Anne adaylar\u0131 ya\u015fad\u0131klar\u0131 bu en \u00f6zel hamilelik d\u00f6neminde bebeklerinin karn\u0131ndaki varl\u0131klar\u0131n\u0131 hissetmek onlar i\u00e7in \u00e7ok farkl\u0131 ve tarifsiz bir duygudur. Bu hareketler ortalama olarak hamileli\u011fin 7 veya 8. haftalar\u0131nda ba\u015flamaktad\u0131r. Ancak bu d\u00f6nemdeki hareketler \u00e7o\u011fu zaman hissedilmez \u00e7\u00fcnk\u00fc bebek daha \u00e7ok k\u00fc\u00e7\u00fckt\u00fcr ve tekmelerini anneye hissettirecek kadar b\u00fcy\u00fcmemi\u015ftir. Bebe\u011fin ilk hareketleri kar\u0131n b\u00f6lgesinde g\u00f6be\u011fin alt\u0131nda ve g\u00f6bek \u00e7evresinde hissedilebilir.<\/p>\n<p><span style=\"color:#A52A2A;\"><span style=\"font-size:18px;\"><u><strong>Bebe\u011fin \u0130lk Hareketleri Karn\u0131m\u0131n G\u00f6be\u011fimin Neresinde Hissederim?<\/strong><\/u><\/span><\/span><\/p>\n<p>Bebe\u011fin ilk hareketleri karn\u0131n neresinde hissedilir sorusunun asl\u0131nda kesin net bir cevab\u0131 yoktur. Bebek o an neredeyse orada hissedilir. Genellikle g\u00f6bek \u00e7evresinde ve g\u00f6be\u011fin biraz alt\u0131nda hissedilir denilebilir.<\/p>\n<p><span style=\"color:#A52A2A;\"><span style=\"font-size:18px;\"><u><strong>Bebe\u011fin \u0130lk Tekmesi Ne Zaman Hissedilir?<\/strong><\/u><\/span><\/span><\/p>\n<p>Anne adaylar\u0131 hamileli\u011fin 11. haftas\u0131nda bebe\u011fin tekmesini, gerilmesini ve h\u0131\u00e7k\u0131r\u0131klar\u0131n\u0131 hissetmezler. Bebekler anne karn\u0131ndaki ilk 3 aylar\u0131nda tamamen olu\u015fmaya ba\u015flarlar ve bu hareketlerin hepsini ba\u015far\u0131yla yaparlar. Fakat annelerin bu hareketleri hissetmeye ba\u015flamas\u0131 ilk olarak hamileli\u011fin 13 ila 26. haftalar\u0131nda olmaktad\u0131r. Di\u011fer bir deyi\u015fle, i\u015fte bu d\u00f6nemde bebe\u011finizin ilk tekmelerini yani varl\u0131\u011f\u0131n\u0131 karn\u0131n\u0131zda hissedeceksiniz ve bu bir anne i\u00e7in \u00e7ok \u00f6nemli ve e\u015fsiz histir. &nbsp;Anne karn\u0131ndaki bebek b\u00fcy\u00fcd\u00fck\u00e7e hissedilen tekmenin \u015fiddeti de artmaktad\u0131r.<\/p>\n<p><span style=\"color:#A52A2A;\"><span style=\"font-size:18px;\"><u><strong>Bebe\u011fin \u0130lk Hareketleri Ne Zaman Bebek Ka\u00e7 Ayl\u0131k Olunca Hissedilir?<\/strong><\/u><\/span><\/span><\/p>\n<p>Op. Dr. Havva Pars A\u011farg\u00fcn bu hususta \u015fu bilgileri vermektedir;<\/p>\n<p><strong>Anne karn\u0131ndaki bebekler ilk hareketlerine gebeli\u011fin 7.haftas\u0131ndan sonra ba\u015flarlar. Fakat en ba\u015flarda anne aday\u0131n\u0131n bu hareketleri hissetmesi m\u00fcmk\u00fcn de\u011fildir \u00e7\u00fcnk\u00fc bebek daha \u00e7ok k\u00fc\u00e7\u00fckt\u00fcr ve g\u00fc\u00e7l\u00fc de\u011fildir. <\/strong>Hareketlerin hissedilmesi bebe\u011fin rahime olan bask\u0131n\u0131n hissedilmeye yani b\u00fcy\u00fcmesine ba\u011fl\u0131d\u0131r. \u00d6te yandan Bebe\u011fin ilk hareketlerinin ne zaman hissedilece\u011fi, annenin ilk hamileli\u011fi olup olmad\u0131\u011f\u0131na da ba\u011fl\u0131d\u0131r. \u00c7\u00fcnk\u00fc ilk gebeliklerde bebe\u011fin hareketleri gebeli\u011fin 18 ila 25.haftalar\u0131nda hissedilmektedir. Fakat ikinci ve daha sonraki gebeliklerde bu s\u00fcre daha da erkene \u00e7ekilir ve neredeyse 13.haftada bebe\u011fin hareketleri hissedilmeye ba\u015flan\u0131r, yani bebek anne karn\u0131ndaki 3.ay\u0131n\u0131 bitirmi\u015f oldu\u011funda hareketleri de belirgin olur.&nbsp;&nbsp;<\/p>\n<p><span style=\"color:#A52A2A;\"><span style=\"font-size:18px;\"><u><strong>Bebek Hareketleri Nas\u0131l Hissedilir?<\/strong><\/u><\/span><\/span><\/p>\n<p><a href=\"https:\/\/www.mavikadin.com\/anne-karninda-bebek-hareketleri-bebegin-cok-hareketli-olmasinin-sebepleri\" target=\"_blank\" rel=\"noopener\">Anne karn\u0131nda<\/a>ki bebeklerin ilk hareketleri damar atmas\u0131na benzetilebilir. \u0130lk ba\u015flarda bu kadar hafif olsa da bebek b\u00fcy\u00fcd\u00fck\u00e7e hareketler ve dolay\u0131s\u0131yla tekmeleri daha da kuvvetlenmektedir. \u00d6yle ki baz\u0131 tekmeler bazen anneleri uykular\u0131ndan bile kald\u0131rabilir. Baz\u0131 anneler bebe\u011fin ilk hareketlerini \u015fu \u015fekilde benzetmelerle anlatmaktad\u0131r: se\u011firme, guruldama, hafif \u00e7arpma, direk atmas\u0131 ve kelebe\u011fin kanat \u00e7\u0131rpmas\u0131 sesi. Anne karn\u0131ndaki bebeklerin tekmeleme, bacak ve kollarla vurma, vurup geri \u00e7ekme, gerinme ve h\u0131\u00e7k\u0131r\u0131k gibi hareketleri vard\u0131r.<\/p>\n<p><a href=\"https:\/\/www.mavikadin.com\/hamilelikte-bebek-hareketlerinin-disaridan-gorulmesi-ne-zaman-olur\" target=\"_blank\" rel=\"noopener\">Bebe\u011fin Hareketleri D\u0131\u015far\u0131dan Ne Zaman Ka\u00e7 Haftal\u0131kken Ayl\u0131kken Hissedilir T\u0131klay\u0131n\u0131z<\/a><\/p>\n<p><a href=\"https:\/\/www.mavikadin.com\/bebek-hareketleri-kacinci-haftada-azalir-dogum-belirtisi-midir\" target=\"_blank\" rel=\"noopener\">Anne Karn\u0131nda Bebek Hareketleri Azal\u0131rsa Ne Yapmal\u0131d\u0131r? Dr \u00d6nerileri T\u0131klay\u0131n\u0131z<\/a><\/p>\n","protected":false},"excerpt":{"rendered":"<p>Anne adaylar\u0131 ya\u015fad\u0131klar\u0131 bu en \u00f6zel hamilelik d\u00f6neminde bebeklerinin karn\u0131ndaki varl\u0131klar\u0131n\u0131 hissetmek onlar i\u00e7in \u00e7ok farkl\u0131 ve tarifsiz bir duygudur. Bu hareketler ortalama olarak hamileli\u011fin 7 veya 8. haftalar\u0131nda ba\u015flamaktad\u0131r. Ancak bu d\u00f6nemdeki Anne adaylar\u0131 ya\u015fad\u0131klar\u0131 bu en \u00f6zel hamilelik d\u00f6neminde bebeklerinin karn\u0131ndaki varl\u0131klar\u0131n\u0131 hissetmek onlar i\u00e7in \u00e7ok farkl\u0131 ve tarifsiz bir duygudur. Bu hareketler [&hellip;]<\/p>\n","protected":false},"author":30,"featured_media":46470,"comment_status":"closed","ping_status":"open","sticky":false,"template":"","format":"standard","meta":{"rank_math_lock_modified_date":false,"footnotes":""},"categories":[111],"tags":[34002,21561,36925,33270,36232],"class_list":["post-46471","post","type-post","status-publish","format-standard","has-post-thumbnail","hentry","category-anne-cocuk","tag-anne-karninda-bebek","tag-bebek-gelisimi","tag-bebek-tekmeleri","tag-gebelik-haftalari","tag-hamilelikte-bebek-hareketleri"],"_links":{"self":[{"href":"https:\/\/www.tgrthaber.com\/mavikadin\/wp-json\/wp\/v2\/posts\/46471"}],"collection":[{"href":"https:\/\/www.tgrthaber.com\/mavikadin\/wp-json\/wp\/v2\/posts"}],"about":[{"href":"https:\/\/www.tgrthaber.com\/mavikadin\/wp-json\/wp\/v2\/types\/post"}],"author":[{"embeddable":true,"href":"https:\/\/www.tgrthaber.com\/mavikadin\/wp-json\/wp\/v2\/users\/30"}],"replies":[{"embeddable":true,"href":"https:\/\/www.tgrthaber.com\/mavikadin\/wp-json\/wp\/v2\/comments?post=46471"}],"version-history":[{"count":1,"href":"https:\/\/www.tgrthaber.com\/mavikadin\/wp-json\/wp\/v2\/posts\/46471\/revisions"}],"predecessor-version":[{"id":46472,"href":"https:\/\/www.tgrthaber.com\/mavikadin\/wp-json\/wp\/v2\/posts\/46471\/revisions\/46472"}],"wp:featuredmedia":[{"embeddable":true,"href":"https:\/\/www.tgrthaber.com\/mavikadin\/wp-json\/wp\/v2\/media\/46470"}],"wp:attachment":[{"href":"https:\/\/www.tgrthaber.com\/mavikadin\/wp-json\/wp\/v2\/media?parent=46471"}],"wp:term":[{"taxonomy":"category","embeddable":true,"href":"https:\/\/www.tgrthaber.com\/mavikadin\/wp-json\/wp\/v2\/categories?post=46471"},{"taxonomy":"post_tag","embeddable":true,"href":"https:\/\/www.tgrthaber.com\/mavikadin\/wp-json\/wp\/v2\/tags?post=46471"}],"curies":[{"name":"wp","href":"https:\/\/api.w.org\/{rel}","templated":true}]}}