{"id":46507,"date":"2021-06-13T17:30:55","date_gmt":"2021-06-13T14:30:55","guid":{"rendered":"https:\/\/new.mavikadin.com\/?p=46507"},"modified":"2024-09-16T11:43:16","modified_gmt":"2024-09-16T08:43:16","slug":"2-aylik-3-aylik-bebek-elini-neden-emer-bebegim-ellerini-emiyor","status":"publish","type":"post","link":"https:\/\/www.tgrthaber.com\/mavikadin\/2-aylik-3-aylik-bebek-elini-neden-emer-bebegim-ellerini-emiyor\/","title":{"rendered":"2 Ayl\u0131k-3 Ayl\u0131k Bebek Elini Neden Emer Bebe\u011fim Ellerini Emiyor"},"content":{"rendered":"<p>Parmak emme, bebeklerde \u00e7ok yayg\u0131n olarak g\u00f6r\u00fclen bir reflekstir. Bebek bu refleksi daha do\u011fmadan, anne karn\u0131ndayken kazanmaktad\u0131r. 4 ya\u015f\u0131na kadar normal kabul edilen parmak emme oral d\u00f6nemin do\u011fal bir \u00f6zelli\u011fidir. Bebeklikte g\u00f6r\u00fclen parmak emmesi <\/p>\n<p><strong>Parmak emme, bebeklerde \u00e7ok yayg\u0131n olarak g\u00f6r\u00fclen bir reflekstir. <\/strong>Bebek bu refleksi daha do\u011fmadan, anne karn\u0131ndayken kazanmaktad\u0131r. 4 ya\u015f\u0131na kadar normal kabul edilen parmak emme oral d\u00f6nemin do\u011fal bir \u00f6zelli\u011fidir. Bebeklikte g\u00f6r\u00fclen parmak emmesi \u00e7o\u011funlukla bebeklerin kendili\u011finden b\u0131rakmas\u0131yla sonu\u00e7lanmaktad\u0131r. Bu y\u00fczden ebeveynler \u00e7ocuklar\u0131n\u0131n parmak emmesi konusunda endi\u015felenmelerine gerek yoktur. \u00c7\u00fcnk\u00fc e\u011fer \u00e7ocu\u011funuzu parma\u011f\u0131n\u0131 emmemesi konusunda s\u0131k s\u0131k uyar\u0131rsan\u0131z, bu ters tepebilir. Yani \u00e7ocu\u011funuz parma\u011f\u0131n\u0131 daha \u00e7ok emmeye ba\u015flayabilir.<\/p>\n<p><span style=\"color:#A52A2A;\"><span style=\"font-size:18px;\"><u><strong>Bebeklerde Ellerini, Parmaklar\u0131n\u0131 Neden A\u011fz\u0131na Sokar, Emer?<\/strong><\/u><\/span><\/span><\/p>\n<p>\u00c7ocuk Geli\u015fimi Uzman\u0131 Selma Yenido\u011fan bu hususta \u015fu bilgileri vermektedir;<\/p>\n<ol>\n<li>Bebekler karn\u0131 ac\u0131kd\u0131ysa parmaklar\u0131n\u0131 emebilirler. Parmak emme bebeklerde ac\u0131kman\u0131n en \u00f6nemli belirtisidir.<\/li>\n<li><strong><a href=\"https:\/\/www.mavikadin.com\/aninda-dis-beyazlatma-disteki-sigara-lekeleri-nasil-gecer\" target=\"_blank\" rel=\"noopener\">Di\u015f<\/a> \u00e7\u0131karma d\u00f6nemindeki \u00e7ocuklar\u0131n damaklar\u0131 ka\u015f\u0131n\u0131r ve bu y\u00fczden parmaklar\u0131n\u0131 emebilirler.<\/strong><\/li>\n<li>2-3 ayl\u0131k bebekler kar\u0131nlar\u0131 ac\u0131kt\u0131\u011f\u0131ndan, uykular\u0131 geldi\u011finde, yahut evdeki stresli ortamdan gerildi\u011finden parmak emebilirler.<\/li>\n<li><strong>Emme refleksi, bebeklerin daha do\u011fmadan edindikleri bir reflekstir. Daha annelerinin karn\u0131ndaki parmaklar\u0131n\u0131 emmek isteyen bebekler parmaklar\u0131n\u0131 a\u011fz\u0131na sokabilirler.Bebekler parmaklar\u0131n\u0131 emdiklerinde kendilerini \u00e7ok daha g\u00fcvende hissederler. Bu y\u00fczden de parmak emen \u00e7ocuklar sakinle\u015fir ve h\u0131zla uykuya dald\u0131klar\u0131 g\u00f6zlemlenir. Bu durum her uykuya dald\u0131klar\u0131nda parmak emmeyi al\u0131\u015fkanl\u0131k haline getirmelerine de yol a\u00e7maktad\u0131r.<\/strong><\/li>\n<li>Bebekler, yeni bir karde\u015fleri oldu\u011funda ya\u015fad\u0131klar\u0131 stres sebebiyle&nbsp;parmaklar\u0131n\u0131 emebilirler.<\/li>\n<li><strong>Ultrasonda bebe\u011finizin parmak emdi\u011fi g\u00f6r\u00fcl\u00fcyorsa, maalesef bu al\u0131\u015fkanl\u0131\u011f\u0131 do\u011fduktan sonra da devam edecektir.<\/strong><\/li>\n<li>Memeden erken kesilen bebekler parmaklar\u0131n\u0131 emebilir. Bu durumun sebebi s\u00fctten kesilmeden kaynakl\u0131 ya\u015fad\u0131klar\u0131 psikolojik bir nevi tepkidir.<\/li>\n<li><strong>Ailede anne ve baba aras\u0131ndaki \u00e7at\u0131\u015fma ve anla\u015fmazl\u0131klar bebeklerin parmaklar\u0131n\u0131 emmesine sebep olabilir.<\/strong><\/li>\n<li>Bebekler i\u00e7ine kapand\u0131klar\u0131 zamanlarda bir utanma tepkisi olarak parmaklar\u0131n\u0131 emebilirler.<\/li>\n<li><strong>Bebekler sevgi ve g\u00fcven eksikli\u011fi ya\u015fad\u0131klar\u0131nda parmaklar\u0131n\u0131 emebilir.<\/strong><\/li>\n<\/ol>\n<p><span style=\"color:#A52A2A;\"><span style=\"font-size:18px;\"><u><strong>Bebeklerde ve \u00c7ocuklarda Parmak Emmek Zararl\u0131 m\u0131d\u0131r?<\/strong><\/u><\/span><\/span><\/p>\n<p>\u00c7ocuk Geli\u015fimi Uzman\u0131 Selma Yenido\u011fan bu hususta \u015fu bilgileri vermektedir;<\/p>\n<ol>\n<li><strong>Parmak emmeyi 4 ya\u015f\u0131ndan k\u00fc\u00e7\u00fck \u00e7ocuklarda bir problem olarak g\u00f6rmeyiz. Fakat 5 veya 6 ya\u015f\u0131na gelen \u00e7ocuklar\u0131n hala \u00e7ok s\u0131k parmak emmesi \u00e7ocukta konu\u015fma veya di\u015fte problemlere yol a\u00e7aca\u011f\u0131ndan bir problem te\u015fkil etmektedir.<\/strong><\/li>\n<li>\u00c7ocuklarda parmak emmesinin 4-5 ya\u015f\u0131na kadar s\u00fcrmesi risklidir \u00e7\u00fcnk\u00fc a\u011f\u0131zda di\u015flerin hizzas\u0131nda bozulmalara (malokl\u00fczyon) ya da di\u015flerin d\u0131\u015fa do\u011fru itilmesine neden olabilir. Bu y\u00fczden parmaklar\u0131n\u0131 uzun y\u0131llar emen \u00e7ocuklarda ortodontik tedavi uygulanmas\u0131 gerekli hale gelir.<\/li>\n<li><strong>Ek olarak uzun s\u00fcre <a href=\"https:\/\/www.mavikadin.com\/parmak-incinmesine-burkulmasina-ayak-parmagi-incinmesine-ne-iyi-gelir\" target=\"_blank\" rel=\"noopener\">parmak<\/a> emmek, \u00e7ocukta ilerde de ya\u015fayabilece\u011fi konu\u015fma problemlerinin g\u00f6r\u00fclmesine neden olabilir. \u00d6rne\u011fin Ts ve Ds s\u00f6yleyememek, peltek konu\u015fmak ve konu\u015furken dilin d\u0131\u015far\u0131 \u00e7\u0131kmas\u0131 gibi problemler uzun s\u00fcre parmak emmenin k\u00f6t\u00fc sonu\u00e7lar\u0131 olarak g\u00f6r\u00fclebilir.<\/strong><\/li>\n<\/ol>\n<p><span style=\"color:#A52A2A;\"><span style=\"font-size:18px;\"><u><strong>Bebeklerde Parmak Emmek Nas\u0131l B\u0131rak\u0131l\u0131r?<\/strong><\/u><\/span><\/span><\/p>\n<p>\u00c7ocuk Geli\u015fimi Uzman\u0131 Selma Yenido\u011fan bu hususta \u015fu bilgileri vermektedir;<\/p>\n<ol>\n<li>Parmak emdi\u011fi zaman bunu g\u00f6rmezden gelmelidir, siz bu konuda \u00e7ocu\u011fu ihtar ettik\u00e7e, \u00e7ocuk dikkat \u00e7ekmek i\u00e7in bu davran\u0131\u015f\u0131 inatla s\u00fcrd\u00fcrecektir.<\/li>\n<li><strong><a href=\"https:\/\/www.mavikadin.com\/bebek-nasil-tuzlanir-yeni-dogan-bebegin-tuzlanmasi-icin-yontemler\" target=\"_blank\" rel=\"noopener\">Bebek<\/a> b\u00fcy\u00fcd\u00fck\u00e7e \u00e7o\u011funlukla parmak emmeyi kendili\u011finden b\u0131rakmaktad\u0131r. Bu y\u00fczden anne ve babalar bu konuda endi\u015feli olup, parmak emme al\u0131\u015fkanl\u0131\u011f\u0131n\u0131 b\u0131rakt\u0131rma hususunda&nbsp;\u0131srarc\u0131 olmaya \u00e7al\u0131\u015fmamal\u0131d\u0131r. \u00c7\u00fcnk\u00fc bu kez de bebek inat eder gibi parmaklar\u0131n\u0131 daha \u00e7ok emecektir.<\/strong><\/li>\n<li>Parmak emme durumunda anne ve babalar \u00e7ocuklar\u0131n\u0131n eline vurmak , eline ac\u0131 s\u00fcrmek veya elini ba\u011flamak gibi zorlay\u0131c\u0131 hareketlerden mutlaka ka\u00e7\u0131nmal\u0131d\u0131r. Bu durumdaki \u00e7ocu\u011funuzu cezaland\u0131rarak veya ele\u015ftirerek utand\u0131rmamaya \u00f6zen g\u00f6stermelisiniz.<\/li>\n<li><strong>\u00c7ocu\u011funuzu parmak emdi\u011fi i\u00e7in cezaland\u0131rmak yerine parmak emmedi\u011finde ona iyi s\u00f6zler s\u00f6yleyip \u00f6d\u00fcllendirebilirsiniz. Bu sayede \u00e7ocu\u011funuz zamanla parma\u011f\u0131n\u0131 emmesi gerekti\u011fini anlayacakt\u0131r.<\/strong><\/li>\n<li>\u00d6rne\u011fin k\u0131rtasiyeden g\u00fclen y\u00fcz stiker\u0131 al\u0131n ve bunu anlayacak ya\u015fta olan bebe\u011finizin defterine parma\u011f\u0131n\u0131 emmedi\u011fi g\u00fcnler bu stiker\u0131 yap\u0131\u015ft\u0131r\u0131n, bu stickerlar \u00e7ocu\u011fun istenilmeyen davran\u0131\u015f\u0131 b\u0131rakmas\u0131nda yard\u0131mc\u0131 olacakt\u0131r.<\/li>\n<li><strong>Parmak emmeyi al\u0131\u015fkanl\u0131k haline getiren \u00e7ocu\u011funuz i\u00e7in onun elini s\u00fcrekli olarak oyalanabilece\u011fi bir tak\u0131m oyuncaklar veya kil-oyun hamuru gibi malzemeler verebilirsiniz. Bu sayede hem \u00e7ocu\u011funuzun oyun oynamas\u0131na sa\u011flay\u0131p parmak emmesini unutturabilirsiniz. Ayr\u0131ca \u00e7ocu\u011funuzu ilgi alanlar\u0131n\u0131 ve becerilerini anlamas\u0131n\u0131 sa\u011flaman\u0131z, onu hi\u00e7 kimseyle k\u0131yaslamaman\u0131z ve ona g\u00fczel motive edici s\u00f6zler s\u00f6ylemeniz de iyi olacakt\u0131r. \u00c7ocu\u011funuza g\u00f6sterece\u011finiz aile sevgisi ve g\u00fcveni onun parmak emmesini engelleyecek en iyi ila\u00e7t\u0131r.<\/strong><\/li>\n<li>3-4 ya\u015f\u0131na gelen \u00e7ocuklarda parmak emmesinin artarak halen devam ediyor olmas\u0131 durumunda bir \u00e7ocuk psikiyatristen yard\u0131m alman\u0131z iyi olabilir. \u00c7\u00fcnk\u00fc parmak emme al\u0131\u015fkanl\u0131\u011f\u0131n\u0131n alt\u0131nda \u00e7ocu\u011funuzun sahip oldu\u011fu psikolojik problemler veya gerginlikler yatabilir.<\/li>\n<\/ol>\n","protected":false},"excerpt":{"rendered":"<p>Parmak emme, bebeklerde \u00e7ok yayg\u0131n olarak g\u00f6r\u00fclen bir reflekstir. Bebek bu refleksi daha do\u011fmadan, anne karn\u0131ndayken kazanmaktad\u0131r. 4 ya\u015f\u0131na kadar normal kabul edilen parmak emme oral d\u00f6nemin do\u011fal bir \u00f6zelli\u011fidir. Bebeklikte g\u00f6r\u00fclen parmak emmesi Parmak emme, bebeklerde \u00e7ok yayg\u0131n olarak g\u00f6r\u00fclen bir reflekstir. Bebek bu refleksi daha do\u011fmadan, anne karn\u0131ndayken kazanmaktad\u0131r. 4 ya\u015f\u0131na kadar normal [&hellip;]<\/p>\n","protected":false},"author":30,"featured_media":46506,"comment_status":"closed","ping_status":"open","sticky":false,"template":"","format":"standard","meta":{"rank_math_lock_modified_date":false,"footnotes":""},"categories":[111],"tags":[36958,21561,36957,36960,36959],"class_list":["post-46507","post","type-post","status-publish","format-standard","has-post-thumbnail","hentry","category-anne-cocuk","tag-bebek-ellerini-emer","tag-bebek-gelisimi","tag-bebek-parmak-emme","tag-oral-donem","tag-parmak-emme-nedenleri"],"_links":{"self":[{"href":"https:\/\/www.tgrthaber.com\/mavikadin\/wp-json\/wp\/v2\/posts\/46507"}],"collection":[{"href":"https:\/\/www.tgrthaber.com\/mavikadin\/wp-json\/wp\/v2\/posts"}],"about":[{"href":"https:\/\/www.tgrthaber.com\/mavikadin\/wp-json\/wp\/v2\/types\/post"}],"author":[{"embeddable":true,"href":"https:\/\/www.tgrthaber.com\/mavikadin\/wp-json\/wp\/v2\/users\/30"}],"replies":[{"embeddable":true,"href":"https:\/\/www.tgrthaber.com\/mavikadin\/wp-json\/wp\/v2\/comments?post=46507"}],"version-history":[{"count":1,"href":"https:\/\/www.tgrthaber.com\/mavikadin\/wp-json\/wp\/v2\/posts\/46507\/revisions"}],"predecessor-version":[{"id":46508,"href":"https:\/\/www.tgrthaber.com\/mavikadin\/wp-json\/wp\/v2\/posts\/46507\/revisions\/46508"}],"wp:featuredmedia":[{"embeddable":true,"href":"https:\/\/www.tgrthaber.com\/mavikadin\/wp-json\/wp\/v2\/media\/46506"}],"wp:attachment":[{"href":"https:\/\/www.tgrthaber.com\/mavikadin\/wp-json\/wp\/v2\/media?parent=46507"}],"wp:term":[{"taxonomy":"category","embeddable":true,"href":"https:\/\/www.tgrthaber.com\/mavikadin\/wp-json\/wp\/v2\/categories?post=46507"},{"taxonomy":"post_tag","embeddable":true,"href":"https:\/\/www.tgrthaber.com\/mavikadin\/wp-json\/wp\/v2\/tags?post=46507"}],"curies":[{"name":"wp","href":"https:\/\/api.w.org\/{rel}","templated":true}]}}