{"id":47694,"date":"2021-12-02T16:12:56","date_gmt":"2021-12-02T13:12:56","guid":{"rendered":"https:\/\/new.mavikadin.com\/?p=47694"},"modified":"2024-09-16T12:08:38","modified_gmt":"2024-09-16T09:08:38","slug":"pinar-deniz-kimdir-kac-yasinda-nereli-boyu-kac","status":"publish","type":"post","link":"https:\/\/www.tgrthaber.com\/mavikadin\/pinar-deniz-kimdir-kac-yasinda-nereli-boyu-kac\/","title":{"rendered":"P\u0131nar Deniz kimdir, ka\u00e7 ya\u015f\u0131nda, nereli, boyu ka\u00e7?"},"content":{"rendered":"<p>P\u0131nar Deniz, Yarg\u0131 dizisinde sergiledi\u011fi oyunculu\u011fu ve g\u00fczelli\u011fi ile dikkatleri \u00fczerine \u00e7ekiyor. Pek \u00e7ok dizi ve filmde yer alan ba\u015far\u0131l\u0131 oyuncu son g\u00fcnlerin pop\u00fcler dizisi Yarg\u0131 ile ekranlarda. Peki P\u0131nar Deniz kim, nereli, ka\u00e7 ya\u015f\u0131nda ve hangi dizi ve filmlerde oynad\u0131?<\/p>\n<p>Yarg\u0131 dizisinde Ceylin karakterini canland\u0131ran P\u0131nar Deniz en b\u00fcy\u00fck \u00e7\u0131k\u0131\u015f\u0131n\u0131 Vatan\u0131m Sensin dizisiyle yapt\u0131. <strong>\u015eimdilerde son d\u00f6neme damga vuran Yarg\u0131 dizisinde Avukat rol\u00fcyle yer al\u0131yor.<\/strong> P\u0131nar Deniz\u2019in oynad\u0131\u011f\u0131 diziler, nereli ve ka\u00e7 ya\u015f\u0131nda oldu\u011fu s\u0131k s\u0131k ara\u015ft\u0131r\u0131l\u0131yor. <strong>Peki P\u0131nar Deniz kimdir, nereli, ka\u00e7 ya\u015f\u0131nda?<\/strong><\/p>\n<h3><span style=\"color:#800000;\"><span style=\"font-size:18px;\"><u><strong>PINAR DEN\u0130Z K\u0130MD\u0130R?<\/strong><\/u><\/span><\/span><\/h3>\n<p><strong>P\u0131nar Deniz 4 Kas\u0131m 1993 Adana do\u011fumlu. 28 ya\u015f\u0131nda. Aslen Mardinli\u2019dir. <\/strong>Arap k\u00f6kenli bir ailenin \u00e7ocu\u011fu olan Deniz\u2019in 5 karde\u015fi bulunuyor. P\u0131nar Deniz Adana\u2019da ba\u015flad\u0131\u011f\u0131 e\u011fitim hayat\u0131na liseden mezun olduktan sonra \u0130stanbul\u2019da devam etti. \u0130stanbul \u00dcniversitesi Halkla \u0130li\u015fkiler ve Reklamc\u0131l\u0131k B\u00f6l\u00fcm\u00fc\u2019nden mezun oldu.<\/p>\n<p>P\u0131nar Deniz, oyunculuk kariyerine ilk olarak 2014 y\u0131l\u0131nda yay\u0131mlanan Sil Ba\u015ftan dizisi ile ba\u015flad\u0131. 2016-2018 y\u0131llar\u0131 aras\u0131nda \u201cVatan\u0131m Sensin\u201d dizisinde Y\u0131ld\u0131z karakterini canland\u0131rd\u0131. Ard\u0131ndan Bir Deli R\u00fczgar ve Netflix\u2019te yay\u0131nlanan A\u015fk 101 dizisinde ba\u015frol oldu. <strong>P\u0131nar Deniz K\u0131rm\u0131z\u0131 Oda dizisinde konuk oyuncu olarak yer alm\u0131\u015f ve burada da yetene\u011fiyle \u00e7ok konu\u015fulmu\u015ftu.<\/strong><\/p>\n<p>Hayat\u0131 d\u0131\u015f\u0131nda boyu, kilosu ve burcu da merak edilen P\u0131nar Deniz 1.68 boyunda ve 52 kilo. Burcu ise Akrep.<\/p>\n<p style=\"text-align:center\"><img loading=\"lazy\" decoding=\"async\" alt=\"\" height=\"700\" src=\"https:\/\/www.tgrthaber.com\/mavikadin\/wp-content\/images\/ckfiles\/images\/yargi-deyl\u0131n-pinar-den\u0131r-k\u0131md\u0131r-hang\u0131-d\u0131z\u0131-ve-f\u0131lmlerde-oynadi (3).jpg\" width=\"1280\" title=\"\"><\/p>\n<h3><span style=\"color:#800000;\"><span style=\"font-size:18px;\"><u><strong>PINAR DEN\u0130Z\u2019\u0130N ROL ALDI\u011eI D\u0130Z\u0130LER<\/strong><\/u><\/span><\/span><\/h3>\n<p>P\u0131nar Deniz Kanal D ekranlar\u0131nda yay\u0131nlanan Yarg\u0131\u2019da \u201cCeylin\u201d karakteri ile kar\u015f\u0131m\u0131zda. \u0130\u015fte g\u00fczel oyuncunun oynad\u0131\u011f\u0131 diziler:<\/p>\n<ul>\n<li><strong>(2014) Sil Ba\u015ftan \u2013 Evrim<\/strong><\/li>\n<li>(2015) Beyaz Yalan \u2013 Azra<\/li>\n<li><strong>(2016-2018) Vatan\u0131m Sensin \u2013 Y\u0131ld\u0131z<\/strong><\/li>\n<li>(2018) Bir Deli R\u00fczgar \u2013 G\u00f6k\u00e7e<\/li>\n<li><strong>(2020-2021) A\u015fk 101 \u2013 Burcu<\/strong><\/li>\n<li>(2020) Menajerimi Ara \u2013 P\u0131nar Deniz<\/li>\n<li><strong>(2021) K\u0131rm\u0131z\u0131 Oda \u2013 Nazl\u0131<\/strong><\/li>\n<li>(2021) Yarg\u0131 \u2013 Ceylin<\/li>\n<\/ul>\n<p style=\"text-align:center\"><img loading=\"lazy\" decoding=\"async\" alt=\"\" height=\"700\" src=\"https:\/\/www.tgrthaber.com\/mavikadin\/wp-content\/images\/ckfiles\/images\/yargi-deyl\u0131n-pinar-den\u0131r-k\u0131md\u0131r-hang\u0131-d\u0131z\u0131-ve-f\u0131lmlerde-oynadi (2)(1).jpg\" width=\"640\" title=\"\"><\/p>\n<h3><span style=\"color:#800000;\"><span style=\"font-size:18px;\"><u><strong>PINAR DEN\u0130Z\u2019iN ROL ALDI\u011eI F\u0130LMLER<\/strong><\/u><\/span><\/span><\/h3>\n<ul>\n<li>\n<p>(2017) Karde\u015fim Benim 2 \u2013 Didem<\/p>\n<\/li>\n<li>\n<p><strong>(2020) \u0130nsanlar \u0130kiye Ayr\u0131l\u0131r \u2013 Ceren<\/strong><\/p>\n<\/li>\n<li>(2021) A\u015fk\u0131n K\u0131yameti \u2013 Selin<\/li>\n<\/ul>\n<p style=\"text-align:center\"><img loading=\"lazy\" decoding=\"async\" alt=\"\" height=\"700\" src=\"https:\/\/www.tgrthaber.com\/mavikadin\/wp-content\/images\/ckfiles\/images\/yargi-deyl\u0131n-pinar-den\u0131r-k\u0131md\u0131r-hang\u0131-d\u0131z\u0131-ve-f\u0131lmlerde-oynadi (4).jpg\" width=\"1280\" title=\"\"><\/p>\n<h3><span style=\"color:#800000;\"><span style=\"font-size:18px;\"><u><strong>YARGI D\u0130Z\u0130S\u0130 KONUSU NE?<\/strong><\/u><\/span><\/span><\/h3>\n<p>19 Eyl\u00fcl 2021\u2019de ba\u015flayan Yarg\u0131 dizisi, Pazar ak\u015famlar\u0131 Kanal D ekranlar\u0131nda izleyicileri ile bulu\u015fmaya devam ediyor. <strong>Yeni sezon dizileri aras\u0131nda ad\u0131ndan s\u0131k\u00e7a s\u00f6z edilen Yarg\u0131, oyuncu kadrosu ve konusu ile olduk\u00e7a dikkat \u00e7ekiyor.<\/strong> Gizemli bir cinayet vakas\u0131yla yollar\u0131 kesi\u015fen Savc\u0131 Ilgaz ve Avukat Ceylin\u2019in, cinayetle birlikte de\u011fi\u015fen hayatlar\u0131n\u0131 ele al\u0131yor. Sema Ergenekon\u2019un senaryosunu \u00fcstlendi\u011fi Yarg\u0131, Ali Bilgin taraf\u0131ndan y\u00f6netiliyor.<\/p>\n","protected":false},"excerpt":{"rendered":"<p>P\u0131nar Deniz, Yarg\u0131 dizisinde sergiledi\u011fi oyunculu\u011fu ve g\u00fczelli\u011fi ile dikkatleri \u00fczerine \u00e7ekiyor. Pek \u00e7ok dizi ve filmde yer alan ba\u015far\u0131l\u0131 oyuncu son g\u00fcnlerin pop\u00fcler dizisi Yarg\u0131 ile ekranlarda. Peki P\u0131nar Deniz kim, nereli, ka\u00e7 ya\u015f\u0131nda ve hangi dizi ve filmlerde oynad\u0131? Yarg\u0131 dizisinde Ceylin karakterini canland\u0131ran P\u0131nar Deniz en b\u00fcy\u00fck \u00e7\u0131k\u0131\u015f\u0131n\u0131 Vatan\u0131m Sensin dizisiyle yapt\u0131. [&hellip;]<\/p>\n","protected":false},"author":8,"featured_media":47693,"comment_status":"closed","ping_status":"open","sticky":false,"template":"","format":"standard","meta":{"rank_math_lock_modified_date":false,"footnotes":""},"categories":[491],"tags":[37987,37984,19618,37985,37986],"class_list":["post-47694","post","type-post","status-publish","format-standard","has-post-thumbnail","hentry","category-biyografi","tag-pinar-deniz-dizileri","tag-pinar-deniz-kac-yasinda","tag-pinar-deniz-kimdir","tag-pinar-deniz-nereli","tag-yargi-ceylin"],"_links":{"self":[{"href":"https:\/\/www.tgrthaber.com\/mavikadin\/wp-json\/wp\/v2\/posts\/47694"}],"collection":[{"href":"https:\/\/www.tgrthaber.com\/mavikadin\/wp-json\/wp\/v2\/posts"}],"about":[{"href":"https:\/\/www.tgrthaber.com\/mavikadin\/wp-json\/wp\/v2\/types\/post"}],"author":[{"embeddable":true,"href":"https:\/\/www.tgrthaber.com\/mavikadin\/wp-json\/wp\/v2\/users\/8"}],"replies":[{"embeddable":true,"href":"https:\/\/www.tgrthaber.com\/mavikadin\/wp-json\/wp\/v2\/comments?post=47694"}],"version-history":[{"count":1,"href":"https:\/\/www.tgrthaber.com\/mavikadin\/wp-json\/wp\/v2\/posts\/47694\/revisions"}],"predecessor-version":[{"id":47695,"href":"https:\/\/www.tgrthaber.com\/mavikadin\/wp-json\/wp\/v2\/posts\/47694\/revisions\/47695"}],"wp:featuredmedia":[{"embeddable":true,"href":"https:\/\/www.tgrthaber.com\/mavikadin\/wp-json\/wp\/v2\/media\/47693"}],"wp:attachment":[{"href":"https:\/\/www.tgrthaber.com\/mavikadin\/wp-json\/wp\/v2\/media?parent=47694"}],"wp:term":[{"taxonomy":"category","embeddable":true,"href":"https:\/\/www.tgrthaber.com\/mavikadin\/wp-json\/wp\/v2\/categories?post=47694"},{"taxonomy":"post_tag","embeddable":true,"href":"https:\/\/www.tgrthaber.com\/mavikadin\/wp-json\/wp\/v2\/tags?post=47694"}],"curies":[{"name":"wp","href":"https:\/\/api.w.org\/{rel}","templated":true}]}}