{"id":49751,"date":"2022-08-09T18:03:57","date_gmt":"2022-08-09T15:03:57","guid":{"rendered":"https:\/\/new.mavikadin.com\/?p=49751"},"modified":"2024-09-16T12:53:49","modified_gmt":"2024-09-16T09:53:49","slug":"nihat-dogan-iranli-hayrani-ile-evlendi","status":"publish","type":"post","link":"https:\/\/www.tgrthaber.com\/mavikadin\/nihat-dogan-iranli-hayrani-ile-evlendi\/","title":{"rendered":"Nihat Do\u011fan \u0130ranl\u0131 hayran\u0131 ile evlendi!"},"content":{"rendered":"<p>Nihat Do\u011fan bir y\u0131ld\u0131r arkada\u015fl\u0131klar\u0131 olan \u0130ranl\u0131 hayran\u0131 Arzu Do\u011fan ile sessiz sedas\u0131z nikah masas\u0131na oturdu.<\/p>\n<p>\u015eark\u0131c\u0131 Nihat Do\u011fan \u0130ranl\u0131 k\u0131z arkada\u015f\u0131 Arzu Do\u011fan ile aile aras\u0131nda k\u0131y\u0131lan bir nikahla d\u00fcnya evine&nbsp;girdi.&nbsp;<\/p>\n<p>\u00c7iftin yakla\u015f\u0131k bir y\u0131ld\u0131r arkada\u015fl\u0131k etti\u011fi \u00f6\u011frenildi.<\/p>\n<p>G\u00fcndeme bomba gibi d\u00fc\u015fen bu evlilik haberinin ard\u0131ndan bir iddia daha ortaya at\u0131ld\u0131. S\u00f6ylentilere g\u00f6re Arzu Do\u011fan 3,5 ayl\u0131k hamile.<\/p>\n<p><img loading=\"lazy\" decoding=\"async\" alt=\"\" height=\"700\" src=\"https:\/\/www.tgrthaber.com\/mavikadin\/wp-content\/images\/ckfiles\/images\/nihat_dogan_iranli_hayraniyla_evlendi (3).jpg\" width=\"1280\" title=\"\"><\/p>\n","protected":false},"excerpt":{"rendered":"<p>Nihat Do\u011fan bir y\u0131ld\u0131r arkada\u015fl\u0131klar\u0131 olan \u0130ranl\u0131 hayran\u0131 Arzu Do\u011fan ile sessiz sedas\u0131z nikah masas\u0131na oturdu. \u015eark\u0131c\u0131 Nihat Do\u011fan \u0130ranl\u0131 k\u0131z arkada\u015f\u0131 Arzu Do\u011fan ile aile aras\u0131nda k\u0131y\u0131lan bir nikahla d\u00fcnya evine&nbsp;girdi.&nbsp; \u00c7iftin yakla\u015f\u0131k bir y\u0131ld\u0131r arkada\u015fl\u0131k etti\u011fi \u00f6\u011frenildi. G\u00fcndeme bomba gibi d\u00fc\u015fen bu evlilik haberinin ard\u0131ndan bir iddia daha ortaya at\u0131ld\u0131. S\u00f6ylentilere g\u00f6re Arzu [&hellip;]<\/p>\n","protected":false},"author":2,"featured_media":49750,"comment_status":"closed","ping_status":"open","sticky":false,"template":"","format":"standard","meta":{"rank_math_lock_modified_date":false,"footnotes":""},"categories":[76],"tags":[39543,2310,39542,39545,39544],"class_list":["post-49751","post","type-post","status-publish","format-standard","has-post-thumbnail","hentry","category-magazin","tag-arzu-dogan","tag-nihat-dogan","tag-nihat-dogan-evlendi","tag-nihat-dogan-hamilelik","tag-nihat-dogan-iranli-hayrani"],"_links":{"self":[{"href":"https:\/\/www.tgrthaber.com\/mavikadin\/wp-json\/wp\/v2\/posts\/49751"}],"collection":[{"href":"https:\/\/www.tgrthaber.com\/mavikadin\/wp-json\/wp\/v2\/posts"}],"about":[{"href":"https:\/\/www.tgrthaber.com\/mavikadin\/wp-json\/wp\/v2\/types\/post"}],"author":[{"embeddable":true,"href":"https:\/\/www.tgrthaber.com\/mavikadin\/wp-json\/wp\/v2\/users\/2"}],"replies":[{"embeddable":true,"href":"https:\/\/www.tgrthaber.com\/mavikadin\/wp-json\/wp\/v2\/comments?post=49751"}],"version-history":[{"count":1,"href":"https:\/\/www.tgrthaber.com\/mavikadin\/wp-json\/wp\/v2\/posts\/49751\/revisions"}],"predecessor-version":[{"id":49752,"href":"https:\/\/www.tgrthaber.com\/mavikadin\/wp-json\/wp\/v2\/posts\/49751\/revisions\/49752"}],"wp:featuredmedia":[{"embeddable":true,"href":"https:\/\/www.tgrthaber.com\/mavikadin\/wp-json\/wp\/v2\/media\/49750"}],"wp:attachment":[{"href":"https:\/\/www.tgrthaber.com\/mavikadin\/wp-json\/wp\/v2\/media?parent=49751"}],"wp:term":[{"taxonomy":"category","embeddable":true,"href":"https:\/\/www.tgrthaber.com\/mavikadin\/wp-json\/wp\/v2\/categories?post=49751"},{"taxonomy":"post_tag","embeddable":true,"href":"https:\/\/www.tgrthaber.com\/mavikadin\/wp-json\/wp\/v2\/tags?post=49751"}],"curies":[{"name":"wp","href":"https:\/\/api.w.org\/{rel}","templated":true}]}}