{"id":49775,"date":"2022-08-10T14:51:32","date_gmt":"2022-08-10T11:51:32","guid":{"rendered":"https:\/\/new.mavikadin.com\/?p=49775"},"modified":"2024-09-16T12:54:17","modified_gmt":"2024-09-16T09:54:17","slug":"nihat-dogan-ve-esinden-ilk-kare-arzunun-pesinden-cok-kostum","status":"publish","type":"post","link":"https:\/\/www.tgrthaber.com\/mavikadin\/nihat-dogan-ve-esinden-ilk-kare-arzunun-pesinden-cok-kostum\/","title":{"rendered":"Nihat Do\u011fan ve e\u015finden ilk kare. &#8216;Arzu&#8217;nun pe\u015finden \u00e7ok ko\u015ftum!&#8217;"},"content":{"rendered":"<p>\u0130ranl\u0131 hayran\u0131 ile evlenen Nihat Do\u011fan&#8217;dan ilk a\u00e7\u0131klama ve foto\u011fraf geldi.<\/p>\n<p>\u015eark\u0131c\u0131 Nihat Do\u011fan&#8217;\u0131n \u00f6nceki g\u00fcn \u0130ranl\u0131 hayran\u0131 ile nikah masas\u0131na oturdu\u011fu haberi g\u00fcndem olmu\u015ftu. \u015eark\u0131c\u0131dan ilk a\u00e7\u0131klama geldi<\/p>\n<p>Arkada\u015f ortam\u0131nda tan\u0131\u015ft\u0131klar\u0131n\u0131 s\u00f6yleyen Nihat Do\u011fan, e\u015fi Arzu Do\u011fan&#8217;\u0131n hamileli\u011fi nedeniyle d\u00fc\u011f\u00fcn\u00fc erkene ald\u0131klar\u0131n\u0131 anlatt\u0131: &#8221;Dini nik\u00e2h\u0131m\u0131z yap\u0131lm\u0131\u015ft\u0131, D\u00fc\u011f\u00fcn yapaca\u011f\u0131m\u0131z esnada amcam\u0131n han\u0131m\u0131n\u0131 kaybettik. Bu nedenle d\u00fc\u011f\u00fcn\u00fc ertelemi\u015ftik. Ama e\u015fimin bebek beklemesi nedeniyle \u015fimdi resmi nik\u00e2h\u0131 k\u0131yd\u0131k.&#8221;<\/p>\n<p style=\"text-align:center\"><img loading=\"lazy\" decoding=\"async\" alt=\"\" height=\"700\" src=\"https:\/\/www.tgrthaber.com\/mavikadin\/wp-content\/images\/ckfiles\/images\/nihat_dogan_ve_esinden_ilk_kare_arzunun_pesinden_cok_kostum (3).jpg\" width=\"640\" title=\"\"><\/p>\n<p>E\u015fi Arzu Do\u011fan&#8217;\u0131 ikna etmek i\u00e7in \u00e7ok u\u011fra\u015ft\u0131\u011f\u0131n\u0131 s\u00f6yleyen Nihat Do\u011fan ekledi: &#8221;Arzu Han\u0131m\u2019\u0131n pe\u015finden \u00e7ok ko\u015ftum, evlenmek i\u00e7in \u00e7ok u\u011fra\u015ft\u0131m. Sonra annemle \u0130ran\u2019a gidip ailesinden istedik.&#8221;<\/p>\n<p>Babal\u0131k heyecan\u0131 ya\u015fad\u0131\u011f\u0131n\u0131 da ifade eden \u015fark\u0131c\u0131; &#8221;Dostlar\u0131m\u0131z haber vermeden evlendi\u011fimiz i\u00e7in k\u0131r\u0131lm\u0131\u015f ama bebek i\u00e7in elimizi \u00e7abuk tutmak istedik. Allah nasip ederse, daha sonra b\u00fcy\u00fck bir d\u00fc\u011f\u00fcn yapaca\u011f\u0131z.&#8221; \u015feklinde konu\u015ftu.<\/p>\n<p>&nbsp;<\/p>\n","protected":false},"excerpt":{"rendered":"<p>\u0130ranl\u0131 hayran\u0131 ile evlenen Nihat Do\u011fan&#8217;dan ilk a\u00e7\u0131klama ve foto\u011fraf geldi. \u015eark\u0131c\u0131 Nihat Do\u011fan&#8217;\u0131n \u00f6nceki g\u00fcn \u0130ranl\u0131 hayran\u0131 ile nikah masas\u0131na oturdu\u011fu haberi g\u00fcndem olmu\u015ftu. \u015eark\u0131c\u0131dan ilk a\u00e7\u0131klama geldi Arkada\u015f ortam\u0131nda tan\u0131\u015ft\u0131klar\u0131n\u0131 s\u00f6yleyen Nihat Do\u011fan, e\u015fi Arzu Do\u011fan&#8217;\u0131n hamileli\u011fi nedeniyle d\u00fc\u011f\u00fcn\u00fc erkene ald\u0131klar\u0131n\u0131 anlatt\u0131: &#8221;Dini nik\u00e2h\u0131m\u0131z yap\u0131lm\u0131\u015ft\u0131, D\u00fc\u011f\u00fcn yapaca\u011f\u0131m\u0131z esnada amcam\u0131n han\u0131m\u0131n\u0131 kaybettik. Bu nedenle [&hellip;]<\/p>\n","protected":false},"author":2,"featured_media":49774,"comment_status":"closed","ping_status":"open","sticky":false,"template":"","format":"standard","meta":{"rank_math_lock_modified_date":false,"footnotes":""},"categories":[76],"tags":[39543,2310,39542,39563,39564],"class_list":["post-49775","post","type-post","status-publish","format-standard","has-post-thumbnail","hentry","category-magazin","tag-arzu-dogan","tag-nihat-dogan","tag-nihat-dogan-evlendi","tag-nihat-dogan-hamile","tag-sarkici-nihat-dogan"],"_links":{"self":[{"href":"https:\/\/www.tgrthaber.com\/mavikadin\/wp-json\/wp\/v2\/posts\/49775"}],"collection":[{"href":"https:\/\/www.tgrthaber.com\/mavikadin\/wp-json\/wp\/v2\/posts"}],"about":[{"href":"https:\/\/www.tgrthaber.com\/mavikadin\/wp-json\/wp\/v2\/types\/post"}],"author":[{"embeddable":true,"href":"https:\/\/www.tgrthaber.com\/mavikadin\/wp-json\/wp\/v2\/users\/2"}],"replies":[{"embeddable":true,"href":"https:\/\/www.tgrthaber.com\/mavikadin\/wp-json\/wp\/v2\/comments?post=49775"}],"version-history":[{"count":1,"href":"https:\/\/www.tgrthaber.com\/mavikadin\/wp-json\/wp\/v2\/posts\/49775\/revisions"}],"predecessor-version":[{"id":49776,"href":"https:\/\/www.tgrthaber.com\/mavikadin\/wp-json\/wp\/v2\/posts\/49775\/revisions\/49776"}],"wp:featuredmedia":[{"embeddable":true,"href":"https:\/\/www.tgrthaber.com\/mavikadin\/wp-json\/wp\/v2\/media\/49774"}],"wp:attachment":[{"href":"https:\/\/www.tgrthaber.com\/mavikadin\/wp-json\/wp\/v2\/media?parent=49775"}],"wp:term":[{"taxonomy":"category","embeddable":true,"href":"https:\/\/www.tgrthaber.com\/mavikadin\/wp-json\/wp\/v2\/categories?post=49775"},{"taxonomy":"post_tag","embeddable":true,"href":"https:\/\/www.tgrthaber.com\/mavikadin\/wp-json\/wp\/v2\/tags?post=49775"}],"curies":[{"name":"wp","href":"https:\/\/api.w.org\/{rel}","templated":true}]}}