{"id":49787,"date":"2022-08-11T18:15:39","date_gmt":"2022-08-11T15:15:39","guid":{"rendered":"https:\/\/new.mavikadin.com\/?p=49787"},"modified":"2024-09-16T12:54:34","modified_gmt":"2024-09-16T09:54:34","slug":"muazzez-ersoyun-63-yas-hediyesi-tam-180-bin-euro","status":"publish","type":"post","link":"https:\/\/www.tgrthaber.com\/mavikadin\/muazzez-ersoyun-63-yas-hediyesi-tam-180-bin-euro\/","title":{"rendered":"Muazzez Ersoy&#8217;un 63. ya\u015f hediyesi tam 180 bin Euro!"},"content":{"rendered":"<p>T\u00fcrk Sanat M\u00fczi\u011fi&#8217;nin efsanevi isimlerinden Muazzez Ersoy, \u00f6nceki g\u00fcn 63 ya\u015f\u0131na girdi. \u015eark\u0131c\u0131n\u0131n kolundaki p\u0131rlanta kapl\u0131 saat dikkat \u00e7ekti. Kimin hediyesi oldu\u011funu s\u00f6ylemek istemeyen sanat\u00e7\u0131n\u0131n kolundaki saatin fiyat\u0131 dudak u\u00e7uklatt\u0131.<\/p>\n<p>\u00dcnl\u00fc sanat\u00e7\u0131 Muazzez Ersoy \u00f6nceki g\u00fcn Bodrum&#8217;da do\u011fum g\u00fcn\u00fcn\u00fc kutlad\u0131. Ailesi ve arkada\u015flar\u0131yla Bodrum Kumbah\u00e7e&#8217;de bir restoranda denize naz\u0131r do\u011fum g\u00fcn\u00fcn\u00fc kutlayan Muazzez Ersoy, gecede renkli g\u00f6r\u00fcnt\u00fclere imza att\u0131.<\/p>\n<p>SAAT D\u0130KKAT \u00c7EKT\u0130<\/p>\n<p>Sanat\u00e7\u0131n\u0131n klundaki g\u00fcm\u00fc\u015f rengi p\u0131rlanta kapl\u0131 saati dikkati \u00e7ekiyordu. Gecede dikkat \u00e7eken bu saatin do\u011fum g\u00fcn\u00fc hediyesi oldu\u011funu s\u00f6yleyen Ersoy, kimden oldu\u011funu s\u00f6ylemedi. Gazetecilerin \u0131srarl\u0131 sorular\u0131na ra\u011fmen kimden olu\u011funu s\u00f6ylemeyen \u00fcnl\u00fc sanat\u00e7\u0131, bu konuda a\u00e7\u0131klama yapmayaca\u011f\u0131n\u0131 s\u00f6yledi. \u015eark\u0131c\u0131n\u0131n kolundaki tam tam\u0131na 180 bin euro oldu\u011fu \u00f6\u011frenildi.<\/p>\n<p style=\"text-align:center\"><img loading=\"lazy\" decoding=\"async\" alt=\"\" height=\"700\" src=\"https:\/\/www.tgrthaber.com\/mavikadin\/wp-content\/images\/ckfiles\/images\/muazzez_ersoyun_63_yas_hediyesi_tam_tamina_180_bin_euro (2).jpg\" width=\"640\" title=\"\"><\/p>\n","protected":false},"excerpt":{"rendered":"<p>T\u00fcrk Sanat M\u00fczi\u011fi&#8217;nin efsanevi isimlerinden Muazzez Ersoy, \u00f6nceki g\u00fcn 63 ya\u015f\u0131na girdi. \u015eark\u0131c\u0131n\u0131n kolundaki p\u0131rlanta kapl\u0131 saat dikkat \u00e7ekti. Kimin hediyesi oldu\u011funu s\u00f6ylemek istemeyen sanat\u00e7\u0131n\u0131n kolundaki saatin fiyat\u0131 dudak u\u00e7uklatt\u0131. \u00dcnl\u00fc sanat\u00e7\u0131 Muazzez Ersoy \u00f6nceki g\u00fcn Bodrum&#8217;da do\u011fum g\u00fcn\u00fcn\u00fc kutlad\u0131. Ailesi ve arkada\u015flar\u0131yla Bodrum Kumbah\u00e7e&#8217;de bir restoranda denize naz\u0131r do\u011fum g\u00fcn\u00fcn\u00fc kutlayan Muazzez Ersoy, gecede [&hellip;]<\/p>\n","protected":false},"author":2,"featured_media":49786,"comment_status":"closed","ping_status":"open","sticky":false,"template":"","format":"standard","meta":{"rank_math_lock_modified_date":false,"footnotes":""},"categories":[76],"tags":[1005,1328],"class_list":["post-49787","post","type-post","status-publish","format-standard","has-post-thumbnail","hentry","category-magazin","tag-ersoy","tag-muazzez"],"_links":{"self":[{"href":"https:\/\/www.tgrthaber.com\/mavikadin\/wp-json\/wp\/v2\/posts\/49787"}],"collection":[{"href":"https:\/\/www.tgrthaber.com\/mavikadin\/wp-json\/wp\/v2\/posts"}],"about":[{"href":"https:\/\/www.tgrthaber.com\/mavikadin\/wp-json\/wp\/v2\/types\/post"}],"author":[{"embeddable":true,"href":"https:\/\/www.tgrthaber.com\/mavikadin\/wp-json\/wp\/v2\/users\/2"}],"replies":[{"embeddable":true,"href":"https:\/\/www.tgrthaber.com\/mavikadin\/wp-json\/wp\/v2\/comments?post=49787"}],"version-history":[{"count":1,"href":"https:\/\/www.tgrthaber.com\/mavikadin\/wp-json\/wp\/v2\/posts\/49787\/revisions"}],"predecessor-version":[{"id":49788,"href":"https:\/\/www.tgrthaber.com\/mavikadin\/wp-json\/wp\/v2\/posts\/49787\/revisions\/49788"}],"wp:featuredmedia":[{"embeddable":true,"href":"https:\/\/www.tgrthaber.com\/mavikadin\/wp-json\/wp\/v2\/media\/49786"}],"wp:attachment":[{"href":"https:\/\/www.tgrthaber.com\/mavikadin\/wp-json\/wp\/v2\/media?parent=49787"}],"wp:term":[{"taxonomy":"category","embeddable":true,"href":"https:\/\/www.tgrthaber.com\/mavikadin\/wp-json\/wp\/v2\/categories?post=49787"},{"taxonomy":"post_tag","embeddable":true,"href":"https:\/\/www.tgrthaber.com\/mavikadin\/wp-json\/wp\/v2\/tags?post=49787"}],"curies":[{"name":"wp","href":"https:\/\/api.w.org\/{rel}","templated":true}]}}