{"id":49799,"date":"2022-08-12T19:42:38","date_gmt":"2022-08-12T16:42:38","guid":{"rendered":"https:\/\/new.mavikadin.com\/?p=49799"},"modified":"2024-09-16T12:54:49","modified_gmt":"2024-09-16T09:54:49","slug":"melis-sezen-iddiali-bir-yapimla-geri-donuyor","status":"publish","type":"post","link":"https:\/\/www.tgrthaber.com\/mavikadin\/melis-sezen-iddiali-bir-yapimla-geri-donuyor\/","title":{"rendered":"Melis Sezen iddial\u0131 bir yap\u0131mla geri d\u00f6n\u00fcyor!"},"content":{"rendered":"<p>Sadakatsiz dizisindeki performans\u0131 ile g\u00f6z dolduran ve y\u0131ld\u0131z\u0131 parlayan Melis Sezen yepyeni bir projeyle ekranlara d\u00f6nmeye haz\u0131rlan\u0131yor. \u00dcnl\u00fc oyuncu, \u00f6nceki g\u00fcn bir al\u0131\u015fveri\u015f merkezinde gazetecilere m\u00fcjdeyi verdi.<\/p>\n<p>Sadakatsiz dizisindeki canland\u0131rd\u0131\u011f\u0131 Derin karakteriyle b\u00fcy\u00fck bir ivme kazanan oyuncu 25 ya\u015f\u0131ndaki Melis Sezen, dizinin ard\u0131ndan ad\u0131ndan s\u00f6z ettirmeye devam ediyor. \u00dcnl\u00fc isim \u00f6nceki g\u00fcn bir al\u0131\u015fveri\u015f merkezinde objektiflere yans\u0131d\u0131. Yeni projesiyle ilgili ilk kez a\u00e7\u0131klama yapan Sezen m\u00fcjdeyi verdi.<\/p>\n<h3><strong>&#8221;YEN\u0130 B\u0130R D\u0130Z\u0130YE BA\u015eLIYORUM&#8221;<\/strong><\/h3>\n<p>Arkada\u015flar\u0131yla birlikte yemek yemek i\u00e7in al\u0131\u015fveri\u015f merkezine geldi\u011fini s\u00f6yleyen \u00fcnl\u00fc isim yeni dizi m\u00fcjdesiyle hayranlar\u0131n\u0131 sevindirdi. &#8220;Dijital bir platformda yeni bir diziye ba\u015flayaca\u011f\u0131m. Proje \u015fimdilik gizli oldu\u011fu i\u00e7in pek bir \u015fey s\u00f6ylemeyeyim&#8221; demekle yetindi.<\/p>\n<p style=\"text-align:center\"><img loading=\"lazy\" decoding=\"async\" alt=\"\" height=\"700\" src=\"https:\/\/www.tgrthaber.com\/mavikadin\/wp-content\/images\/ckfiles\/images\/melis_sezen_iddiali_bir_yapimla_geri_donuyor (1).jpg\" width=\"640\" title=\"\"><\/p>\n","protected":false},"excerpt":{"rendered":"<p>Sadakatsiz dizisindeki performans\u0131 ile g\u00f6z dolduran ve y\u0131ld\u0131z\u0131 parlayan Melis Sezen yepyeni bir projeyle ekranlara d\u00f6nmeye haz\u0131rlan\u0131yor. \u00dcnl\u00fc oyuncu, \u00f6nceki g\u00fcn bir al\u0131\u015fveri\u015f merkezinde gazetecilere m\u00fcjdeyi verdi. Sadakatsiz dizisindeki canland\u0131rd\u0131\u011f\u0131 Derin karakteriyle b\u00fcy\u00fck bir ivme kazanan oyuncu 25 ya\u015f\u0131ndaki Melis Sezen, dizinin ard\u0131ndan ad\u0131ndan s\u00f6z ettirmeye devam ediyor. \u00dcnl\u00fc isim \u00f6nceki g\u00fcn bir al\u0131\u015fveri\u015f merkezinde [&hellip;]<\/p>\n","protected":false},"author":2,"featured_media":49798,"comment_status":"closed","ping_status":"open","sticky":false,"template":"","format":"standard","meta":{"rank_math_lock_modified_date":false,"footnotes":""},"categories":[76],"tags":[15897,3008,7370,38400,3185],"class_list":["post-49799","post","type-post","status-publish","format-standard","has-post-thumbnail","hentry","category-magazin","tag-dijital-platform","tag-melis-sezen","tag-oyuncu","tag-sadakatsiz","tag-yeni-dizi"],"_links":{"self":[{"href":"https:\/\/www.tgrthaber.com\/mavikadin\/wp-json\/wp\/v2\/posts\/49799"}],"collection":[{"href":"https:\/\/www.tgrthaber.com\/mavikadin\/wp-json\/wp\/v2\/posts"}],"about":[{"href":"https:\/\/www.tgrthaber.com\/mavikadin\/wp-json\/wp\/v2\/types\/post"}],"author":[{"embeddable":true,"href":"https:\/\/www.tgrthaber.com\/mavikadin\/wp-json\/wp\/v2\/users\/2"}],"replies":[{"embeddable":true,"href":"https:\/\/www.tgrthaber.com\/mavikadin\/wp-json\/wp\/v2\/comments?post=49799"}],"version-history":[{"count":1,"href":"https:\/\/www.tgrthaber.com\/mavikadin\/wp-json\/wp\/v2\/posts\/49799\/revisions"}],"predecessor-version":[{"id":49800,"href":"https:\/\/www.tgrthaber.com\/mavikadin\/wp-json\/wp\/v2\/posts\/49799\/revisions\/49800"}],"wp:featuredmedia":[{"embeddable":true,"href":"https:\/\/www.tgrthaber.com\/mavikadin\/wp-json\/wp\/v2\/media\/49798"}],"wp:attachment":[{"href":"https:\/\/www.tgrthaber.com\/mavikadin\/wp-json\/wp\/v2\/media?parent=49799"}],"wp:term":[{"taxonomy":"category","embeddable":true,"href":"https:\/\/www.tgrthaber.com\/mavikadin\/wp-json\/wp\/v2\/categories?post=49799"},{"taxonomy":"post_tag","embeddable":true,"href":"https:\/\/www.tgrthaber.com\/mavikadin\/wp-json\/wp\/v2\/tags?post=49799"}],"curies":[{"name":"wp","href":"https:\/\/api.w.org\/{rel}","templated":true}]}}