{"id":49805,"date":"2022-08-12T20:23:39","date_gmt":"2022-08-12T17:23:39","guid":{"rendered":"https:\/\/new.mavikadin.com\/?p=49805"},"modified":"2024-09-16T12:55:04","modified_gmt":"2024-09-16T09:55:04","slug":"oguzhan-koc-az-kaldi-evleniyoruz","status":"publish","type":"post","link":"https:\/\/www.tgrthaber.com\/mavikadin\/oguzhan-koc-az-kaldi-evleniyoruz\/","title":{"rendered":"O\u011fuzhan Ko\u00e7: Az kald\u0131, evleniyoruz!"},"content":{"rendered":"<p>Oyuncu Demet \u00d6zdemir ile 26 A\u011fustos&#8217;ta nikah masas\u0131na oturmaya haz\u0131rlanan \u015fark\u0131c\u0131 O\u011fuzhan Ko\u00e7, \u00f6nceki g\u00fcn objektiflere yans\u0131d\u0131. \u015eark\u0131c\u0131; &#8220;Masa d\u00fczenini ayarlama durumuna kadar geldik. Az kald\u0131, art\u0131k evleniyoruz.&#8221; dedi.<\/p>\n<p>O\u011fuzhan Ko\u00e7, \u00f6nceki g\u00fcn Arnavutk\u00f6y&#8217;deki bir mekandan \u00e7\u0131karken g\u00f6r\u00fcnt\u00fclendi. Ko\u00e7, gazetecilere;&nbsp;&#8220;Uzun uzun r\u00f6portaj veremeyece\u011fim \u00e7\u00fcnk\u00fc \u00e7ok ge\u00e7 kald\u0131m.&#8221; dedi.<\/p>\n<h3><strong>&#8221;AZ KALDI, EVLEN\u0130YORUZ&#8221;<\/strong><\/h3>\n<p>O\u011fuzhan Ko\u00e7, 26 A\u011fustos&#8217;ta evlenecek olmas\u0131yla ilgili heyecan\u0131n\u0131 gazetecilerle payla\u015ft\u0131. Sar\u0131yer&#8217;de bir otelde yap\u0131lacak olan d\u00fc\u011f\u00fcn i\u00e7in haz\u0131rl\u0131klar\u0131n t\u00fcm h\u0131zla s\u00fcrd\u00fc\u011f\u00fcn\u00fc ifade eden O\u011fuzhan Ko\u00e7 \u015funlar\u0131 s\u00f6yledi:&nbsp;&#8220;Art\u0131k \u00e7ok az kald\u0131. Masa d\u00fczenini ayarlama durumuna kadar geldik. \u0130n\u015fallah az kald\u0131, evleniyoruz.&#8221;<\/p>\n<p style=\"text-align:center\"><img loading=\"lazy\" decoding=\"async\" alt=\"\" height=\"700\" src=\"https:\/\/www.tgrthaber.com\/mavikadin\/wp-content\/images\/ckfiles\/images\/oguzhan_koc_az_kald_evleniyoruz (2).jpg\" width=\"640\" title=\"\"><\/p>\n<p><strong>&#8221;TELAF\u0130 ETMEK \u0130\u00c7\u0130N SEVE SEVE GEL\u0130R\u0130M&#8221;<\/strong><\/p>\n<p>\u00d6te yandan ge\u00e7en hafta Ankara&#8217;da verdi\u011fi konser s\u0131ras\u0131nda ya\u011fmur ya\u011fmas\u0131 ve konseri yar\u0131da keserek bitirmesi g\u00fcndem olan \u015fark\u0131c\u0131 konuyla ilgili yeniden bir a\u00e7\u0131klama yapt\u0131 ve \u015funlar\u0131 s\u00f6yledi:<\/p>\n<p>&#8221;\u00c7ok ya\u011f\u0131\u015f oldu\u011funda hepimizin ba\u015f\u0131na gelen \u015feyler bunlar. Asl\u0131nda \u00e7ok haberle\u015fmesine ben de \u015fa\u015f\u0131rd\u0131m. Teknik aksakl\u0131klar hep var, sa\u011fl\u0131k olsun. Tekrar beni \u00e7a\u011f\u0131r\u0131rlarsa telafi etmek i\u00e7in seve seve giderim.&#8221;<\/p>\n","protected":false},"excerpt":{"rendered":"<p>Oyuncu Demet \u00d6zdemir ile 26 A\u011fustos&#8217;ta nikah masas\u0131na oturmaya haz\u0131rlanan \u015fark\u0131c\u0131 O\u011fuzhan Ko\u00e7, \u00f6nceki g\u00fcn objektiflere yans\u0131d\u0131. \u015eark\u0131c\u0131; &#8220;Masa d\u00fczenini ayarlama durumuna kadar geldik. Az kald\u0131, art\u0131k evleniyoruz.&#8221; dedi. O\u011fuzhan Ko\u00e7, \u00f6nceki g\u00fcn Arnavutk\u00f6y&#8217;deki bir mekandan \u00e7\u0131karken g\u00f6r\u00fcnt\u00fclendi. Ko\u00e7, gazetecilere;&nbsp;&#8220;Uzun uzun r\u00f6portaj veremeyece\u011fim \u00e7\u00fcnk\u00fc \u00e7ok ge\u00e7 kald\u0131m.&#8221; dedi. &#8221;AZ KALDI, EVLEN\u0130YORUZ&#8221; O\u011fuzhan Ko\u00e7, 26 A\u011fustos&#8217;ta [&hellip;]<\/p>\n","protected":false},"author":2,"featured_media":49804,"comment_status":"closed","ping_status":"open","sticky":false,"template":"","format":"standard","meta":{"rank_math_lock_modified_date":false,"footnotes":""},"categories":[76],"tags":[2570,653,301,2152],"class_list":["post-49805","post","type-post","status-publish","format-standard","has-post-thumbnail","hentry","category-magazin","tag-demet-ozdemir","tag-demir","tag-dugun","tag-oguzhan-koc"],"_links":{"self":[{"href":"https:\/\/www.tgrthaber.com\/mavikadin\/wp-json\/wp\/v2\/posts\/49805"}],"collection":[{"href":"https:\/\/www.tgrthaber.com\/mavikadin\/wp-json\/wp\/v2\/posts"}],"about":[{"href":"https:\/\/www.tgrthaber.com\/mavikadin\/wp-json\/wp\/v2\/types\/post"}],"author":[{"embeddable":true,"href":"https:\/\/www.tgrthaber.com\/mavikadin\/wp-json\/wp\/v2\/users\/2"}],"replies":[{"embeddable":true,"href":"https:\/\/www.tgrthaber.com\/mavikadin\/wp-json\/wp\/v2\/comments?post=49805"}],"version-history":[{"count":1,"href":"https:\/\/www.tgrthaber.com\/mavikadin\/wp-json\/wp\/v2\/posts\/49805\/revisions"}],"predecessor-version":[{"id":49806,"href":"https:\/\/www.tgrthaber.com\/mavikadin\/wp-json\/wp\/v2\/posts\/49805\/revisions\/49806"}],"wp:featuredmedia":[{"embeddable":true,"href":"https:\/\/www.tgrthaber.com\/mavikadin\/wp-json\/wp\/v2\/media\/49804"}],"wp:attachment":[{"href":"https:\/\/www.tgrthaber.com\/mavikadin\/wp-json\/wp\/v2\/media?parent=49805"}],"wp:term":[{"taxonomy":"category","embeddable":true,"href":"https:\/\/www.tgrthaber.com\/mavikadin\/wp-json\/wp\/v2\/categories?post=49805"},{"taxonomy":"post_tag","embeddable":true,"href":"https:\/\/www.tgrthaber.com\/mavikadin\/wp-json\/wp\/v2\/tags?post=49805"}],"curies":[{"name":"wp","href":"https:\/\/api.w.org\/{rel}","templated":true}]}}