{"id":49811,"date":"2022-08-13T17:24:58","date_gmt":"2022-08-13T14:24:58","guid":{"rendered":"https:\/\/new.mavikadin.com\/?p=49811"},"modified":"2024-09-16T12:55:12","modified_gmt":"2024-09-16T09:55:12","slug":"ebru-gundes-sahne-ucretine-oyle-bir-zam-yapti-ki","status":"publish","type":"post","link":"https:\/\/www.tgrthaber.com\/mavikadin\/ebru-gundes-sahne-ucretine-oyle-bir-zam-yapti-ki\/","title":{"rendered":"Ebru G\u00fcnde\u015f sahne \u00fccretine \u00f6yle bir zam yapt\u0131 ki!"},"content":{"rendered":"<p>\u00dcnl\u00fc \u015fark\u0131c\u0131 Ebru G\u00fcnde\u015f ge\u00e7ti\u011fimiz hafta annesini kaybetmi\u015fti. Anne ac\u0131s\u0131yla yanan G\u00fcnde\u015f&#8217;in zor g\u00fcnlerden ge\u00e7ti\u011fi bu d\u00f6nemde sahne fiyat\u0131na yapt\u0131\u011f\u0131 inan\u0131lmaz art\u0131\u015f herkesi \u015fa\u015fk\u0131na \u00e7evirdi. <\/p>\n<p>Ebru G\u00fcnde\u015f, annesi M\u00fcjgan Bilgin&#8217;i ge\u00e7ti\u011fimiz haftalarda koronavir\u00fcs nedeniyle kaybetmi\u015fti. Cenazede ayakta durmakta g\u00fc\u00e7l\u00fck \u00e7ekti\u011fi g\u00f6r\u00fclen Ebru G\u00fcnde\u015f&#8217;in annesinin vefat\u0131ndan sonraki ilk d\u00f6rt konserini Fundar Arar&#8217;a paslad\u0131\u011f\u0131 haberi gelmi\u015fti. Bu d\u00f6rt konser sonras\u0131 \u015fark\u0131c\u0131 \u00f6nceki ak\u015fam Belek&#8217;te ilk kez bir otelde sahne ald\u0131. Ebru G\u00fcnde\u015f, sahnede zor anlar ya\u015fam\u0131\u015f ve okudu\u011fu bir \u015fark\u0131n\u0131n s\u00f6zlerinden etkilenerek h\u00fcng\u00fcr h\u00fcng\u00fcr a\u011flayarak sahneden inmek zorunda kalm\u0131\u015ft\u0131.<\/p>\n<h3><strong>SAHNE \u00dcCRET\u0130 1 M\u0130LYON 800 B\u0130N TL<\/strong><\/h3>\n<p>Ebru G\u00fcnde\u015f&#8217;\u0130n anne ac\u0131s\u0131n\u0131 tatt\u0131\u011f\u0131 bu g\u00fcnlerde sahne \u00fccretine zam yapt\u0131\u011f\u0131 \u00f6\u011frenildi. Rezza Zarrab&#8217;tan bo\u015fand\u0131ktan sonra \u0130ranl\u0131 i\u015f adam\u0131&nbsp;Khoshnaw ile evlendi\u011fi iddia edilen Ebru G\u00fcnde\u015f, sahne fiyat\u0131n\u0131 tam 100 bin dolar yapt\u0131. Yakla\u015f\u0131k olarak 1 milyon 800 bin TL olan sahne \u00fccretini duyanlar \u015fa\u015fk\u0131nl\u0131klar\u0131n\u0131 gizleyemedi.<\/p>\n<p style=\"text-align:center\"><img loading=\"lazy\" decoding=\"async\" alt=\"\" height=\"700\" src=\"https:\/\/www.tgrthaber.com\/mavikadin\/wp-content\/images\/ckfiles\/images\/ebru_gundes_sahne_ucretine_oyle_bir_zam_yapti_ki (2).jpg\" width=\"640\" title=\"\"><\/p>\n","protected":false},"excerpt":{"rendered":"<p>\u00dcnl\u00fc \u015fark\u0131c\u0131 Ebru G\u00fcnde\u015f ge\u00e7ti\u011fimiz hafta annesini kaybetmi\u015fti. Anne ac\u0131s\u0131yla yanan G\u00fcnde\u015f&#8217;in zor g\u00fcnlerden ge\u00e7ti\u011fi bu d\u00f6nemde sahne fiyat\u0131na yapt\u0131\u011f\u0131 inan\u0131lmaz art\u0131\u015f herkesi \u015fa\u015fk\u0131na \u00e7evirdi. Ebru G\u00fcnde\u015f, annesi M\u00fcjgan Bilgin&#8217;i ge\u00e7ti\u011fimiz haftalarda koronavir\u00fcs nedeniyle kaybetmi\u015fti. Cenazede ayakta durmakta g\u00fc\u00e7l\u00fck \u00e7ekti\u011fi g\u00f6r\u00fclen Ebru G\u00fcnde\u015f&#8217;in annesinin vefat\u0131ndan sonraki ilk d\u00f6rt konserini Fundar Arar&#8217;a paslad\u0131\u011f\u0131 haberi gelmi\u015fti. Bu [&hellip;]<\/p>\n","protected":false},"author":2,"featured_media":49810,"comment_status":"closed","ping_status":"open","sticky":false,"template":"","format":"standard","meta":{"rank_math_lock_modified_date":false,"footnotes":""},"categories":[76],"tags":[3084,402,39580,39581],"class_list":["post-49811","post","type-post","status-publish","format-standard","has-post-thumbnail","hentry","category-magazin","tag-ebru-gundes","tag-gundes","tag-sahne-ucreti","tag-zam"],"_links":{"self":[{"href":"https:\/\/www.tgrthaber.com\/mavikadin\/wp-json\/wp\/v2\/posts\/49811"}],"collection":[{"href":"https:\/\/www.tgrthaber.com\/mavikadin\/wp-json\/wp\/v2\/posts"}],"about":[{"href":"https:\/\/www.tgrthaber.com\/mavikadin\/wp-json\/wp\/v2\/types\/post"}],"author":[{"embeddable":true,"href":"https:\/\/www.tgrthaber.com\/mavikadin\/wp-json\/wp\/v2\/users\/2"}],"replies":[{"embeddable":true,"href":"https:\/\/www.tgrthaber.com\/mavikadin\/wp-json\/wp\/v2\/comments?post=49811"}],"version-history":[{"count":1,"href":"https:\/\/www.tgrthaber.com\/mavikadin\/wp-json\/wp\/v2\/posts\/49811\/revisions"}],"predecessor-version":[{"id":49812,"href":"https:\/\/www.tgrthaber.com\/mavikadin\/wp-json\/wp\/v2\/posts\/49811\/revisions\/49812"}],"wp:featuredmedia":[{"embeddable":true,"href":"https:\/\/www.tgrthaber.com\/mavikadin\/wp-json\/wp\/v2\/media\/49810"}],"wp:attachment":[{"href":"https:\/\/www.tgrthaber.com\/mavikadin\/wp-json\/wp\/v2\/media?parent=49811"}],"wp:term":[{"taxonomy":"category","embeddable":true,"href":"https:\/\/www.tgrthaber.com\/mavikadin\/wp-json\/wp\/v2\/categories?post=49811"},{"taxonomy":"post_tag","embeddable":true,"href":"https:\/\/www.tgrthaber.com\/mavikadin\/wp-json\/wp\/v2\/tags?post=49811"}],"curies":[{"name":"wp","href":"https:\/\/api.w.org\/{rel}","templated":true}]}}