{"id":50114,"date":"2022-09-17T22:19:46","date_gmt":"2022-09-17T19:19:46","guid":{"rendered":"https:\/\/new.mavikadin.com\/?p=50114"},"modified":"2024-09-16T13:03:10","modified_gmt":"2024-09-16T10:03:10","slug":"hulya-avsar-ve-kaya-cilingiroglundan-yillar-sonra-ayni-poz","status":"publish","type":"post","link":"https:\/\/www.tgrthaber.com\/mavikadin\/hulya-avsar-ve-kaya-cilingiroglundan-yillar-sonra-ayni-poz\/","title":{"rendered":"H\u00fclya Av\u015far ve Kaya \u00c7ilingiro\u011flu&#8217;ndan y\u0131llar sonra ayn\u0131 poz!"},"content":{"rendered":"<p>H\u00fclya Av\u015far eski e\u015fi Kaya \u00c7ilingiro\u011flu ve k\u0131zlar\u0131 Zehra ile y\u0131llar sonra ayn\u0131 pozu verdi.<\/p>\n<p>1997 y\u0131l\u0131nda nikah masas\u0131na oturan H&uuml;lya Av\u015far ve Kaya &Ccedil;ilingiro\u011flu, 2005 y\u0131l\u0131nda &Ccedil;ilingiro\u011flu&#8217;nun Feraye Tanyola&ccedil; ile Av\u015far k\u0131z\u0131n\u0131 aldatmas\u0131yla bitmi\u015fti. Yollar\u0131n\u0131 ay\u0131ran iki &uuml;nl&uuml; isimden Kaya &Ccedil;ilingiro\u011flu Feraye Tanyola&ccedil; ile evlenmi\u015f ve bir de erkek &ccedil;ocuklar\u0131 olmu\u015ftu.<\/p>\n<p>2014 y\u0131l\u0131nda Feraye Tanyola&ccedil; ile bo\u015fanan Kaya &Ccedil;ilingiro\u011flu, daha sonra s\u0131k s\u0131k eski e\u015fi H&uuml;lya Av\u015far ile bir araya gelmeye ba\u015flad\u0131.&nbsp;<\/p>\n<h3><strong>YILLAR SONRA AYNI POZ<\/strong><\/h3>\n<p>H&uuml;lya Av\u015far y\u0131llar i&ccedil;inde &Ccedil;ilingiro\u011flu&#8217;na olan k\u0131rg\u0131nl\u0131\u011f\u0131n\u0131 unuttu ve k\u0131z\u0131n\u0131n babas\u0131n\u0131 affetti. &Uuml;nl&uuml; isim bu ak\u015fam eski e\u015fi Kaya &Ccedil;ilingio\u011flu ile k\u0131zlar\u0131 Zehra&#8217;n\u0131n en yak\u0131n arkada\u015f\u0131n\u0131n d&uuml;\u011f&uuml;n&uuml;ne kat\u0131ld\u0131. Burada yeniden aile pozu veren Av\u015far ve &Ccedil;ilingiro\u011flu g&uuml;ndem oldu.<\/p>\n<p style=\"text-align: center;\"><img decoding=\"async\" src=\"https:\/\/static.mavikadin.com\/images\/haberler\/22-09\/20\/hulya_avsar_kaya_cilingiroglundan_yillar_sonra_ayni_poz-1.jpg\" alt=\"\" title=\"\"><\/p>\n","protected":false},"excerpt":{"rendered":"<p>H\u00fclya Av\u015far eski e\u015fi Kaya \u00c7ilingiro\u011flu ve k\u0131zlar\u0131 Zehra ile y\u0131llar sonra ayn\u0131 pozu verdi. 1997 y\u0131l\u0131nda nikah masas\u0131na oturan H&uuml;lya Av\u015far ve Kaya &Ccedil;ilingiro\u011flu, 2005 y\u0131l\u0131nda &Ccedil;ilingiro\u011flu&#8217;nun Feraye Tanyola&ccedil; ile Av\u015far k\u0131z\u0131n\u0131 aldatmas\u0131yla bitmi\u015fti. Yollar\u0131n\u0131 ay\u0131ran iki &uuml;nl&uuml; isimden Kaya &Ccedil;ilingiro\u011flu Feraye Tanyola&ccedil; ile evlenmi\u015f ve bir de erkek &ccedil;ocuklar\u0131 olmu\u015ftu. 2014 y\u0131l\u0131nda Feraye [&hellip;]<\/p>\n","protected":false},"author":2,"featured_media":50113,"comment_status":"closed","ping_status":"open","sticky":false,"template":"","format":"standard","meta":{"rank_math_lock_modified_date":false,"footnotes":""},"categories":[76],"tags":[1213,271,2387,31537,7901],"class_list":["post-50114","post","type-post","status-publish","format-standard","has-post-thumbnail","hentry","category-magazin","tag-cilingiroglu","tag-hulya-avsar","tag-kaya-cilingiroglu","tag-unlu-ciftler","tag-zehra-cilingiroglu"],"_links":{"self":[{"href":"https:\/\/www.tgrthaber.com\/mavikadin\/wp-json\/wp\/v2\/posts\/50114"}],"collection":[{"href":"https:\/\/www.tgrthaber.com\/mavikadin\/wp-json\/wp\/v2\/posts"}],"about":[{"href":"https:\/\/www.tgrthaber.com\/mavikadin\/wp-json\/wp\/v2\/types\/post"}],"author":[{"embeddable":true,"href":"https:\/\/www.tgrthaber.com\/mavikadin\/wp-json\/wp\/v2\/users\/2"}],"replies":[{"embeddable":true,"href":"https:\/\/www.tgrthaber.com\/mavikadin\/wp-json\/wp\/v2\/comments?post=50114"}],"version-history":[{"count":1,"href":"https:\/\/www.tgrthaber.com\/mavikadin\/wp-json\/wp\/v2\/posts\/50114\/revisions"}],"predecessor-version":[{"id":50115,"href":"https:\/\/www.tgrthaber.com\/mavikadin\/wp-json\/wp\/v2\/posts\/50114\/revisions\/50115"}],"wp:featuredmedia":[{"embeddable":true,"href":"https:\/\/www.tgrthaber.com\/mavikadin\/wp-json\/wp\/v2\/media\/50113"}],"wp:attachment":[{"href":"https:\/\/www.tgrthaber.com\/mavikadin\/wp-json\/wp\/v2\/media?parent=50114"}],"wp:term":[{"taxonomy":"category","embeddable":true,"href":"https:\/\/www.tgrthaber.com\/mavikadin\/wp-json\/wp\/v2\/categories?post=50114"},{"taxonomy":"post_tag","embeddable":true,"href":"https:\/\/www.tgrthaber.com\/mavikadin\/wp-json\/wp\/v2\/tags?post=50114"}],"curies":[{"name":"wp","href":"https:\/\/api.w.org\/{rel}","templated":true}]}}