{"id":50123,"date":"2022-09-18T14:42:03","date_gmt":"2022-09-18T11:42:03","guid":{"rendered":"https:\/\/new.mavikadin.com\/?p=50123"},"modified":"2024-09-16T13:03:31","modified_gmt":"2024-09-16T10:03:31","slug":"hadiseye-destek-olmak-icin-annesi-geliyor","status":"publish","type":"post","link":"https:\/\/www.tgrthaber.com\/mavikadin\/hadiseye-destek-olmak-icin-annesi-geliyor\/","title":{"rendered":"Hadise&#8217;ye destek olmak i\u00e7in annesi geliyor"},"content":{"rendered":"<p>Bo\u015fanma davas\u0131 a\u00e7an \u015fark\u0131c\u0131 Hadise&#8217;nin annesi Bel\u00e7ika&#8217;dan k\u0131z\u0131na destek olmak i\u00e7in gelecek. \u0130ddialara g\u00f6re G\u00fclnihal A\u00e7\u0131kg\u00f6z geldi\u011finde d\u00fcn\u00fcr\u00fc Nezihe A\u00e7\u0131kg\u00f6z ile g\u00f6r\u00fc\u015fecek.<\/p>\n<p>\u015eark\u0131c\u0131 Hadise&#8217;nin Bel&ccedil;ika&#8217;da ya\u015fayan annesi G&uuml;lnihal A&ccedil;\u0131kg&ouml;z, 4 ayl\u0131k evlili\u011fini bitirmek &uuml;zere olan k\u0131z\u0131 Hadise&#8217;nin yan\u0131nda olmak i&ccedil;in T&uuml;rkiye&#8217;ye geliyor. &Ouml;n&uuml;m&uuml;zdeki g&uuml;nlerde k\u0131z\u0131n\u0131n ya\u015fad\u0131\u011f\u0131 eve gelecek olan anne G&uuml;lnihal A&ccedil;\u0131kg&ouml;z&#8217;&uuml;n, Mehmet Din&ccedil;erler&#8217;in annesi Nezihe Din&ccedil;erler ile de g&ouml;r&uuml;\u015fece\u011fi iddia edildi.<\/p>\n<p style=\"text-align: center;\"><img decoding=\"async\" src=\"https:\/\/static.mavikadin.com\/images\/haberler\/22-09\/20\/hadiseye_anne_destegi_-3.jpg\" alt=\"\" title=\"\"><\/p>\n<h3><strong>NELER OLDU?<\/strong><\/h3>\n<p>28 Nisan&#8217;da &Ccedil;\u0131ra\u011fan Saray\u0131&#8217;nda 20 ki\u015finin kat\u0131l\u0131m\u0131yla nikah masas\u0131na oturan Mehmet Din&ccedil;erler ve Hadise &ccedil;ifti, \u0130brahim &Ccedil;elikkol&#8217;un e\u015fi Mihre Mutlu ile evliyken birlikte ya\u015fad\u0131\u011f\u0131 Riva&#8217;daki evi kiralam\u0131\u015f ve i&ccedil;ini Hadise&#8217;nin zevkine g&ouml;re dekore etmi\u015fti ancak 1 ay &ouml;nce evliliklerinde gerilim ya\u015famaya ba\u015flayan &ccedil;iftten Mehmet Din&ccedil;erler, Hadise&#8217;nin daha az konsere &ccedil;\u0131kmas\u0131n\u0131 ve kost&uuml;mlerini dekoltesiz se&ccedil;mesini istedi. Bu iddialar ortal\u0131kta dola\u015f\u0131rken Hadise bo\u015fanma davas\u0131 a&ccedil;t\u0131\u011f\u0131n\u0131 duyurdu. Hadise&#8217;nin dilek&ccedil;esi de\u015fifre ve oldu ve &uuml;nl&uuml; \u015fark\u0131c\u0131n\u0131n sanat hayat\u0131nda bask\u0131 g&ouml;rd&uuml;\u011f&uuml;n&uuml; s&ouml;yledi\u011fi ortaya &ccedil;\u0131kt\u0131.<\/p>\n","protected":false},"excerpt":{"rendered":"<p>Bo\u015fanma davas\u0131 a\u00e7an \u015fark\u0131c\u0131 Hadise&#8217;nin annesi Bel\u00e7ika&#8217;dan k\u0131z\u0131na destek olmak i\u00e7in gelecek. \u0130ddialara g\u00f6re G\u00fclnihal A\u00e7\u0131kg\u00f6z geldi\u011finde d\u00fcn\u00fcr\u00fc Nezihe A\u00e7\u0131kg\u00f6z ile g\u00f6r\u00fc\u015fecek. \u015eark\u0131c\u0131 Hadise&#8217;nin Bel&ccedil;ika&#8217;da ya\u015fayan annesi G&uuml;lnihal A&ccedil;\u0131kg&ouml;z, 4 ayl\u0131k evlili\u011fini bitirmek &uuml;zere olan k\u0131z\u0131 Hadise&#8217;nin yan\u0131nda olmak i&ccedil;in T&uuml;rkiye&#8217;ye geliyor. &Ouml;n&uuml;m&uuml;zdeki g&uuml;nlerde k\u0131z\u0131n\u0131n ya\u015fad\u0131\u011f\u0131 eve gelecek olan anne G&uuml;lnihal A&ccedil;\u0131kg&ouml;z&#8217;&uuml;n, Mehmet Din&ccedil;erler&#8217;in annesi [&hellip;]<\/p>\n","protected":false},"author":2,"featured_media":50122,"comment_status":"closed","ping_status":"open","sticky":false,"template":"","format":"standard","meta":{"rank_math_lock_modified_date":false,"footnotes":""},"categories":[76],"tags":[77,39773,39752,39774,2218],"class_list":["post-50123","post","type-post","status-publish","format-standard","has-post-thumbnail","hentry","category-magazin","tag-hadise","tag-hadise-annesi","tag-hadise-bosanma","tag-hadise-mehmet-dincerler","tag-magazin-haberleri"],"_links":{"self":[{"href":"https:\/\/www.tgrthaber.com\/mavikadin\/wp-json\/wp\/v2\/posts\/50123"}],"collection":[{"href":"https:\/\/www.tgrthaber.com\/mavikadin\/wp-json\/wp\/v2\/posts"}],"about":[{"href":"https:\/\/www.tgrthaber.com\/mavikadin\/wp-json\/wp\/v2\/types\/post"}],"author":[{"embeddable":true,"href":"https:\/\/www.tgrthaber.com\/mavikadin\/wp-json\/wp\/v2\/users\/2"}],"replies":[{"embeddable":true,"href":"https:\/\/www.tgrthaber.com\/mavikadin\/wp-json\/wp\/v2\/comments?post=50123"}],"version-history":[{"count":1,"href":"https:\/\/www.tgrthaber.com\/mavikadin\/wp-json\/wp\/v2\/posts\/50123\/revisions"}],"predecessor-version":[{"id":50124,"href":"https:\/\/www.tgrthaber.com\/mavikadin\/wp-json\/wp\/v2\/posts\/50123\/revisions\/50124"}],"wp:featuredmedia":[{"embeddable":true,"href":"https:\/\/www.tgrthaber.com\/mavikadin\/wp-json\/wp\/v2\/media\/50122"}],"wp:attachment":[{"href":"https:\/\/www.tgrthaber.com\/mavikadin\/wp-json\/wp\/v2\/media?parent=50123"}],"wp:term":[{"taxonomy":"category","embeddable":true,"href":"https:\/\/www.tgrthaber.com\/mavikadin\/wp-json\/wp\/v2\/categories?post=50123"},{"taxonomy":"post_tag","embeddable":true,"href":"https:\/\/www.tgrthaber.com\/mavikadin\/wp-json\/wp\/v2\/tags?post=50123"}],"curies":[{"name":"wp","href":"https:\/\/api.w.org\/{rel}","templated":true}]}}