{"id":51128,"date":"2022-10-29T11:57:45","date_gmt":"2022-10-29T08:57:45","guid":{"rendered":"https:\/\/new.mavikadin.com\/?p=51128"},"modified":"2024-09-16T13:36:00","modified_gmt":"2024-09-16T10:36:00","slug":"burcu-kara-doguma-gunler-kala-goruntulendi","status":"publish","type":"post","link":"https:\/\/www.tgrthaber.com\/mavikadin\/burcu-kara-doguma-gunler-kala-goruntulendi\/","title":{"rendered":"Burcu Kara do\u011fuma g\u00fcnler kala g\u00f6r\u00fcnt\u00fclendi"},"content":{"rendered":"<p>Oyuncu Burcu Kara ge\u00e7ti\u011fimiz g\u00fcn Bebek&#8217;te g\u00f6r\u00fcnt\u00fclendi. \u0130kinci bebe\u011fine hamile olan Kara, vapura binmeden \u00f6nce bas\u0131n mensuplar\u0131n\u0131n sorular\u0131n\u0131 yan\u0131tlad\u0131.<\/p>\n<p>Haziran Gecesi filmiyle y\u0131ld\u0131z\u0131 parlayan ve geni\u015f hayran kitlesine ula\u015fan 42 ya\u015f\u0131ndaki Burcu Kara ikinci bebe\u011fini bekliyor. Hamileli\u011finin sonlar\u0131na geldi\u011fini s&ouml;yleyen Kara &ouml;nceki g&uuml;n Bebek&#8217;te objektiflere yans\u0131d\u0131.<\/p>\n<p>&#8221;Hamilelik &ccedil;ok g&uuml;zel ge&ccedil;iyor. Bu ara can\u0131m pide &ccedil;ekiyor. Her akl\u0131ma geleni yesem 30 kilo alm\u0131\u015ft\u0131m. Pilates yaparak formumu korumaya &ccedil;al\u0131\u015f\u0131yorum. O\u011fluma Can ad\u0131n\u0131 koyaca\u011f\u0131z.&#8221;<\/p>\n<p><img decoding=\"async\" src=\"https:\/\/static.mavikadin.com\/images\/haberler\/22-10\/29\/doguma_gunler_kala_vapura_binerken_goruntulendi_burcu_kara-4.jpg\" alt=\"\" title=\"\"><\/p>\n<p>Oyuncu Burcu Kara, Bursa&#8217;n\u0131n \u0130znik il&ccedil;esinde yeni bir k&ouml;y evi yapt\u0131rm\u0131\u015f ve yazlar\u0131n\u0131 orada ge&ccedil;irmeye ba\u015flam\u0131\u015ft\u0131. E\u015fi ve &ccedil;ocu\u011fuyla s\u0131k s\u0131k k&ouml;y evine giden Kara \u015funlar\u0131 s&ouml;yledi; &#8221;&Ccedil;ift&ccedil;i oldum. Orada g&uuml;zel bir hayat\u0131m var. Toprak &ccedil;ok rahatlatan bir \u015fey. Bir s&uuml;r&uuml; de yeni \u015feyler &ouml;\u011freniyorum. Her &ccedil;e\u015fit meyve, sebze yeti\u015ftiriyoruz.&#8221;<\/p>\n<p><img decoding=\"async\" src=\"https:\/\/static.mavikadin.com\/images\/haberler\/22-10\/29\/burcu_kara_esi_firat_parlakla_koy_evine_tasindi_-3.jpg\" alt=\"\" title=\"\"><\/p>\n<h3><strong>BURCU KARA K\u0130MD\u0130R?<\/strong><\/h3>\n<p>Burcu Kara, 1 Mart 1980 y\u0131l\u0131nda Bursa&#8217;da do\u011fdu. Eski\u015fehir Anadolu &Uuml;niversitesi \u0130ktisat B&ouml;l&uuml;m&uuml;nden mezun oldu. Eski\u015fehir&#8217;de okurken ayn\u0131 zamanda yerel kanallarda da sunuculuk yapt\u0131. Ard\u0131ndan Bursa&#8217;ya d&ouml;nerek kendi mesle\u011fi olan yat\u0131r\u0131m uzmanl\u0131\u011f\u0131n\u0131 yapmaya ba\u015flad\u0131 fakat umdu\u011fu heyecan\u0131 bu meslekte bulamad\u0131 ve diksiyon ve spikerlik kurslar\u0131 i&ccedil;in \u0130stanbul&#8217;a gidip gelmeye ba\u015flad\u0131.<\/p>\n<p>Olay TV&#8217;de program sunmas\u0131n\u0131n ard\u0131ndan Kanal D&#8217;de &ccedil;al\u0131\u015fma f\u0131rsat\u0131n\u0131 yakalad\u0131, bir s&uuml;re muhabir olarak &ccedil;al\u0131\u015ft\u0131ktan sonra 2002 y\u0131l\u0131nda &#8220;Haber Spikeri&#8221; olarak haberleri sunmaya ba\u015flad\u0131. Bursa&#8217;daki kariyerini ve ailesini b\u0131rakarak \u0130stanbul&#8217;a yerle\u015fti. Radyo D ve Radyo Foreks&#8217;te de haber spikerli\u011fi yapt\u0131.<\/p>\n<p>\u015eahika Tekand&#8217;da oyunculuk dersleri almaya ba\u015flad\u0131 ve k\u0131sa bir s&uuml;re sonra Haziran Gecesi&#8217;nde &#8220;Duygu&#8221; karakterini canland\u0131rma f\u0131rsat\u0131n\u0131 yakalad\u0131. O \u015eimdi Mahkum filminde spiker k\u0131z ve D&uuml;nyay\u0131 Kurtaran Adam\u0131n O\u011flu filminde Prenses Maya karakteriyle kar\u015f\u0131m\u0131za &ccedil;\u0131kt\u0131. 2005 y\u0131l\u0131nda Cine 5 kanal\u0131nda &#8220;Cinesinema&#8221; program\u0131n\u0131n, 2007 y\u0131l\u0131nda Show Max kanal\u0131nda &#8220;Burcuyla&#8221; program\u0131n\u0131n sunuculu\u011funu &uuml;stlendi. 2007 y\u0131l\u0131nda, &#8220;Sadri Al\u0131\u015f\u0131k Tiyatrosu&#8221;nda sahnelenen bir At\u0131f Y\u0131lmaz eseri olan &#8220;G&uuml;ll&uuml;&#8221;n&uuml;n tiyatro versiyonunda Kerem Al\u0131\u015f\u0131k ile ba\u015frolleri payla\u015ft\u0131. Ard\u0131ndan Elveda Derken dizisinde &#8220;Zeynep&#8221; rol&uuml;n&uuml; canland\u0131rd\u0131. \u0130psiz Recep adl\u0131 yap\u0131mda da rol ald\u0131.<\/p>\n<p>2011 y\u0131l\u0131nda kendisiyle ayn\u0131 mesle\u011fi payla\u015fan oyuncu Bu\u011fra G&uuml;lsoy ile evlenmi\u015ftir. 2 A\u011fustos 2012 tarihinde Bu\u011fra G&uuml;lsoy&#8217;la olan evliliklerini sonland\u0131rd\u0131lar. 2016 y\u0131l\u0131nda y&ouml;netmen F\u0131rat Do\u011fu Parlak ile evlenmi\u015ftir.<\/p>\n","protected":false},"excerpt":{"rendered":"<p>Oyuncu Burcu Kara ge\u00e7ti\u011fimiz g\u00fcn Bebek&#8217;te g\u00f6r\u00fcnt\u00fclendi. \u0130kinci bebe\u011fine hamile olan Kara, vapura binmeden \u00f6nce bas\u0131n mensuplar\u0131n\u0131n sorular\u0131n\u0131 yan\u0131tlad\u0131. Haziran Gecesi filmiyle y\u0131ld\u0131z\u0131 parlayan ve geni\u015f hayran kitlesine ula\u015fan 42 ya\u015f\u0131ndaki Burcu Kara ikinci bebe\u011fini bekliyor. Hamileli\u011finin sonlar\u0131na geldi\u011fini s&ouml;yleyen Kara &ouml;nceki g&uuml;n Bebek&#8217;te objektiflere yans\u0131d\u0131. &#8221;Hamilelik &ccedil;ok g&uuml;zel ge&ccedil;iyor. Bu ara can\u0131m pide &ccedil;ekiyor. [&hellip;]<\/p>\n","protected":false},"author":2,"featured_media":51127,"comment_status":"closed","ping_status":"open","sticky":false,"template":"","format":"standard","meta":{"rank_math_lock_modified_date":false,"footnotes":""},"categories":[76],"tags":[40081,31328,40342,266,40343],"class_list":["post-51128","post","type-post","status-publish","format-standard","has-post-thumbnail","hentry","category-magazin","tag-bebek-haberi","tag-burcu-kara","tag-doguma-gunler-kala","tag-hamilelik","tag-unlulerin-hamilelikleri"],"_links":{"self":[{"href":"https:\/\/www.tgrthaber.com\/mavikadin\/wp-json\/wp\/v2\/posts\/51128"}],"collection":[{"href":"https:\/\/www.tgrthaber.com\/mavikadin\/wp-json\/wp\/v2\/posts"}],"about":[{"href":"https:\/\/www.tgrthaber.com\/mavikadin\/wp-json\/wp\/v2\/types\/post"}],"author":[{"embeddable":true,"href":"https:\/\/www.tgrthaber.com\/mavikadin\/wp-json\/wp\/v2\/users\/2"}],"replies":[{"embeddable":true,"href":"https:\/\/www.tgrthaber.com\/mavikadin\/wp-json\/wp\/v2\/comments?post=51128"}],"version-history":[{"count":1,"href":"https:\/\/www.tgrthaber.com\/mavikadin\/wp-json\/wp\/v2\/posts\/51128\/revisions"}],"predecessor-version":[{"id":51129,"href":"https:\/\/www.tgrthaber.com\/mavikadin\/wp-json\/wp\/v2\/posts\/51128\/revisions\/51129"}],"wp:featuredmedia":[{"embeddable":true,"href":"https:\/\/www.tgrthaber.com\/mavikadin\/wp-json\/wp\/v2\/media\/51127"}],"wp:attachment":[{"href":"https:\/\/www.tgrthaber.com\/mavikadin\/wp-json\/wp\/v2\/media?parent=51128"}],"wp:term":[{"taxonomy":"category","embeddable":true,"href":"https:\/\/www.tgrthaber.com\/mavikadin\/wp-json\/wp\/v2\/categories?post=51128"},{"taxonomy":"post_tag","embeddable":true,"href":"https:\/\/www.tgrthaber.com\/mavikadin\/wp-json\/wp\/v2\/tags?post=51128"}],"curies":[{"name":"wp","href":"https:\/\/api.w.org\/{rel}","templated":true}]}}