{"id":51137,"date":"2022-10-29T16:04:32","date_gmt":"2022-10-29T13:04:32","guid":{"rendered":"https:\/\/new.mavikadin.com\/?p=51137"},"modified":"2024-09-16T13:36:19","modified_gmt":"2024-09-16T10:36:19","slug":"masterchefte-kavga-cikti-sefler-mudahale-etti","status":"publish","type":"post","link":"https:\/\/www.tgrthaber.com\/mavikadin\/masterchefte-kavga-cikti-sefler-mudahale-etti\/","title":{"rendered":"MasterChef&#8217;te kavga \u00e7\u0131kt\u0131, \u015fefler m\u00fcdahale etti"},"content":{"rendered":"<p>T\u00fcrkiye&#8217;nin en \u00e7ok izlenen yar\u0131\u015fmas\u0131 MasterChef T\u00fcrkiye&#8217;de \u00f6nceki ak\u015fam \u00f6z\u00fcr krizi ya\u015fand\u0131. \u0130ki yar\u0131\u015fmac\u0131 aras\u0131ndaki gerilime \u015fefler dahil olarak m\u00fcdahale etti.<\/p>\n<p>Ekranlar\u0131n en &ccedil;ok izlenen ayr\u0131lma program\u0131 MasterChef T&uuml;rkiye&#8217;nin d&uuml;n ak\u015fam 113. b&ouml;l&uuml;m&uuml; yay\u0131nland\u0131. K\u0131rm\u0131z\u0131 tak\u0131mdaki Burak ile mavi tak\u0131mdaki B&uuml;\u015fra aras\u0131nda tart\u0131\u015fma &ccedil;\u0131kt\u0131. Yar\u0131\u015fma esnas\u0131nda ya\u015fad\u0131klar\u0131 gerilim st&uuml;dyoda yeniden konu\u015fulunca ortal\u0131k kar\u0131\u015ft\u0131.&nbsp;<\/p>\n<p>St&uuml;dyoda tak\u0131m oylamas\u0131 yap\u0131laca\u011f\u0131 s\u0131rada yeniden a&ccedil;\u0131lan konuda \u015eef Mehmet Yal&ccedil;\u0131nkaya, B&uuml;\u015fra Zambak&#8217;tan yar\u0131\u015fmac\u0131 arkada\u015f\u0131 Burak Kaya&#8217;dan &ouml;z&uuml;r dilemesini istedi ancak B&uuml;\u015fra \u015fefin bu iste\u011fini geri &ccedil;evirdi.<\/p>\n<p>St&uuml;dyoda gerilim art\u0131nda di\u011fer \u015fef Danilo Zanna, &#8216;ben seyircilerimizden &ouml;z&uuml;r diliyorum &ouml;ncelikle&#8221; dedi ve kendisi gerekirse &ouml;z&uuml;r dileyebilece\u011fini bunun k&ouml;t&uuml; bir \u015fey olmad\u0131\u011f\u0131n\u0131 s&ouml;ylemesi &uuml;zerine ortal\u0131k biraz olsun sakinle\u015fti.<\/p>\n<p><strong>Mehmet \u015eef:<\/strong> B&uuml;\u015fra ve Burak Kaya olay\u0131 var. Biz burada her zaman i&ccedil;in adaletli olduk. \u0130nsanlar\u0131n karakterlerine laf s&ouml;ylenmedi\u011fi s&uuml;rece kar\u0131\u015fm\u0131yoruz. Bu olay i&ccedil;in \u015fu anda \u015fahit bulam\u0131yoruz. B&uuml;\u015fra, Burak&#8217;a k\u0131r\u0131c\u0131 bir \u015fey dediysen &ouml;z&uuml;r diler misin?<br \/><strong>B&uuml;\u015fra Zambak:<\/strong> Ben &#8216;Sayg\u0131s\u0131zs\u0131n&#8217; dedi\u011fimi zaten s&ouml;yl&uuml;yorum. O an yap\u0131lan harekete kar\u015f\u0131l\u0131k bunu s&ouml;yledim. Sonras\u0131nda kendisi &#8216;Sen terbiyesiz bir k\u0131zs\u0131n&#8217; \u015feklinde ba\u015fka ithamlarda bulundu. Bunun &uuml;zerine &#8216;Sende bir gram karakter yok. Buyur &ouml;nden gidebilirsin&#8217; dedi\u011fimi de s&ouml;yl&uuml;yorum. E\u011fer su&ccedil;luysam da su&ccedil;luyum ama &ouml;z&uuml;r dilemem.<br \/><strong>Mehmet \u015eef:<\/strong> S&ouml;yleyeceksin ve &ouml;z&uuml;r dileyeceksin.<br \/><strong>B&uuml;\u015fra Zambak:<\/strong> Kar\u015f\u0131 taraf bunu bana ilk s&ouml;yledi\u011fi i&ccedil;in &ouml;z&uuml;r dilemem.<\/p>\n<p><img decoding=\"async\" src=\"https:\/\/static.mavikadin.com\/images\/haberler\/22-10\/29\/masterchef_te_kavga_cikti_sefler_mudahale_etti-4.jpg\" alt=\"\" title=\"\"><\/p>\n<h3><strong>&#8220;BU B\u0130R TEHD\u0130T!&#8221;<\/strong><\/h3>\n<p><strong>Burak Kaya:<\/strong> \u0130lk sen s&ouml;yledin. Ben sana &ouml;yle bir \u015fey s&ouml;ylemedim. U&ccedil;akta arkam doluydu, koridor dar bir alan, s\u0131k\u0131\u015f\u0131k bir durumdu. Ayakta bekliyordum, &ouml;n&uuml;mdeki ki\u015fi ilerleyemiyordu ve B&uuml;\u015fra&#8217;n\u0131n oldu\u011fu s\u0131ray\u0131 da biraz ge&ccedil;mi\u015ftim. Oradan ancak &ccedil;antam\u0131 eze eze ge&ccedil;ebilirdi. Buna gerek yok ki! &#8216;Ge&ccedil;ecek misin?&#8217; diye sordu, ben de &#8216;Ge&ccedil;ece\u011fim tabii ki&#8217; dedim.<br \/><strong>B&uuml;\u015fra Zambak:<\/strong> Bana &#8216;\u0130kinci modumu a&ccedil;t\u0131rma&#8217; dedi. Bu bir tehdittir, ben de bunu bir tehdit olarak alg\u0131l\u0131yorum.<br \/><strong>Burak Kaya:<\/strong> &#8216;Modumu a&ccedil;t\u0131rma&#8217; demedim, &#8216;A&ccedil;aca\u011f\u0131m&#8217; dedim. &#8216;Herkesin yalanlar\u0131n\u0131 ortaya d&ouml;kece\u011fim&#8217; anlam\u0131nda s&ouml;yledim.<\/p>\n<p><img decoding=\"async\" src=\"https:\/\/static.mavikadin.com\/images\/haberler\/22-10\/29\/masterchef_te_kavga_cikti_sefler_mudahale_etti-5.jpg\" alt=\"\" title=\"\"><\/p>\n<h3><strong>&#8220;B\u0130Z\u0130M DE HATAMIZ VAR&#8221;<\/strong><\/h3>\n<p><strong>Danilo \u015eef:<\/strong> &Ouml;ncelikle ben izleyicilerimizden &ouml;z&uuml;r diliyorum. &Ccedil;ocuklar, gen&ccedil;ler bizi izliyor. Bizim ilk g&ouml;revimiz g&uuml;zel yemek yapmak de\u011fil, g&uuml;zel &ouml;rnek olmak. Burada ne\u015feli bir ortam yaratmaya &ccedil;al\u0131\u015f\u0131yoruz. Demek ki bunu ba\u015faramad\u0131k. Ufak bir konu &uuml;zerinde bu kadar b&uuml;y&uuml;k tart\u0131\u015fma olmas\u0131nda bizim de yanl\u0131\u015f bir taraf\u0131m\u0131z vard\u0131r. Bunu kapatarak devam edelim. &Ouml;z&uuml;r dilemek k&ouml;t&uuml; bir \u015fey de\u011fil. &Ouml;nce ben, sonra siz &ouml;z&uuml;r dileyin. G&uuml;zel, daha umutlu bir yar\u0131n i&ccedil;in bunu burada kapatal\u0131m. Ben ilk olarak sizden &ouml;z&uuml;r diliyorum.<br \/><strong>Burak Kaya:<\/strong> &Ouml;z&uuml;r dilerim.<br \/><strong>B&uuml;\u015fra Zambak:<\/strong> &Ouml;z&uuml;r dilerim sizden ve ondan.<\/p>\n<p><img decoding=\"async\" src=\"https:\/\/static.mavikadin.com\/images\/haberler\/22-10\/29\/masterchef_te_kavga_cikti_sefler_mudahale_etti-1.jpg\" alt=\"\" title=\"\"><\/p>\n<p>&nbsp;<\/p>\n","protected":false},"excerpt":{"rendered":"<p>T\u00fcrkiye&#8217;nin en \u00e7ok izlenen yar\u0131\u015fmas\u0131 MasterChef T\u00fcrkiye&#8217;de \u00f6nceki ak\u015fam \u00f6z\u00fcr krizi ya\u015fand\u0131. \u0130ki yar\u0131\u015fmac\u0131 aras\u0131ndaki gerilime \u015fefler dahil olarak m\u00fcdahale etti. Ekranlar\u0131n en &ccedil;ok izlenen ayr\u0131lma program\u0131 MasterChef T&uuml;rkiye&#8217;nin d&uuml;n ak\u015fam 113. b&ouml;l&uuml;m&uuml; yay\u0131nland\u0131. K\u0131rm\u0131z\u0131 tak\u0131mdaki Burak ile mavi tak\u0131mdaki B&uuml;\u015fra aras\u0131nda tart\u0131\u015fma &ccedil;\u0131kt\u0131. Yar\u0131\u015fma esnas\u0131nda ya\u015fad\u0131klar\u0131 gerilim st&uuml;dyoda yeniden konu\u015fulunca ortal\u0131k kar\u0131\u015ft\u0131.&nbsp; St&uuml;dyoda tak\u0131m [&hellip;]<\/p>\n","protected":false},"author":2,"featured_media":51136,"comment_status":"closed","ping_status":"open","sticky":false,"template":"","format":"standard","meta":{"rank_math_lock_modified_date":false,"footnotes":""},"categories":[76],"tags":[1120,2511,38612,40349,4620],"class_list":["post-51137","post","type-post","status-publish","format-standard","has-post-thumbnail","hentry","category-magazin","tag-masterchef","tag-masterchef-turkiye","tag-sefler","tag-tartisma","tag-yarisma"],"_links":{"self":[{"href":"https:\/\/www.tgrthaber.com\/mavikadin\/wp-json\/wp\/v2\/posts\/51137"}],"collection":[{"href":"https:\/\/www.tgrthaber.com\/mavikadin\/wp-json\/wp\/v2\/posts"}],"about":[{"href":"https:\/\/www.tgrthaber.com\/mavikadin\/wp-json\/wp\/v2\/types\/post"}],"author":[{"embeddable":true,"href":"https:\/\/www.tgrthaber.com\/mavikadin\/wp-json\/wp\/v2\/users\/2"}],"replies":[{"embeddable":true,"href":"https:\/\/www.tgrthaber.com\/mavikadin\/wp-json\/wp\/v2\/comments?post=51137"}],"version-history":[{"count":1,"href":"https:\/\/www.tgrthaber.com\/mavikadin\/wp-json\/wp\/v2\/posts\/51137\/revisions"}],"predecessor-version":[{"id":51138,"href":"https:\/\/www.tgrthaber.com\/mavikadin\/wp-json\/wp\/v2\/posts\/51137\/revisions\/51138"}],"wp:featuredmedia":[{"embeddable":true,"href":"https:\/\/www.tgrthaber.com\/mavikadin\/wp-json\/wp\/v2\/media\/51136"}],"wp:attachment":[{"href":"https:\/\/www.tgrthaber.com\/mavikadin\/wp-json\/wp\/v2\/media?parent=51137"}],"wp:term":[{"taxonomy":"category","embeddable":true,"href":"https:\/\/www.tgrthaber.com\/mavikadin\/wp-json\/wp\/v2\/categories?post=51137"},{"taxonomy":"post_tag","embeddable":true,"href":"https:\/\/www.tgrthaber.com\/mavikadin\/wp-json\/wp\/v2\/tags?post=51137"}],"curies":[{"name":"wp","href":"https:\/\/api.w.org\/{rel}","templated":true}]}}