{"id":51140,"date":"2022-10-29T16:33:09","date_gmt":"2022-10-29T13:33:09","guid":{"rendered":"https:\/\/new.mavikadin.com\/?p=51140"},"modified":"2024-09-16T13:36:25","modified_gmt":"2024-09-16T10:36:25","slug":"yildiz-cagri-atiksoydan-esi-berk-oktaya-serenat","status":"publish","type":"post","link":"https:\/\/www.tgrthaber.com\/mavikadin\/yildiz-cagri-atiksoydan-esi-berk-oktaya-serenat\/","title":{"rendered":"Y\u0131ld\u0131z \u00c7a\u011fr\u0131 Atiksoy&#8217;dan e\u015fi Berk Oktay&#8217;a serenat&#8230;"},"content":{"rendered":"<p>Oyuncu Y\u0131ld\u0131z \u00c7a\u011fr\u0131 Atiksoy, ge\u00e7ti\u011fimiz ay evlendi\u011fi Berk Oktay&#8217;\u0131n do\u011fum g\u00fcn\u00fcnde romantik bir mesaj yay\u0131nlad\u0131. Sosyal medya hesab\u0131 \u00fczerinden yapt\u0131\u011f\u0131 payla\u015f\u0131mla &#8221;Bana bu duygular\u0131, a\u015fka dair t\u00fcm g\u00fczellikleri ya\u015fatt\u0131\u011f\u0131n i\u00e7in te\u015fekk\u00fcr ediyorum&#8221; dedi.<\/p>\n<p>Berk Oktay, ilk evlili\u011finden dili yan\u0131nca Y\u0131ld\u0131z &Ccedil;a\u011fr\u0131 Atiksoy2u tan\u0131mak i&ccedil;in tam 2 y\u0131l beklemi\u015fti. 2 y\u0131l\u0131n sonunda bu y\u0131l\u0131n ba\u015flar\u0131nda k\u0131z arkada\u015f\u0131na evlilik teklif eden Berk Oktay, o anlara ait bir foto\u011fraf yay\u0131nlay\u0131p &#8220;Beraber ya\u015flanal\u0131m m\u0131?&#8217; dedim, &#8216;Evet&#8217; dedi&#8221; notuyla yay\u0131nlam\u0131\u015ft\u0131. Atiksoy ise mutlulu\u011funu, &#8220;Gel de &#8216;Evet&#8217; deme&#8230; Sonsuzlu\u011fumuz bir olsun sevgilim&#8221; s&ouml;zleriyle yan\u0131t\u0131n\u0131 sosyal medya hesab\u0131ndan takip&ccedil;ilerinin &ouml;n&uuml;nde tekrarlam\u0131\u015ft\u0131.<\/p>\n<p>2022 y\u0131l\u0131nda Berk Oktay ailesiyle birlikte k\u0131z arkada\u015f\u0131 Y\u0131ld\u0131z &Ccedil;a\u011fr\u0131 Atiksoy&#8217;un ailesinin evine giderek Atiksoy&#8217;u istemi\u015fti. Burada y&uuml;z&uuml;kler tak\u0131ld\u0131 ve ikili bu kez ni\u015fan ve isteme merasiminden kareleri sosyal medya kullan\u0131c\u0131lar\u0131 ile payla\u015ft\u0131. &Ccedil;ifti, sanat camias\u0131 ba\u015fta olmak &uuml;zere arkada\u015f ve dostlar\u0131 Ma\u015fallah&#8221; ve &#8220;Allah nazardan korusun&#8221; yorumlar\u0131 yaparak tebrik etmi\u015fti.<\/p>\n<h3><strong>&#8220;BEN\u0130M G&Uuml;ZEL GEL\u0130N\u0130M&#8221;<\/strong><\/h3>\n<p>Oyuncu Y\u0131ld\u0131z &Ccedil;a\u011fr\u0131 Atiksoy, ge&ccedil;ti\u011fimiz a\u011fustos ay\u0131n\u0131n ba\u015f\u0131nda \u0130zmir&#8217;de bir k\u0131na gecesi organize etti. K\u0131na gecesinde organizasyon \u015firketiyle anla\u015fan Atiksoy&#8217;un m&uuml;stakbel e\u015fi k\u0131na yak\u0131lmadan hemen &ouml;nce elinde davulla k\u0131na gecesinin oldu\u011fu mekana girdi. E\u011flenceli g&ouml;r&uuml;nt&uuml;lere imza atan ikiliden Y\u0131ld\u0131z &Ccedil;a\u011fr\u0131 Atiksoy, ayn\u0131 gece 3 kost&uuml;m de\u011fi\u015ftirdi. Berk Oktay, ni\u015fanl\u0131s\u0131 Y\u0131ld\u0131z &Ccedil;a\u011fr\u0131 Atiksoy&#8217;u k\u0131na gecesinde hi&ccedil; yaln\u0131z b\u0131rakmad\u0131. Berk Oktay, k\u0131na gecesinden bir kareyi sosyal medya hesab\u0131nda yay\u0131nlayarak &#8216;Benim g&uuml;zel gelinim&#8217; notunu d&uuml;\u015fm&uuml;\u015ft&uuml;.<\/p>\n<p><img decoding=\"async\" src=\"https:\/\/static.mavikadin.com\/images\/haberler\/22-10\/29\/yildiz_cagri_atiksoy_dan_esi_berk_oktaya_serenat-29.jpg\" alt=\"\" title=\"\"><\/p>\n<h3><strong>MUTLULU\u011eA &#8216;EVET&#8217; DED\u0130LER<\/strong><\/h3>\n<p>&Uuml;nl&uuml; &ccedil;ift, 10 Eyl&uuml;l ak\u015fam\u0131 Polonezk&ouml;y&#8217;de bir mekanda k\u0131r d&uuml;\u011f&uuml;n&uuml; yaparak d&uuml;\u011f&uuml;n yapm\u0131\u015ft\u0131 D&uuml;\u011f&uuml;nden bir gece &ouml;nce de kendi evlerinin bah&ccedil;esinde yak\u0131n dostlar\u0131yla nikah k\u0131yd\u0131. Bah&ccedil;ede k\u0131y\u0131lan nikahtan bir foto\u011fraf\u0131 sosyal medya hesab\u0131nda yay\u0131nlayan Berk Oktay, e\u015fi Y\u0131ld\u0131z &Ccedil;a\u011fr\u0131&#8217;y\u0131 kalbini etiketledi, payla\u015f\u0131m\u0131na da &#8216;&Ouml;z&#8217;&uuml;m&#8217; yazd\u0131. &Ccedil;iftin bu hallerini g&ouml;ren takip&ccedil;ileri ise mutluluk dileklerini iletti.<\/p>\n<p><img decoding=\"async\" src=\"https:\/\/static.mavikadin.com\/images\/haberler\/22-10\/29\/yildiz_cagri_atiksoy_dan_esi_berk_oktaya_serenat-30.jpg\" alt=\"\" title=\"\"><\/p>\n<h3><strong>&#8220;RABB\u0130M&#8217;E HER G&Uuml;N VARLI\u011eIN \u0130&Ccedil;\u0130N \u015e&Uuml;KRED\u0130YORUM&#8221;<\/strong><\/h3>\n<p>Y\u0131ld\u0131z &Ccedil;a\u011fr\u0131 Atiksoy, 28 Ekim 1982 tarihinde do\u011fan e\u015fi Berk Oktay ile olan bir foto\u011fraf\u0131n\u0131 payla\u015farak romantik bir not yazd\u0131;<\/p>\n<p>&#8221;&#8217;Her ruhun bir e\u015fi vard\u0131r&#8217; derler. E\u015fim&#8230; \u015euraya yazd\u0131\u011f\u0131m birka&ccedil; sat\u0131rdan &ccedil;ok daha fazlas\u0131s\u0131n. Ama adettendir art\u0131k buradan da kutlan\u0131l\u0131yor. Rabbim&rsquo;e her g&uuml;n varl\u0131\u011f\u0131n i&ccedil;in \u015f&uuml;krediyorum. Bana bu duygular\u0131, a\u015fka dair t&uuml;m g&uuml;zellikleri ya\u015fatt\u0131\u011f\u0131n i&ccedil;in te\u015fekk&uuml;r ediyorum. \u0130lk g&uuml;nden beri ilmek ilmek emek kokan bir d&uuml;nya kurduk kendimize. Bizim d&uuml;nyam\u0131z. Sadece biz. \u0130nand\u0131k. Ve bug&uuml;n bu ger&ccedil;ekle\u015ftiyse, ikimiz de &ccedil;ok iyi biliyoruz ki bu d&uuml;nyan\u0131n ba\u015f kahraman\u0131 sensin. Emeklerine. O g&uuml;zel kalbine. Mucizelere. E\u015fsiz ruhuna. Sonsuz g&uuml;ce. \u0130yi ki ayn\u0131 d&uuml;nyada a&ccedil;t\u0131k g&ouml;z&uuml;m&uuml;z&uuml;. Nice ya\u015flara &ouml;mr&uuml;m.&#8221;<\/p>\n<p><img decoding=\"async\" src=\"https:\/\/static.mavikadin.com\/images\/haberler\/22-10\/29\/yildiz_cagri_atiksoy_dan_esi_berk_oktaya_serenat-33.jpg\" alt=\"\" title=\"\"><\/p>\n<h3><strong>BERK OKTAY KAYITSIZ KALMADI!<\/strong><\/h3>\n<p>Berk Oktay ise e\u015fi Y\u0131ld\u0131z &Ccedil;a\u011fr\u0131 Atiksoy&#8217;un bu payla\u015f\u0131m\u0131na &#8220;Doldurdun yine g&ouml;zlerimi&#8221;&nbsp; diyerek yan\u0131t verdi.<\/p>\n<p><img decoding=\"async\" src=\"https:\/\/static.mavikadin.com\/images\/haberler\/22-10\/29\/yildiz_cagri_atiksoy_dan_esi_berk_oktaya_serenat-32.jpg\" alt=\"\" title=\"\"><\/p>\n","protected":false},"excerpt":{"rendered":"<p>Oyuncu Y\u0131ld\u0131z \u00c7a\u011fr\u0131 Atiksoy, ge\u00e7ti\u011fimiz ay evlendi\u011fi Berk Oktay&#8217;\u0131n do\u011fum g\u00fcn\u00fcnde romantik bir mesaj yay\u0131nlad\u0131. Sosyal medya hesab\u0131 \u00fczerinden yapt\u0131\u011f\u0131 payla\u015f\u0131mla &#8221;Bana bu duygular\u0131, a\u015fka dair t\u00fcm g\u00fczellikleri ya\u015fatt\u0131\u011f\u0131n i\u00e7in te\u015fekk\u00fcr ediyorum&#8221; dedi. Berk Oktay, ilk evlili\u011finden dili yan\u0131nca Y\u0131ld\u0131z &Ccedil;a\u011fr\u0131 Atiksoy2u tan\u0131mak i&ccedil;in tam 2 y\u0131l beklemi\u015fti. 2 y\u0131l\u0131n sonunda bu y\u0131l\u0131n ba\u015flar\u0131nda k\u0131z [&hellip;]<\/p>\n","protected":false},"author":2,"featured_media":51139,"comment_status":"closed","ping_status":"open","sticky":false,"template":"","format":"standard","meta":{"rank_math_lock_modified_date":false,"footnotes":""},"categories":[76],"tags":[40351,719,3441,40350,6037,3486],"class_list":["post-51140","post","type-post","status-publish","format-standard","has-post-thumbnail","hentry","category-magazin","tag-ask-hikayesi","tag-atiksoy","tag-berk-oktay","tag-dogum-gunu-mesaji","tag-unluler","tag-yildiz-cagri-atiksoy"],"_links":{"self":[{"href":"https:\/\/www.tgrthaber.com\/mavikadin\/wp-json\/wp\/v2\/posts\/51140"}],"collection":[{"href":"https:\/\/www.tgrthaber.com\/mavikadin\/wp-json\/wp\/v2\/posts"}],"about":[{"href":"https:\/\/www.tgrthaber.com\/mavikadin\/wp-json\/wp\/v2\/types\/post"}],"author":[{"embeddable":true,"href":"https:\/\/www.tgrthaber.com\/mavikadin\/wp-json\/wp\/v2\/users\/2"}],"replies":[{"embeddable":true,"href":"https:\/\/www.tgrthaber.com\/mavikadin\/wp-json\/wp\/v2\/comments?post=51140"}],"version-history":[{"count":1,"href":"https:\/\/www.tgrthaber.com\/mavikadin\/wp-json\/wp\/v2\/posts\/51140\/revisions"}],"predecessor-version":[{"id":51141,"href":"https:\/\/www.tgrthaber.com\/mavikadin\/wp-json\/wp\/v2\/posts\/51140\/revisions\/51141"}],"wp:featuredmedia":[{"embeddable":true,"href":"https:\/\/www.tgrthaber.com\/mavikadin\/wp-json\/wp\/v2\/media\/51139"}],"wp:attachment":[{"href":"https:\/\/www.tgrthaber.com\/mavikadin\/wp-json\/wp\/v2\/media?parent=51140"}],"wp:term":[{"taxonomy":"category","embeddable":true,"href":"https:\/\/www.tgrthaber.com\/mavikadin\/wp-json\/wp\/v2\/categories?post=51140"},{"taxonomy":"post_tag","embeddable":true,"href":"https:\/\/www.tgrthaber.com\/mavikadin\/wp-json\/wp\/v2\/tags?post=51140"}],"curies":[{"name":"wp","href":"https:\/\/api.w.org\/{rel}","templated":true}]}}