{"id":51143,"date":"2022-10-29T21:31:13","date_gmt":"2022-10-29T18:31:13","guid":{"rendered":"https:\/\/new.mavikadin.com\/?p=51143"},"modified":"2024-09-16T13:36:31","modified_gmt":"2024-09-16T10:36:31","slug":"turkan-sorayin-rengarenk-mardin-ziyareti","status":"publish","type":"post","link":"https:\/\/www.tgrthaber.com\/mavikadin\/turkan-sorayin-rengarenk-mardin-ziyareti\/","title":{"rendered":"T\u00fcrkan \u015eoray&#8217;\u0131n rengarenk Mardin ziyareti"},"content":{"rendered":"<p>T\u00fcrk Sinemas\u0131&#8217;n\u0131n Sultan\u0131 lakapl\u0131 77 ya\u015f\u0131ndaki T\u00fcrkan \u015eoray, Mardin&#8217;i ziyaret etti. Ortaya renkli g\u00f6r\u00fcnt\u00fcler \u00e7\u0131kt\u0131.<\/p>\n<p>T&uuml;rk Sinemas\u0131&#8217;n\u0131n efsanevi ismi 77 ya\u015f\u0131ndaki T&uuml;rkan \u015eoray, son olarak estetiksiz foto\u011fraflar\u0131yla g&uuml;ndem olmu\u015ftu. 20 kilo veren \u015eoray&#8217;\u0131n ayn\u0131 zamanda Frans\u0131z ask\u0131s\u0131 y&ouml;ntemiyle y&uuml;z&uuml;n&uuml; gerdirdi\u011fi de iddia edildi.<\/p>\n<p>\u015eoray&#8217;\u0131n 20 li ya\u015flar\u0131na hen&uuml;z geldi\u011finde estetikle tan\u0131\u015ft\u0131. &Uuml;nl&uuml; isim, ilk olarak burnunu yapt\u0131rd\u0131. Ard\u0131ndan duda\u011f\u0131n\u0131 da yapt\u0131rd\u0131.&nbsp;<\/p>\n<p><img decoding=\"async\" src=\"https:\/\/static.mavikadin.com\/images\/haberler\/22-10\/29\/turkan_sorayin_rengarenk_mardin_ziyareti-3.jpg\" alt=\"\" title=\"\"><\/p>\n<p>\u015eoray Mardin&#8217;e giderek burada renkli karelere imza att\u0131. &Uuml;nl&uuml; isim takt\u0131\u011f\u0131 k\u0131rm\u0131z\u0131 &ouml;rt&uuml;s&uuml; ve k\u0131yafetine uygun kost&uuml;m&uuml;yle &ccedil;ok be\u011fenildi.<\/p>\n<p><img decoding=\"async\" src=\"https:\/\/static.mavikadin.com\/images\/haberler\/22-10\/29\/turkan_sorayin_rengarenk_mardin_ziyareti-6.jpg\" alt=\"\" title=\"\"><\/p>\n<h3><strong>T&Uuml;RKAN \u015eORAY K\u0130MD\u0130R?<\/strong><\/h3>\n<p>T&uuml;rkan \u015eoray 28 Haziran 1945 y\u0131l\u0131nda Ey&uuml;psultan, \u0130stanbul&#8217;da do\u011fdu. T&uuml;rk oyuncu, senarist, y&ouml;netmen ve yazard\u0131r. T&uuml;rk sinemas\u0131nda &#8220;Sultan&#8221; lakab\u0131yla an\u0131lan \u015eoray, oynad\u0131\u011f\u0131 222 film ile, d&uuml;nyan\u0131n &#8216;en &ccedil;ok film &ccedil;eviren&#8217; kad\u0131n oyuncusu unvan\u0131na sahiptir. Fatma Girik, H&uuml;lya Ko&ccedil;yi\u011fit ve Filiz Ak\u0131n ile birlikte Ye\u015fil&ccedil;am&#8217;\u0131n d&ouml;rt yaprakl\u0131 yoncas\u0131ndan birisi olarak kabul edildi.<\/p>\n<p><img decoding=\"async\" src=\"https:\/\/static.mavikadin.com\/images\/haberler\/22-10\/29\/turkan_sorayin_rengarenk_mardin_ziyareti-7.jpg\" alt=\"\" title=\"\"><\/p>\n<p>1960&#8217;larda sinema ile tan\u0131\u015fm\u0131\u015f, ilk sinema &ouml;d&uuml;l&uuml; 1964 Antalya Alt\u0131n Portakal Film Festivali&#8217;nde Ac\u0131 Hayat filmiyle en ba\u015far\u0131l\u0131 kad\u0131n oyuncu &ouml;d&uuml;l&uuml;n&uuml; alm\u0131\u015ft\u0131r. Bunun yan\u0131 s\u0131ra H&uuml;lya Ko&ccedil;yi\u011fit&#8217;in ard\u0131ndan Alt\u0131n Portakal Film Festivali&#8217;nde &#8220;en iyi kad\u0131n oyuncu&#8221; &ouml;d&uuml;l&uuml;ne d&ouml;rt kez lay\u0131k g&ouml;r&uuml;ld&uuml;. 1991 y\u0131l\u0131nda devlet sanat&ccedil;\u0131s\u0131 se&ccedil;ildi. \u015eoray, 12 Mart 2010 tarihinde UNICEF T&uuml;rkiye iyi niyet el&ccedil;isi se&ccedil;ilmi\u015f, &#8220;Sevgiyle yap\u0131lamayacak bir \u015fey yoktur diye d&uuml;\u015f&uuml;n&uuml;yorum. G&uuml;c&uuml; sevgiyle birle\u015ftirirsek bir&ccedil;ok sorunun &uuml;stesinden gelebiliriz&#8221; demi\u015ftir. Ayr\u0131ca \u015eoray&#8217;\u0131n kendi ad\u0131n\u0131 ta\u015f\u0131yan bir ilkokulu da vard\u0131r.<\/p>\n<p><img decoding=\"async\" src=\"https:\/\/static.mavikadin.com\/images\/haberler\/22-10\/29\/turkan_sorayin_rengarenk_mardin_ziyareti-1.jpg\" alt=\"\" title=\"\"><\/p>\n<p>Sinema oyuncular\u0131 H&uuml;lya Ko&ccedil;yi\u011fit, Filiz Ak\u0131n ve Fatma Girik&#8217;le birlikte, T&uuml;rk sinemas\u0131n\u0131n bir d&ouml;nemine damgas\u0131n\u0131 vurmu\u015f d&ouml;rt &ouml;nemli kad\u0131n oyuncudan biri kabul edilir. Bu d&ouml;rtl&uuml; i&ccedil;erisinde, y&ouml;netmenlik yapan tek sinema oyuncusu olan \u015eoray, ba\u015frol&uuml;nde kendisine e\u015flik eden Kadir \u0130nan\u0131r ile oynad\u0131\u011f\u0131 1972 yap\u0131ml\u0131 D&ouml;n&uuml;\u015f, 1973 yap\u0131ml\u0131 Azap, 1976 yap\u0131ml\u0131 Bodrum H&acirc;kimi, 2015 yap\u0131m\u0131 Uzaklarda Arama&#8217;n\u0131n tek ba\u015f\u0131na; 1981 yap\u0131ml\u0131 Y\u0131lan\u0131 &Ouml;ld&uuml;rseler filminin ise \u015eerif G&ouml;ren ile birlikte y&ouml;netmenli\u011fini yapm\u0131\u015ft\u0131r. T&uuml;rkan \u015eoray, Haziran 2018&#8217;de verdi\u011fi bir r&ouml;portajda &#8220;&ouml;n&uuml;ne iyi senoryalar gelmedi\u011fi&#8221; gerek&ccedil;esiyle oyunculu\u011fu b\u0131rakt\u0131\u011f\u0131n\u0131 a&ccedil;\u0131klad\u0131.<\/p>\n<p>YA\u015eAMI<\/p>\n<p>\u0130stanbul&#8217;un Ey&uuml;psultan il&ccedil;esinde do\u011fan T&uuml;rkan \u015eoray memur bir ailenin ilk &ccedil;ocu\u011fudur. Baba taraf\u0131 Kabartay &Ccedil;erkezlerindendir, anne taraf\u0131 Sel&acirc;nik g&ouml;&ccedil;menidir. Nazan ve Figen ad\u0131nda iki k\u0131z karde\u015fi daha olan \u015eoray&#8217;\u0131n babas\u0131 vefat etmi\u015fti. Fatih K\u0131z Lisesi orta b&ouml;l&uuml;m&uuml; mezunu olup annesi Meliha Sav&#8217;\u0131n (1927-1984) deste\u011fiyle sinemaya ad\u0131m atan \u015eoray, 1962 y\u0131l\u0131nda Galatasaray eski asba\u015fkan\u0131 R&uuml;&ccedil;han Adl\u0131 (1923-1995) ile 20 y\u0131l bir birliktelik ya\u015fad\u0131. Bu s&uuml;re i&ccedil;inde birka&ccedil; defa ayr\u0131l\u0131p bar\u0131\u015fan &ccedil;ift, R&uuml;&ccedil;han Adl\u0131&#8217;n\u0131n e\u015finden bir t&uuml;rl&uuml; bo\u015fanmamas\u0131 y&uuml;z&uuml;nden yollar\u0131n\u0131 ay\u0131rd\u0131. T&uuml;rkan \u015eoray, 1995 A\u011fustos&#8217;unda hastaneye kald\u0131r\u0131lan Adl\u0131&#8217;y\u0131 son anlar\u0131na kadar yaln\u0131z b\u0131rakmad\u0131. Tiyatro oyuncusu Cihan &Uuml;nal ile 1983&#8217;te evlenmi\u015f 1987&#8217;de ayr\u0131lm\u0131\u015f ve bu evlilikten Ya\u011fmur adl\u0131 bir k\u0131zlar\u0131 olmu\u015ftur.<\/p>\n","protected":false},"excerpt":{"rendered":"<p>T\u00fcrk Sinemas\u0131&#8217;n\u0131n Sultan\u0131 lakapl\u0131 77 ya\u015f\u0131ndaki T\u00fcrkan \u015eoray, Mardin&#8217;i ziyaret etti. Ortaya renkli g\u00f6r\u00fcnt\u00fcler \u00e7\u0131kt\u0131. T&uuml;rk Sinemas\u0131&#8217;n\u0131n efsanevi ismi 77 ya\u015f\u0131ndaki T&uuml;rkan \u015eoray, son olarak estetiksiz foto\u011fraflar\u0131yla g&uuml;ndem olmu\u015ftu. 20 kilo veren \u015eoray&#8217;\u0131n ayn\u0131 zamanda Frans\u0131z ask\u0131s\u0131 y&ouml;ntemiyle y&uuml;z&uuml;n&uuml; gerdirdi\u011fi de iddia edildi. \u015eoray&#8217;\u0131n 20 li ya\u015flar\u0131na hen&uuml;z geldi\u011finde estetikle tan\u0131\u015ft\u0131. &Uuml;nl&uuml; isim, ilk olarak [&hellip;]<\/p>\n","protected":false},"author":2,"featured_media":51142,"comment_status":"closed","ping_status":"open","sticky":false,"template":"","format":"standard","meta":{"rank_math_lock_modified_date":false,"footnotes":""},"categories":[76],"tags":[2777,1325,40352,3295,40353,667],"class_list":["post-51143","post","type-post","status-publish","format-standard","has-post-thumbnail","hentry","category-magazin","tag-mardin","tag-soray","tag-sultan","tag-turkan-soray","tag-unlu-ziyaret","tag-yesilcam"],"_links":{"self":[{"href":"https:\/\/www.tgrthaber.com\/mavikadin\/wp-json\/wp\/v2\/posts\/51143"}],"collection":[{"href":"https:\/\/www.tgrthaber.com\/mavikadin\/wp-json\/wp\/v2\/posts"}],"about":[{"href":"https:\/\/www.tgrthaber.com\/mavikadin\/wp-json\/wp\/v2\/types\/post"}],"author":[{"embeddable":true,"href":"https:\/\/www.tgrthaber.com\/mavikadin\/wp-json\/wp\/v2\/users\/2"}],"replies":[{"embeddable":true,"href":"https:\/\/www.tgrthaber.com\/mavikadin\/wp-json\/wp\/v2\/comments?post=51143"}],"version-history":[{"count":1,"href":"https:\/\/www.tgrthaber.com\/mavikadin\/wp-json\/wp\/v2\/posts\/51143\/revisions"}],"predecessor-version":[{"id":51144,"href":"https:\/\/www.tgrthaber.com\/mavikadin\/wp-json\/wp\/v2\/posts\/51143\/revisions\/51144"}],"wp:featuredmedia":[{"embeddable":true,"href":"https:\/\/www.tgrthaber.com\/mavikadin\/wp-json\/wp\/v2\/media\/51142"}],"wp:attachment":[{"href":"https:\/\/www.tgrthaber.com\/mavikadin\/wp-json\/wp\/v2\/media?parent=51143"}],"wp:term":[{"taxonomy":"category","embeddable":true,"href":"https:\/\/www.tgrthaber.com\/mavikadin\/wp-json\/wp\/v2\/categories?post=51143"},{"taxonomy":"post_tag","embeddable":true,"href":"https:\/\/www.tgrthaber.com\/mavikadin\/wp-json\/wp\/v2\/tags?post=51143"}],"curies":[{"name":"wp","href":"https:\/\/api.w.org\/{rel}","templated":true}]}}