{"id":51149,"date":"2022-10-29T22:05:47","date_gmt":"2022-10-29T19:05:47","guid":{"rendered":"https:\/\/new.mavikadin.com\/?p=51149"},"modified":"2024-09-16T13:36:43","modified_gmt":"2024-09-16T10:36:43","slug":"ozge-ulusoyun-3-gun-3-gece-dogum-gunu-kutlamasi","status":"publish","type":"post","link":"https:\/\/www.tgrthaber.com\/mavikadin\/ozge-ulusoyun-3-gun-3-gece-dogum-gunu-kutlamasi\/","title":{"rendered":"\u00d6zge Ulusoy&#8217;un 3 g\u00fcn 3 gece do\u011fum g\u00fcn\u00fc kutlamas\u0131"},"content":{"rendered":"<p>Miss Turkey ikinci g\u00fczeli \u00d6zge Ulusoy, do\u011fum g\u00fcn\u00fcn\u00fc g\u00fcnlerce kutlad\u0131.<\/p>\n<p>&Uuml;nl&uuml; manken &Ouml;zge Ulusoy 40. ya\u015f\u0131n\u0131 3 g&uuml;n 3 gece kutlad\u0131. &Ouml;nceki g&uuml;n Akmerkez&#8217;de objektiflere yans\u0131yan 2003 Miss Turkey ikinci g&uuml;zel Ulusoy, hala ya\u015f\u0131tlar\u0131n\u0131n en &ccedil;ok kazana isimlerinden biri olmaya devam ediyor. Her g&uuml;n&uuml; dolu olan ve &ccedil;ok &ccedil;al\u0131\u015fan Ulusoy, birikimini babas\u0131n\u0131n yapt\u0131\u011f\u0131n\u0131 s&ouml;ylemi\u015fti.<\/p>\n<p>&#8220;Bug&uuml;n benim do\u011fum g&uuml;n&uuml;m. D&uuml;n gece arkada\u015flar\u0131m organizasyon yapm\u0131\u015flar, sa\u011f olsunlar yeni ya\u015f\u0131m\u0131 kutlad\u0131lar&#8221;<\/p>\n<p><img decoding=\"async\" src=\"https:\/\/static.mavikadin.com\/images\/haberler\/22-10\/29\/ozge_ulusoy_un_uc_gun_uc_gece_dogum_gunu-16.jpg\" alt=\"\" title=\"\"><\/p>\n<h3><strong>&#8220;DAHA GEN&Ccedil; H\u0130SSED\u0130YORUM&#8221;<\/strong><\/h3>\n<p>&#8220;Ge&ccedil;enlerde yine s&ouml;yledim. Daha gen&ccedil; hissediyorum. Mutluyum&#8221; ifadelerini kullanan 40 ya\u015f\u0131ndaki tescilli g&uuml;zel, daha sonra &#8220;&Ccedil;ok &ouml;z&uuml;r dilerim. Biraz acelem var. Te\u015fekk&uuml;r ederim&#8221; diyerek oradan ayr\u0131ld\u0131.<\/p>\n<p><img decoding=\"async\" src=\"https:\/\/static.mavikadin.com\/images\/haberler\/22-10\/29\/ozge_ulusoy_un_uc_gun_uc_gece_dogum_gunu-19.jpg\" alt=\"\" title=\"\"><\/p>\n<h3><strong>&Ouml;ZGE ULUSOY K\u0130MD\u0130R?<\/strong><\/h3>\n<p>Ulusoy, 28 Ekim 1982 y\u0131l\u0131nda 2001 y\u0131l\u0131nda Ankara&#8217;da d&uuml;nyaya geldi. D&uuml;nyan\u0131n en prestijli model ajanslar\u0131ndan Amerikan Elite Modellik Ajans\u0131&#8217;n\u0131n d&uuml;zenledi\u011fi bir g&uuml;zellik organizasyonu olan Elite Model Look&#8217;a kat\u0131ld\u0131 ve &uuml;&ccedil;&uuml;nc&uuml;l&uuml;k unvan\u0131n\u0131 kazand\u0131. Bu derecenin ard\u0131ndan Gaye S&ouml;kmen Ajans&#8217;a kay\u0131t oldu. Ayn\u0131 zamanda 2003 senesinin Miss Turkey 2003 (T&uuml;rkiye G&uuml;zellik Krali&ccedil;esi Yar\u0131\u015fmas\u0131) yar\u0131\u015fmas\u0131nda ikinci se&ccedil;ilen ve bunun ard\u0131ndan Panama&#8217;da d&uuml;nyan\u0131n en prestijli g&uuml;zellik yar\u0131\u015fmas\u0131 olan K&acirc;inat G&uuml;zellik Yar\u0131\u015fmas\u0131&#8217;nda (Miss Universe) T&uuml;rkiye&#8217;yi temsil eden model, U\u011furkan Erez ile tan\u0131\u015ft\u0131 ve profesyonel modellik hayat\u0131na Cengiz Abazo\u011flu defilesi ile ad\u0131m att\u0131. 2007&#8217;de FOX TV&#8217;de yay\u0131nlanan Senin U\u011fruna dizisinde Rafet El Roman ile ba\u015frolde oynad\u0131. Ayn\u0131 y\u0131l U\u011furkan Erez Ajans&#8217;a ge&ccedil;ti ve h&acirc;len o ajansa ba\u011fl\u0131 olarak &ccedil;al\u0131\u015fmaktad\u0131r. Bu s\u0131rada modellik kariyerine &ouml;nemli modac\u0131lar\u0131n ve firmalar\u0131n defileleriyle devam etti. Bunlar aras\u0131nda ilk g&ouml;ze &ccedil;arpan modac\u0131lardan Y\u0131ld\u0131r\u0131m Mayruk, Cemil \u0130pek&ccedil;i, Vural G&ouml;k&ccedil;ayl\u0131, Erol Albayrak, Hakan Y\u0131ld\u0131r\u0131m, Cengiz Abazo\u011flu, Arzu Kaprol, &Ouml;zlem S&uuml;er, &Ouml;zg&uuml;r Masur, Etcetura ve Gamze Sara&ccedil;o\u011flu; firmalardan ise Beymen, Vakko, \u0130pekyol, Roman, Mavi Jeans, Mudo, Harvey Nichols ve Mango bulunmaktad\u0131r.<\/p>\n<p>&Ouml;nce 2006 y\u0131l\u0131nda ilk sezonda daha sonra 2008 y\u0131l\u0131nda &uuml;&ccedil;&uuml;nc&uuml; sezonda, y&ouml;netmenli\u011fini Orhan O\u011fuz&#8217;un yapt\u0131\u011f\u0131, Kanal D&#8217;de yay\u0131nlanan polisiye dizisi Arka Sokaklar&#8217;da rol almaya ba\u015flad\u0131 ve bir sezon boyunca &#8220;Yeliz &Ouml;\u011fretmen&#8221; karakterini canland\u0131ran &Ouml;zge Ulusoy, 2010 y\u0131l\u0131nda Ferruh Ta\u015fdemir ile bir g&uuml;n s&uuml;ren olayl\u0131 evlili\u011fi ile ad\u0131ndan s&ouml;z ettirdi. Yine 2010 y\u0131l\u0131nda Star TV&#8217;nin Ate\u015fe Y&uuml;r&uuml;mek adl\u0131 dizisinde Yavuz Bing&ouml;l, Ahu T&uuml;rkpen&ccedil;e ve \u015eerif Sezer&#8217;le birlikte rol ald\u0131. 2011 y\u0131l\u0131nda, kendisinin ilk sinema filmi olan Kutsal Damacana: Dracoola&#8217;da ba\u015frolde oynad\u0131. Ona yine ba\u015frolde Ersin Korkut ve \u015eahin Irmak e\u015flik etti. Ayn\u0131 zamanda rock grubu Badem&#8217;in Sen A\u011flama, Kalpsiz, Geceyedir K&uuml;smelerim ve Yorgunum kliplerinde rol ald\u0131. \u0130lker \u0130nano\u011flu ile y\u0131llarca beraberli\u011fi uzun s&uuml;re konu\u015fulan manken &Ouml;zge Ulusoy, &uuml;nl&uuml; Amerikan format\u0131 Survivor&#8217;\u0131n T&uuml;rk versiyonu olan, Show TV&#8217;de yay\u0131nlanan ve prod&uuml;ksiyonu Acun Medya taraf\u0131ndan yap\u0131lan Survivor &Uuml;nl&uuml;ler-G&ouml;n&uuml;ll&uuml;ler adl\u0131 reality television game show program\u0131nda &Uuml;nl&uuml;ler Grubu&#8217;nda 2 Nisan 2011 tarihinden 6 Haziran 2011 tarihine kadar Dominik Cumhuriyeti&#8217;nde yar\u0131\u015fm\u0131\u015f ve yar\u0131\u015fmaya be\u015finci olarak veda etmi\u015ftir.Yar\u0131\u015fmadan d&ouml;nd&uuml;kten bir s&uuml;re sonra pop&uuml;ler tv program\u0131 Bug&uuml;n Ne Giysem? de yar\u0131\u015fmac\u0131lar\u0131n haz\u0131rlan\u0131p j&uuml;ri &ouml;n&uuml;ne g&ouml;nderildi\u011fi U\u011furlu Oda&#8217;y\u0131 y&ouml;netti.Daha sonra ise U\u011furlu Oda&#8217;y\u0131 b\u0131rak\u0131p j&uuml;ri koltu\u011funa ge&ccedil;mi\u015ftir.<\/p>\n<p>\u0130zmirli bir ailenin en k&uuml;&ccedil;&uuml;k &ccedil;ocu\u011fu olan &Ouml;zge Ulusoy&#8217;un ablas\u0131, Bah&ccedil;e\u015fehir &Uuml;niversitesi&#8217;nde ve Marmara &Uuml;niversitesi&#8217;nde do&ccedil;ent &ouml;\u011fretim &uuml;yesidir, annesi Ankara&#8217;da belediye ba\u015fkanl\u0131\u011f\u0131 yapm\u0131\u015ft\u0131r, babas\u0131 ise emekli asker&icirc; h&acirc;kimdir.<\/p>\n<h3><strong>E\u011e\u0130T\u0130M\u0130<\/strong><\/h3>\n<p>\u0130lkokuldan sonra Hacettepe &Uuml;niversitesi Ankara Devlet Konservatuvar\u0131 Klasik Bale B&ouml;l&uuml;m&uuml; s\u0131navlar\u0131n\u0131 kazanarak ortaokul-lise hayat\u0131na orada devam etti. &Uuml;niversitenin ilk iki y\u0131l\u0131n\u0131 da ayn\u0131 okulda okuyarak &uuml;&ccedil;&uuml;nc&uuml; s\u0131n\u0131fta yatay ge&ccedil;i\u015fle Mimar Sinan G&uuml;zel Sanatlar &Uuml;niversitesi Devlet Konservatuvar\u0131&#8217;na ge&ccedil;ti. Orada da bir y\u0131l e\u011fitim ald\u0131ktan sonra son senesinde s\u0131n\u0131f atlayarak Klasik Bale B&ouml;l&uuml;m&uuml;&#8217;nden mezun oldu. Miss Turkey 2003 ikincisi oldu\u011fu ve profesyonel mankenli\u011fe ad\u0131m att\u0131\u011f\u0131 y\u0131l e\u011fitim hayat\u0131na da yeniden at\u0131ld\u0131 ve Yeditepe &Uuml;niversitesi G&uuml;zel Sanatlar Fak&uuml;ltesi Sanat Yonetimi B&ouml;l&uuml;m&uuml;&#8217;n&uuml; kazan\u0131p e\u011fitimine ikinci bir &uuml;niversite okuyarak devam etmeye ba\u015flad\u0131. Bu okuldan 2007 y\u0131l\u0131nda mezun oldu.<\/p>\n","protected":false},"excerpt":{"rendered":"<p>Miss Turkey ikinci g\u00fczeli \u00d6zge Ulusoy, do\u011fum g\u00fcn\u00fcn\u00fc g\u00fcnlerce kutlad\u0131. &Uuml;nl&uuml; manken &Ouml;zge Ulusoy 40. ya\u015f\u0131n\u0131 3 g&uuml;n 3 gece kutlad\u0131. &Ouml;nceki g&uuml;n Akmerkez&#8217;de objektiflere yans\u0131yan 2003 Miss Turkey ikinci g&uuml;zel Ulusoy, hala ya\u015f\u0131tlar\u0131n\u0131n en &ccedil;ok kazana isimlerinden biri olmaya devam ediyor. Her g&uuml;n&uuml; dolu olan ve &ccedil;ok &ccedil;al\u0131\u015fan Ulusoy, birikimini babas\u0131n\u0131n yapt\u0131\u011f\u0131n\u0131 s&ouml;ylemi\u015fti. &#8220;Bug&uuml;n [&hellip;]<\/p>\n","protected":false},"author":2,"featured_media":51148,"comment_status":"closed","ping_status":"open","sticky":false,"template":"","format":"standard","meta":{"rank_math_lock_modified_date":false,"footnotes":""},"categories":[76],"tags":[22131,38141,23374,3874,740,15722],"class_list":["post-51149","post","type-post","status-publish","format-standard","has-post-thumbnail","hentry","category-magazin","tag-40-yas","tag-dogum-gunu-kutlamasi","tag-guzellik-yarismasi","tag-ozge-ulusoy","tag-ulusoy","tag-unlu-manken"],"_links":{"self":[{"href":"https:\/\/www.tgrthaber.com\/mavikadin\/wp-json\/wp\/v2\/posts\/51149"}],"collection":[{"href":"https:\/\/www.tgrthaber.com\/mavikadin\/wp-json\/wp\/v2\/posts"}],"about":[{"href":"https:\/\/www.tgrthaber.com\/mavikadin\/wp-json\/wp\/v2\/types\/post"}],"author":[{"embeddable":true,"href":"https:\/\/www.tgrthaber.com\/mavikadin\/wp-json\/wp\/v2\/users\/2"}],"replies":[{"embeddable":true,"href":"https:\/\/www.tgrthaber.com\/mavikadin\/wp-json\/wp\/v2\/comments?post=51149"}],"version-history":[{"count":1,"href":"https:\/\/www.tgrthaber.com\/mavikadin\/wp-json\/wp\/v2\/posts\/51149\/revisions"}],"predecessor-version":[{"id":51150,"href":"https:\/\/www.tgrthaber.com\/mavikadin\/wp-json\/wp\/v2\/posts\/51149\/revisions\/51150"}],"wp:featuredmedia":[{"embeddable":true,"href":"https:\/\/www.tgrthaber.com\/mavikadin\/wp-json\/wp\/v2\/media\/51148"}],"wp:attachment":[{"href":"https:\/\/www.tgrthaber.com\/mavikadin\/wp-json\/wp\/v2\/media?parent=51149"}],"wp:term":[{"taxonomy":"category","embeddable":true,"href":"https:\/\/www.tgrthaber.com\/mavikadin\/wp-json\/wp\/v2\/categories?post=51149"},{"taxonomy":"post_tag","embeddable":true,"href":"https:\/\/www.tgrthaber.com\/mavikadin\/wp-json\/wp\/v2\/tags?post=51149"}],"curies":[{"name":"wp","href":"https:\/\/api.w.org\/{rel}","templated":true}]}}