{"id":51152,"date":"2022-10-29T22:16:58","date_gmt":"2022-10-29T19:16:58","guid":{"rendered":"https:\/\/new.mavikadin.com\/?p=51152"},"modified":"2024-09-16T13:36:49","modified_gmt":"2024-09-16T10:36:49","slug":"basak-dizerden-kivanc-tatlituga-luks-dogum-gunu-hediyesi","status":"publish","type":"post","link":"https:\/\/www.tgrthaber.com\/mavikadin\/basak-dizerden-kivanc-tatlituga-luks-dogum-gunu-hediyesi\/","title":{"rendered":"Ba\u015fak Dizer&#8217;den K\u0131van\u00e7 Tatl\u0131tu\u011f&#8217;a l\u00fcks do\u011fum g\u00fcn\u00fc hediyesi"},"content":{"rendered":"<p>Baba olduktan sonraki ilk do\u011fum g\u00fcn\u00fcn\u00fc kutlayan K\u0131van\u00e7 Tatl\u0131tu\u011f&#8217;a e\u015fi Ba\u015fak Dizer&#8217;den inan\u0131lmaz hediye geldi. Dizer e\u015fi Tatl\u0131tu\u011f i\u00e7in kesenin a\u011fz\u0131n\u0131 a\u00e7t\u0131.<\/p>\n<p>T&uuml;rkiye&#8217;nin en &uuml;nl&uuml; &ccedil;iftlerinden biri olan K\u0131van&ccedil; Tatl\u0131tu\u011f ve Ba\u015fak Dizer &ccedil;ifti bir kez daha g&uuml;ndem oldu. 2016 y\u0131l\u0131nda mutlu bir evlili\u011fe imza atan ikili, 6 ay &ouml;nce ilk &ccedil;ocuklar\u0131 Kurt Efe ismini verdikleri &ccedil;ocuklar\u0131n\u0131 kucaklar\u0131na alm\u0131\u015flard\u0131. Ge&ccedil;ti\u011fimiz g&uuml;nlerde do\u011fum g&uuml;n&uuml; olan K\u0131van&ccedil; Tatl\u0131tu\u011f&#8217;a e\u015fi Ba\u015fak Dizer&#8217;den tam 15 bin dolarl\u0131k bir hediye geldi. Hediyenin fiyat\u0131n\u0131 duyanlar \u015fa\u015fk\u0131nl\u0131klar\u0131n\u0131 gizleyemedi.<\/p>\n<h3><strong>HEM DO\u011eUM G&Uuml;N&Uuml; HEM BABALIK HED\u0130YES\u0130<\/strong><\/h3>\n<p>27 Ekim tarihinde 39. ya\u015f\u0131n\u0131 kutlayan oyuncu K\u0131van&ccedil; Tatl\u0131tu\u011f&#8217;a e\u015fi ve o\u011flunun annesi Ba\u015fak Dizer&#8217;in hem anlaml\u0131 hem pahal\u0131 bir hediye ald\u0131\u011f\u0131 ortaya &ccedil;\u0131kt\u0131. &Uuml;nl&uuml; modac\u0131n\u0131n e\u015fi Tatl\u0131tu\u011f&#8217;a 15 bin dolar yakla\u015f\u0131k 300 bin T&uuml;rk Liras\u0131 de\u011ferinde el yap\u0131m\u0131 bir kolye ald\u0131\u011f\u0131 &ouml;\u011frenildi. Hep birlikte Bodrum&#8217;da olan &ccedil;iftin do\u011fum g&uuml;n&uuml;n&uuml; de burada dostlar\u0131 ve ailesiyle birlikte kutlad\u0131\u011f\u0131 s&ouml;ylendi. Kolyenin &uuml;zerinde K\u0131van&ccedil; Tatl\u0131tu\u011f&#8217;un en b&uuml;y&uuml;k meraklar\u0131ndan biri olan bal\u0131k fig&uuml;rlerinin oldu\u011fu iddia edildi.<\/p>\n<p><img decoding=\"async\" src=\"https:\/\/static.mavikadin.com\/images\/haberler\/22-10\/29\/basak_dizerden_esi_kivanc_tatlitug_a_luks_hediye-2.jpg\" alt=\"\" title=\"\"><\/p>\n<h3><strong>KIVAN&Ccedil; TATLITU\u011e K\u0130MD\u0130R?<\/strong><\/h3>\n<p>K\u0131van&ccedil; Tatl\u0131tu\u011f, 27 Ekim 1983&#8217;te Adana&rsquo;da Erdem ve Nurten Tatl\u0131tu\u011f&#8217;un o\u011flu olarak d&uuml;nyaya geldi. Baba taraf\u0131ndan Arnavut ve Bo\u015fnak k&ouml;kenli, anne taraf\u0131ndan ise Edirnelidir.<\/p>\n<p>Adana&#8217;dayken &ldquo;Fiskobirlik&rdquo;, &ldquo;G&uuml;ney Sanayi&rdquo;, &ldquo;&Ccedil;ukurova Kul&uuml;b&uuml;&rdquo;, &ldquo;Devlet Su \u0130\u015fleri&rdquo; ve &ldquo;Tarsus Amerikan Kul&uuml;b&uuml;&rdquo; gibi kul&uuml;plerde basketbol oynad\u0131. &Uuml;lkerspor&#8217;dan teklif gelmesiyle 2 y\u0131l orada oynad\u0131. Ard\u0131ndan 1 y\u0131l Be\u015fikta\u015f, 1 y\u0131l da Fenerbah&ccedil;e&#8217;de oynad\u0131. Tekrar Be\u015fikta\u015f&#8217;a d&ouml;nen Tatl\u0131tu\u011f&#8217;un antrenman s\u0131ras\u0131nda sakatlanmas\u0131n\u0131n ard\u0131ndan basketbol kariyeri son bulmu\u015f oldu.<\/p>\n<p><img decoding=\"async\" src=\"https:\/\/static.mavikadin.com\/images\/haberler\/22-10\/29\/basak_dizerden_esi_kivanc_tatlitug_a_luks_hediye-7.jpg\" alt=\"\" title=\"\"><\/p>\n<p>Mankenlik kariyerini ba\u015flatan, annesinin bir marketin cam\u0131nda g&ouml;rd&uuml;\u011f&uuml; mankenlik ilan\u0131 olmu\u015ftur. O\u011flunun bir foto\u011fraf\u0131n\u0131 \u015firkete g&ouml;ndermesiyle, Tatl\u0131tu\u011f mankenli\u011fe ad\u0131m atm\u0131\u015f olur. Bu mesle\u011fi be\u011fenmesiyle ard\u0131ndan gelen teklifleri de de\u011ferlendirmi\u015f ve profesyonel anlamda manken olmu\u015ftur.<\/p>\n<p>\u0130ki y\u0131l ajanslarla birlikte &ccedil;al\u0131\u015ft\u0131ktan sonra, 2002 Best Model of Turkey manken yar\u0131\u015fmas\u0131na kat\u0131ld\u0131 ve birinci oldu. B&ouml;ylece ayn\u0131 y\u0131l i&ccedil;erisinde Best Model of the World&#8217;e kat\u0131lmaya hak kazand\u0131. Ard\u0131ndan kat\u0131ld\u0131\u011f\u0131 Best Model of the World yar\u0131\u015fmas\u0131n\u0131 da kazanan Tatl\u0131tu\u011f, art\u0131k uluslararas\u0131 camiada da tan\u0131nan bir isim oldu. Frans\u0131z mankenlik ajans\u0131 Success&#8217;ten gelen teklifle Paris&#8217;e yerle\u015fti ve 1,5 y\u0131l orada ya\u015fad\u0131.<\/p>\n<p>Paris&#8217;te ya\u015fad\u0131\u011f\u0131 d&ouml;nemde, bir&ccedil;ok dizi teklifinin geldi\u011fini &ouml;\u011frenen Tatl\u0131tu\u011f, k&uuml;&ccedil;&uuml;kl&uuml;\u011f&uuml;nden beri sinema ve televizyona olan ilgisi oldu\u011fundan gelen teklifleri de\u011ferlendirmek &uuml;zere T&uuml;rkiye&#8217;ye d&ouml;nd&uuml;. Okan Bay&uuml;lgen&#8217;den ve Devlet Tiyatrosu oyuncusu La&ccedil;in Ceylan&#8217;dan oyunculuk e\u011fitimi ald\u0131.<\/p>\n<p>Oyunculu\u011fa ilk ad\u0131m\u0131n\u0131 2005 y\u0131l\u0131nda, G&uuml;m&uuml;\u015f dizisiyle att\u0131. Song&uuml;l &Ouml;den ile ba\u015frol&uuml; payla\u015ft\u0131. G&uuml;m&uuml;\u015f&#8217;&uuml;n ard\u0131ndan, Menek\u015fe ile Halil&#8217;de Halil karakterini canland\u0131rd\u0131. Amerikal\u0131lar Karadeniz&#8217;de 2 adl\u0131 filmde oynad\u0131.<\/p>\n<p>Kariyerindeki en b&uuml;y&uuml;k ad\u0131m ise 2008-2010 y\u0131llar\u0131 aras\u0131nda Beren Saat&#8217;le ba\u015frol&uuml;n&uuml; payla\u015ft\u0131\u011f\u0131, Halit Ziya U\u015fakl\u0131gil&#8217;in ayn\u0131 adl\u0131 roman\u0131ndan uyarlanan A\u015fk-\u0131 Memnu dizisinde canland\u0131rd\u0131\u011f\u0131 Behl&uuml;l Haznedar karakteri oldu. Dizide canland\u0131rd\u0131\u011f\u0131 Behl&uuml;l Haznedar karakteri, Tatl\u0131tu\u011f&#8217;a Alt\u0131n Kelebek &Ouml;d&uuml;lleri&#8217;nde &#8220;En \u0130yi Erkek Oyuncu&#8221; &ouml;d&uuml;l&uuml;n&uuml; kazand\u0131rd\u0131.<\/p>\n<p>2010 y\u0131l\u0131nda Ezel dizisinde, ikinci sezonun ba\u015f\u0131nda Sekiz adl\u0131 yan karakteri canland\u0131rd\u0131. Bunun d\u0131\u015f\u0131nda birka&ccedil; reklam filminde de yer ald\u0131. 2011-2013 y\u0131llar\u0131 aras\u0131nda Kanal D&#8217;de yay\u0131nlanan Kuzey G&uuml;ney adl\u0131 dizide Bu\u011fra G&uuml;lsoy ile birlikte ba\u015frol&uuml; payla\u015ft\u0131.<\/p>\n<p>2013&#8217;te Y\u0131lmaz Erdo\u011fan&#8217;\u0131n yaz\u0131p y&ouml;netti\u011fi, \u015fiirsel hayat\u0131 konu alan Kelebe\u011fin R&uuml;yas\u0131 adl\u0131 dram filminde Mert F\u0131rat ile ba\u015frolleri payla\u015ft\u0131. Tatl\u0131tu\u011f, II. D&uuml;nya Sava\u015f\u0131 d&ouml;neminde Zonguldak&#8217;ta ya\u015fayan ve gen&ccedil; ya\u015fta veremden &ouml;len \u015fairler R&uuml;\u015ft&uuml; Onur ve Muzaffer Tayyip Uslu&#8217;nun hayat hik&acirc;yesini anlatan &#8220;Kelebe\u011fin R&uuml;yas\u0131&#8221; filminde, Muzaffer karakterini canland\u0131rm\u0131\u015ft\u0131r. 2014 y\u0131l\u0131nda Star TV&#8217;de yay\u0131nlanan ve ba\u015frol&uuml;n&uuml; Farah Zeynep Abdullah ile payla\u015ft\u0131\u011f\u0131 Kurt Seyit ve \u015eura dizisinde &#8220;Kurt Seyit&#8221; karakterini canland\u0131rd\u0131.<\/p>\n<p>Ard\u0131ndan 2016 y\u0131l\u0131nda yine Star TV&#8217;de yay\u0131nlanan Cesur ve G&uuml;zel dizisinde Tuba B&uuml;y&uuml;k&uuml;st&uuml;n ile ba\u015frol&uuml; payla\u015ft\u0131. Hadi be O\u011flum sinema filminde ve &Ccedil;arp\u0131\u015fma dizisinde yer alan oyuncu, 2019 y\u0131l\u0131nda Organize \u0130\u015fler: Sazan Sarmal\u0131 filminde de oynam\u0131\u015ft\u0131r. Bel&ccedil;ika yap\u0131m\u0131 ve Netflix platformunda yay\u0131nlanan Into the Night dizisinde Arman karakteriyle konuk oyuncu olarak da yer alan Tatl\u0131tu\u011f, yine ayn\u0131 platformda yay\u0131mlanan Yakamoz S-245 dizisinde ba\u015frolde yer ald\u0131.<\/p>\n","protected":false},"excerpt":{"rendered":"<p>Baba olduktan sonraki ilk do\u011fum g\u00fcn\u00fcn\u00fc kutlayan K\u0131van\u00e7 Tatl\u0131tu\u011f&#8217;a e\u015fi Ba\u015fak Dizer&#8217;den inan\u0131lmaz hediye geldi. Dizer e\u015fi Tatl\u0131tu\u011f i\u00e7in kesenin a\u011fz\u0131n\u0131 a\u00e7t\u0131. T&uuml;rkiye&#8217;nin en &uuml;nl&uuml; &ccedil;iftlerinden biri olan K\u0131van&ccedil; Tatl\u0131tu\u011f ve Ba\u015fak Dizer &ccedil;ifti bir kez daha g&uuml;ndem oldu. 2016 y\u0131l\u0131nda mutlu bir evlili\u011fe imza atan ikili, 6 ay &ouml;nce ilk &ccedil;ocuklar\u0131 Kurt Efe ismini [&hellip;]<\/p>\n","protected":false},"author":2,"featured_media":51151,"comment_status":"closed","ping_status":"open","sticky":false,"template":"","format":"standard","meta":{"rank_math_lock_modified_date":false,"footnotes":""},"categories":[76],"tags":[2499,40357,561,40355,40356,11802],"class_list":["post-51152","post","type-post","status-publish","format-standard","has-post-thumbnail","hentry","category-magazin","tag-basak-dizer","tag-dogum-gunu-hediyesi","tag-kivanc","tag-kivanc-tatlitug-hediyesi","tag-luks-hediye","tag-unlu-cift"],"_links":{"self":[{"href":"https:\/\/www.tgrthaber.com\/mavikadin\/wp-json\/wp\/v2\/posts\/51152"}],"collection":[{"href":"https:\/\/www.tgrthaber.com\/mavikadin\/wp-json\/wp\/v2\/posts"}],"about":[{"href":"https:\/\/www.tgrthaber.com\/mavikadin\/wp-json\/wp\/v2\/types\/post"}],"author":[{"embeddable":true,"href":"https:\/\/www.tgrthaber.com\/mavikadin\/wp-json\/wp\/v2\/users\/2"}],"replies":[{"embeddable":true,"href":"https:\/\/www.tgrthaber.com\/mavikadin\/wp-json\/wp\/v2\/comments?post=51152"}],"version-history":[{"count":1,"href":"https:\/\/www.tgrthaber.com\/mavikadin\/wp-json\/wp\/v2\/posts\/51152\/revisions"}],"predecessor-version":[{"id":51153,"href":"https:\/\/www.tgrthaber.com\/mavikadin\/wp-json\/wp\/v2\/posts\/51152\/revisions\/51153"}],"wp:featuredmedia":[{"embeddable":true,"href":"https:\/\/www.tgrthaber.com\/mavikadin\/wp-json\/wp\/v2\/media\/51151"}],"wp:attachment":[{"href":"https:\/\/www.tgrthaber.com\/mavikadin\/wp-json\/wp\/v2\/media?parent=51152"}],"wp:term":[{"taxonomy":"category","embeddable":true,"href":"https:\/\/www.tgrthaber.com\/mavikadin\/wp-json\/wp\/v2\/categories?post=51152"},{"taxonomy":"post_tag","embeddable":true,"href":"https:\/\/www.tgrthaber.com\/mavikadin\/wp-json\/wp\/v2\/tags?post=51152"}],"curies":[{"name":"wp","href":"https:\/\/api.w.org\/{rel}","templated":true}]}}