{"id":51155,"date":"2022-10-29T22:39:51","date_gmt":"2022-10-29T19:39:51","guid":{"rendered":"https:\/\/new.mavikadin.com\/?p=51155"},"modified":"2024-09-16T13:36:55","modified_gmt":"2024-09-16T10:36:55","slug":"sinem-kobal-aylar-sonra-ilk-kez-ortaya-cikti","status":"publish","type":"post","link":"https:\/\/www.tgrthaber.com\/mavikadin\/sinem-kobal-aylar-sonra-ilk-kez-ortaya-cikti\/","title":{"rendered":"Sinem Kobal aylar sonra ilk kez ortaya \u00e7\u0131kt\u0131"},"content":{"rendered":"<p>\u0130kinci \u00e7ocuklar\u0131n\u0131 ge\u00e7ti\u011fimiz may\u0131s ay\u0131nda kuca\u011f\u0131na alan Kenan \u0130mirzal\u0131o\u011flu ve Sinem Kobal \u00e7iftinden Kobal aylard\u0131r g\u00f6r\u00fcnt\u00fclenmiyordu. Yak\u0131n arkada\u015f\u0131 ilk kez foto\u011fraf\u0131n\u0131 payla\u015ft\u0131.<\/p>\n<p>&Uuml;nl&uuml; oyuncu Sinem Kobal, kendisi gibi oyuncu Kenan \u0130mirzal\u0131o\u011flu ile 2016 y\u0131l\u0131nda evlenmi\u015fti. Birlikte mutlu bir evlilikleri olan &ccedil;ift ge&ccedil;ti\u011fimiz y\u0131llarda ilk &ccedil;ocuklar\u0131 Lalin&#8217;i kucaklar\u0131na alm\u0131\u015ft\u0131. Ard\u0131ndan ikinci &ccedil;ocuklar\u0131n\u0131n haberiyle yeniden g&uuml;ndem olan &ccedil;ift, ge&ccedil;ti\u011fimiz may\u0131s ay\u0131nda ikinci k\u0131zlar\u0131 Leyla&#8217;ya kavu\u015fmu\u015ftu.<\/p>\n<p><img decoding=\"async\" src=\"https:\/\/static.mavikadin.com\/images\/haberler\/22-10\/29\/sinem_kobal_aylar_sonra_ilk_kez_ortaya_cikti-7-1667072948.jpg\" alt=\"\" title=\"\"><\/p>\n<p>\u0130kinci k\u0131zlar\u0131 Leyla&#8217;dan sonra hi&ccedil;bir yerde g&ouml;r&uuml;nt&uuml;lenmeyen Sinem Kobal, sosyal medyadan eski foto\u011fraflar\u0131yla payla\u015f\u0131m yapmaya devam etti. Bu ak\u015fam yak\u0131n arkada\u015f olduklar\u0131 bilinen Selma &Ccedil;ilek ile bulu\u015fan Sinem Kobal, arkada\u015f\u0131n\u0131n &#8216;sonunda bulu\u015ftuk&#8217; yazarak Kobal&#8217;\u0131 etiketledi\u011fi foto\u011fraf\u0131 kendi sayfas\u0131nda da payla\u015ft\u0131. May\u0131s ay\u0131ndan beri ilk kez g&ouml;r&uuml;nt&uuml;lenen Sinem Kobal, ne\u015feli haliyle dikkat &ccedil;ekti.<\/p>\n<p><img decoding=\"async\" src=\"https:\/\/static.mavikadin.com\/images\/haberler\/22-10\/29\/sinem_kobal_aylar_sonra_ilk_kez_ortaya_cikti-6.jpg\" alt=\"\" title=\"\"><\/p>\n<h3><strong>S\u0130NEM KOBAL K\u0130MD\u0130R?<\/strong><\/h3>\n<p>14 A\u011fustos 1987 tarihinde \u0130stanbul&rsquo;da do\u011fdu. Rize, Hem\u015finli bir ailenin k\u0131z\u0131d\u0131r. Babas\u0131 in\u015faat m&uuml;hendisi, annesi ise ev han\u0131m\u0131d\u0131r.<\/p>\n<p>Kobal, d&ouml;rt ya\u015f\u0131nda Y\u0131ld\u0131z Alper bale okulunda ba\u015flad\u0131\u011f\u0131 bale e\u011fitimine sekiz y\u0131l devam etmi\u015ftir. Royal Akademi&#8217;den diplomas\u0131n\u0131 alm\u0131\u015ft\u0131r. \u0130STEK Vakf\u0131 &Ouml;zel Ac\u0131badem Lisesinden mezun olmu\u015ftur. Ba\u015far\u0131l\u0131 bir &ouml;\u011frenci olan Sinem Kobal, ortaokulda &ouml;\u011frenci iken, voleybol tak\u0131m\u0131yla ikincilik ve step birincili\u011fi kazanm\u0131\u015ft\u0131r. \u015eimdi ise Latin dans\u0131 ve Aikido sporu yapmaktad\u0131r.<\/p>\n<p>Dormen Tiyatrosunda ald\u0131\u011f\u0131 e\u011fitimle sanat hayat\u0131na giri\u015f yapm\u0131\u015f, hen&uuml;z 13 ya\u015f\u0131ndayken ilk kez &#8220;Dad\u0131&#8221; adl\u0131 televizyon dizisinde rol almaya ba\u015flam\u0131\u015ft\u0131r. Daha sonra bir sezon da Uygur Tiyatrosu&#8217;nda &ccedil;al\u0131\u015fm\u0131\u015ft\u0131r.<\/p>\n<p>2003 y\u0131l\u0131nda Star TV&#8217;de yay\u0131nlanan ba\u015frollerini Ali S&uuml;rmeli ve G&uuml;lben Ergen&#8217;in payla\u015ft\u0131\u011f\u0131 H&uuml;rrem Sultan dizisinde Ay\u015fe karakterini canland\u0131rm\u0131\u015ft\u0131r.<\/p>\n<p>Beykent &Uuml;niversitesi G&uuml;zel Sanatlar Fak&uuml;ltesi Sahne ve G&ouml;steri Sanatlar\u0131 B&ouml;l&uuml;m&uuml; mezunudur.<\/p>\n<p>2006-2009 y\u0131llar\u0131 aras\u0131nda ATV&rsquo;de yay\u0131nlanm\u0131\u015f olan Selena adl\u0131 bir fantastik dizide Selena adl\u0131 bir karakteri oynam\u0131\u015ft\u0131r. Akatlar K&uuml;lt&uuml;r Merkezi&#8217;nde yap\u0131lan &#8220;Jetix &Ccedil;ocuk &Ouml;d&uuml;lleri &Ouml;d&uuml;l T&ouml;reni&#8221;nde ba\u015frol&uuml;n&uuml; oynad\u0131\u011f\u0131 Selena dizisi &#8220;En Sevilen Yerli Televizyon Dizisi&#8221; se&ccedil;ilmi\u015f, Sinem Kobal ise yine bu t&ouml;rende &#8220;En Sevilen T&uuml;rk Kad\u0131n Oyuncu&#8221; se&ccedil;ilmi\u015ftir.<\/p>\n<p>2010 y\u0131l\u0131n\u0131n yaz aylar\u0131nda Kanal D&#8217;de yay\u0131nlanmaya ba\u015flayan daha sonra Star TV&#8217;de yay\u0131nlanan K&uuml;&ccedil;&uuml;k S\u0131rlar dizisinde Su karakterini canland\u0131rd\u0131.<\/p>\n<p>5 \u015eubat 2010&#8217;da Romantik Komedi&nbsp; filminde &#8220;Didem&#8221; karakterini canland\u0131rd\u0131. 14 \u015eubat 2013&#8217;te ise Romantik Komedi 2 vizyona girdi, bu filmde Kobal ayn\u0131 rol&uuml; tekrarlad\u0131.<\/p>\n","protected":false},"excerpt":{"rendered":"<p>\u0130kinci \u00e7ocuklar\u0131n\u0131 ge\u00e7ti\u011fimiz may\u0131s ay\u0131nda kuca\u011f\u0131na alan Kenan \u0130mirzal\u0131o\u011flu ve Sinem Kobal \u00e7iftinden Kobal aylard\u0131r g\u00f6r\u00fcnt\u00fclenmiyordu. Yak\u0131n arkada\u015f\u0131 ilk kez foto\u011fraf\u0131n\u0131 payla\u015ft\u0131. &Uuml;nl&uuml; oyuncu Sinem Kobal, kendisi gibi oyuncu Kenan \u0130mirzal\u0131o\u011flu ile 2016 y\u0131l\u0131nda evlenmi\u015fti. Birlikte mutlu bir evlilikleri olan &ccedil;ift ge&ccedil;ti\u011fimiz y\u0131llarda ilk &ccedil;ocuklar\u0131 Lalin&#8217;i kucaklar\u0131na alm\u0131\u015ft\u0131. Ard\u0131ndan ikinci &ccedil;ocuklar\u0131n\u0131n haberiyle yeniden g&uuml;ndem olan [&hellip;]<\/p>\n","protected":false},"author":2,"featured_media":51154,"comment_status":"closed","ping_status":"open","sticky":false,"template":"","format":"standard","meta":{"rank_math_lock_modified_date":false,"footnotes":""},"categories":[76],"tags":[3163,2726,38502],"class_list":["post-51155","post","type-post","status-publish","format-standard","has-post-thumbnail","hentry","category-magazin","tag-kenan-imirzalioglu","tag-sinem-kobal","tag-unlu-oyuncu"],"_links":{"self":[{"href":"https:\/\/www.tgrthaber.com\/mavikadin\/wp-json\/wp\/v2\/posts\/51155"}],"collection":[{"href":"https:\/\/www.tgrthaber.com\/mavikadin\/wp-json\/wp\/v2\/posts"}],"about":[{"href":"https:\/\/www.tgrthaber.com\/mavikadin\/wp-json\/wp\/v2\/types\/post"}],"author":[{"embeddable":true,"href":"https:\/\/www.tgrthaber.com\/mavikadin\/wp-json\/wp\/v2\/users\/2"}],"replies":[{"embeddable":true,"href":"https:\/\/www.tgrthaber.com\/mavikadin\/wp-json\/wp\/v2\/comments?post=51155"}],"version-history":[{"count":1,"href":"https:\/\/www.tgrthaber.com\/mavikadin\/wp-json\/wp\/v2\/posts\/51155\/revisions"}],"predecessor-version":[{"id":51156,"href":"https:\/\/www.tgrthaber.com\/mavikadin\/wp-json\/wp\/v2\/posts\/51155\/revisions\/51156"}],"wp:featuredmedia":[{"embeddable":true,"href":"https:\/\/www.tgrthaber.com\/mavikadin\/wp-json\/wp\/v2\/media\/51154"}],"wp:attachment":[{"href":"https:\/\/www.tgrthaber.com\/mavikadin\/wp-json\/wp\/v2\/media?parent=51155"}],"wp:term":[{"taxonomy":"category","embeddable":true,"href":"https:\/\/www.tgrthaber.com\/mavikadin\/wp-json\/wp\/v2\/categories?post=51155"},{"taxonomy":"post_tag","embeddable":true,"href":"https:\/\/www.tgrthaber.com\/mavikadin\/wp-json\/wp\/v2\/tags?post=51155"}],"curies":[{"name":"wp","href":"https:\/\/api.w.org\/{rel}","templated":true}]}}