{"id":51161,"date":"2022-10-30T19:47:51","date_gmt":"2022-10-30T16:47:51","guid":{"rendered":"https:\/\/new.mavikadin.com\/?p=51161"},"modified":"2024-09-16T13:37:08","modified_gmt":"2024-09-16T10:37:08","slug":"ozkan-ugur-biz-de-hayatin-dikenli-yollarinda-ilerlerken-mecburen-dedik","status":"publish","type":"post","link":"https:\/\/www.tgrthaber.com\/mavikadin\/ozkan-ugur-biz-de-hayatin-dikenli-yollarinda-ilerlerken-mecburen-dedik\/","title":{"rendered":"\u00d6zkan U\u011fur: Biz de hayat\u0131n dikenli yollar\u0131nda ilerlerken &#8216;mecburen&#8217; dedik"},"content":{"rendered":"<p>MF\u00d6 grubu \u00f6nceki ak\u015fam Turkcell Vadi&#8217;de sahne ald\u0131. Sanat\u00e7\u0131lar performanslar\u0131yla kendine hayran b\u0131rakt\u0131.<\/p>\n<p>&#8216;Mazeretim Var&#8217; \u015fark\u0131s\u0131n\u0131 s&ouml;yledikten sonra sahneye \u0131s\u0131t\u0131c\u0131 isteyen Mazhar Alason, &#8220;Bu gece sizleri \u015fark\u0131lar\u0131m\u0131zla \u0131s\u0131taca\u011f\u0131z&#8221; dedi. Alanson&rsquo;dan s&ouml;z&uuml; alan &Ouml;zkan U\u011fur, &#8220;Biz gen&ccedil;ken &#8216;Hayat ne g&uuml;zel&#8217; diyorduk. Biz de hayat\u0131n dikenli yollar\u0131nda ilerlerken &#8216;mecburen&#8217; dedik&#8221; ifadelerini kulland\u0131. Ard\u0131ndan MF&Ouml; hayranlar\u0131 co\u015fkuyla hep bir a\u011f\u0131zdan \u015fark\u0131lara e\u015flik etti.<\/p>\n<p>1984&#8217;te &ccedil;\u0131kan &#8216;Ele G&uuml;ne Kar\u015f\u0131&#8217; alb&uuml;m&uuml;yle birlikte toplam 13 alb&uuml;mde (3 best of, 10 st&uuml;dyo alb&uuml;m&uuml;) dillere dolanan say\u0131s\u0131z \u015fark\u0131ya imza atan, &uuml;lkenin d&ouml;rt bir yan\u0131nda konserler veren MF&Ouml;; &#8216;Sak\u0131n Gelme&#8217;den &#8216;Mazaretim Var Asabiyim Ben&#8217;e, &#8216;Ele G&uuml;ne Kar\u015f\u0131&#8217;dan &#8216;G&uuml;llerin \u0130&ccedil;inden&#8217;e, &#8216;Ali Desidero&#8217;dan &#8216;Sar\u0131 Laleler&#8217;e kadar en sevilen par&ccedil;alar\u0131yla unutulmaz bir konsere imza att\u0131.<\/p>\n<h3><strong>&Ouml;ZKAN U\u011eUR K\u0130MD\u0130R?<\/strong><\/h3>\n<p>&Ouml;zkan U\u011fur&#8217;un babas\u0131 Hur\u015fit U\u011fur \u015eehir Hatlar\u0131&#8217;nda &ccedil;ark&ccedil;\u0131ba\u015f\u0131 olarak &ccedil;al\u0131\u015fmaktayd\u0131. Ailenin be\u015finci &ccedil;ocu\u011fu olan U\u011fur, Re\u015fat Nuri G&uuml;ntekin \u0130lkokulunda okurken mandolin ile tan\u0131\u015f\u0131r. Fenerbah&ccedil;e Lisesi&#8217;nde okurken m&uuml;zik sevdas\u0131 a\u011f\u0131r basar. \u0130lk olarak &#8220;Atomikler&#8221; ad\u0131nda amat&ouml;r bir grup kurup, d&ouml;nemin pop&uuml;ler \u015fark\u0131lar\u0131n\u0131 yorumlad\u0131lar.<\/p>\n<p>M&uuml;zik hayat\u0131na 1970&#8217;te bir&ccedil;ok &uuml;nl&uuml; ismin de zaman zaman yer ald\u0131\u011f\u0131 \u015eerif Y&uuml;zba\u015f\u0131o\u011flu Orkestras\u0131&#8217;nda ba\u015flad\u0131. 1971 senesinde K\u0131z\u0131ltoprak&#8217;ta tan\u0131\u015ft\u0131\u011f\u0131 Mazhar Alanson ve Fuat G&uuml;ner ile ilk grubu Kayg\u0131s\u0131zlar&#8217;la profesyonel bas gitaristli\u011fe ba\u015flad\u0131. O d&ouml;nem Sad\u0131k Kuya\u015f da grupta bas gitaristlik yapmaktayd\u0131. Bir s&uuml;re beraber &ccedil;ald\u0131ktan sonra Kuya\u015f gruptan ayr\u0131ld\u0131 ve U\u011fur grubun tek bas gitaristi oldu.<\/p>\n<p>Kayg\u0131s\u0131zlar&#8217;\u0131n da\u011f\u0131lmas\u0131ndan sonra 1972&#8217;de Bar\u0131\u015f Man&ccedil;o&#8217;nun kendisine e\u015flik etmesi i&ccedil;in kurdu\u011fu rock grubu Kurtalan Ekspres adl\u0131 grubun ilk kadrosunda yer ald\u0131 ve Ankara Dedeman&#8217;daki ilk konserde yer ald\u0131. \u0130lk plaklar\u0131ndan sonra Bar\u0131\u015f Man&ccedil;o askere gitti. Grup bir s&uuml;reli\u011fine da\u011f\u0131l\u0131nca &Ouml;zkan U\u011fur, Ayd\u0131n &Ccedil;aku\u015f ve Nur Yenal ile birlikte Ter grubunu kurdu. Grup, o d&ouml;nem kendi grubunu da\u011f\u0131tm\u0131\u015f Erkin Koray ile birle\u015fti ve 1972&#8217;de &#8220;Hor G&ouml;rme Garibi \/ Z&uuml;leyha&#8221; 45&#8217;li\u011fini &ccedil;\u0131kard\u0131.<\/p>\n<p>Bar\u0131\u015f Man&ccedil;o&#8217;nun askerden d&ouml;nmesiyle &Ouml;zkan U\u011fur tekrar Kurtalan Ekspres&#8217;e d&ouml;nd&uuml;. 1973-1974 y\u0131llar\u0131 aras\u0131nda bu grupla &ccedil;al\u0131\u015ft\u0131. 2 plak kayd\u0131nda yer ald\u0131. 1974&#8217;te gruptan ayr\u0131ld\u0131ktan sonra bu d&ouml;nemden eski arkada\u015flar\u0131 Mazhar &#8211; Fuat&#8217;\u0131n haz\u0131rlad\u0131\u011f\u0131 st&uuml;dyo alb&uuml;m&uuml;nde de bas &ccedil;ald\u0131. Kurtalan Ekspres&#8217;e 1976&#8217;da k\u0131sa s&uuml;reli bas gitarist, 1978&#8217;de bir Anadolu turnesi i&ccedil;in de gitarist olarak grupta yer ald\u0131.<\/p>\n<p>1974&#8217;te Kurtalan Ekspres&#8217;ten arkada\u015f\u0131 Murat Ses ile bir s&uuml;re Edip Akbayram&#8217;\u0131n Dostlar Orkestras\u0131&#8217;nda yer ald\u0131. Ancak m&uuml;zikal anla\u015fmazl\u0131klardan dolay\u0131 ayr\u0131ld\u0131. Anadolu Rock&#8217;\u0131n ba\u015fka bir &uuml;nl&uuml; ismi olan Ersen ve Dada\u015flar grubuna Taner &Ouml;ng&uuml;r&#8217;&uuml;n yerine bas gitara ge&ccedil;ti. &Uuml;&ccedil; 45&#8217;likten sonra d&ouml;nemin siyasi ko\u015fullar\u0131 nedeniyle Ersen Dinleten ile Dada\u015flar&#8217;\u0131n yollar\u0131 ayr\u0131ld\u0131. &Ouml;zkan U\u011fur bir s&uuml;re daha Dada\u015flar&#8217;da kald\u0131 ve Selda Ba\u011fcan ile &#8220;Selda ve Dada\u015flar&#8221; ad\u0131yla &ccedil;\u0131kan T&uuml;rk&uuml;lerimiz LP&#8217;sinde bas gitar &ccedil;ald\u0131. 1976&#8217;da Seyhan Karabay ve Karda\u015flar grubunun bir 45&#8217;li\u011finde yer ald\u0131.<\/p>\n<p>1976&#8217;da yine Fuat G&uuml;ner ve Mazhan Alanson ile \u0130pucu Be\u015flisi&#8217;ne ge&ccedil;ti. Bir 45&#8217;lik yay\u0131mlay\u0131p, Seyyal Taner ile &ccedil;al\u0131\u015ft\u0131lar. Grubun da\u011f\u0131lmas\u0131yla 1978&#8217;de Galip Boransu ve Cengiz Teoman ile Grup Karma&#8217;y\u0131 kurdu. Bu grup ile kat\u0131ld\u0131klar\u0131 1978 T&uuml;rkiye Eurovision elemelerinde bestesi Galip Boransu&#8217;ya ait &#8220;\u0130mkans\u0131z&#8221; adl\u0131 \u015fark\u0131yla 4. olmu\u015ftur.<\/p>\n","protected":false},"excerpt":{"rendered":"<p>MF\u00d6 grubu \u00f6nceki ak\u015fam Turkcell Vadi&#8217;de sahne ald\u0131. Sanat\u00e7\u0131lar performanslar\u0131yla kendine hayran b\u0131rakt\u0131. &#8216;Mazeretim Var&#8217; \u015fark\u0131s\u0131n\u0131 s&ouml;yledikten sonra sahneye \u0131s\u0131t\u0131c\u0131 isteyen Mazhar Alason, &#8220;Bu gece sizleri \u015fark\u0131lar\u0131m\u0131zla \u0131s\u0131taca\u011f\u0131z&#8221; dedi. Alanson&rsquo;dan s&ouml;z&uuml; alan &Ouml;zkan U\u011fur, &#8220;Biz gen&ccedil;ken &#8216;Hayat ne g&uuml;zel&#8217; diyorduk. Biz de hayat\u0131n dikenli yollar\u0131nda ilerlerken &#8216;mecburen&#8217; dedik&#8221; ifadelerini kulland\u0131. Ard\u0131ndan MF&Ouml; hayranlar\u0131 co\u015fkuyla hep [&hellip;]<\/p>\n","protected":false},"author":2,"featured_media":51160,"comment_status":"closed","ping_status":"open","sticky":false,"template":"","format":"standard","meta":{"rank_math_lock_modified_date":false,"footnotes":""},"categories":[76],"tags":[38705,1645,40358,29750,38136],"class_list":["post-51161","post","type-post","status-publish","format-standard","has-post-thumbnail","hentry","category-magazin","tag-anadolu-rock","tag-konser","tag-mfo","tag-ozkan-ugur","tag-turkce-muzik"],"_links":{"self":[{"href":"https:\/\/www.tgrthaber.com\/mavikadin\/wp-json\/wp\/v2\/posts\/51161"}],"collection":[{"href":"https:\/\/www.tgrthaber.com\/mavikadin\/wp-json\/wp\/v2\/posts"}],"about":[{"href":"https:\/\/www.tgrthaber.com\/mavikadin\/wp-json\/wp\/v2\/types\/post"}],"author":[{"embeddable":true,"href":"https:\/\/www.tgrthaber.com\/mavikadin\/wp-json\/wp\/v2\/users\/2"}],"replies":[{"embeddable":true,"href":"https:\/\/www.tgrthaber.com\/mavikadin\/wp-json\/wp\/v2\/comments?post=51161"}],"version-history":[{"count":1,"href":"https:\/\/www.tgrthaber.com\/mavikadin\/wp-json\/wp\/v2\/posts\/51161\/revisions"}],"predecessor-version":[{"id":51162,"href":"https:\/\/www.tgrthaber.com\/mavikadin\/wp-json\/wp\/v2\/posts\/51161\/revisions\/51162"}],"wp:featuredmedia":[{"embeddable":true,"href":"https:\/\/www.tgrthaber.com\/mavikadin\/wp-json\/wp\/v2\/media\/51160"}],"wp:attachment":[{"href":"https:\/\/www.tgrthaber.com\/mavikadin\/wp-json\/wp\/v2\/media?parent=51161"}],"wp:term":[{"taxonomy":"category","embeddable":true,"href":"https:\/\/www.tgrthaber.com\/mavikadin\/wp-json\/wp\/v2\/categories?post=51161"},{"taxonomy":"post_tag","embeddable":true,"href":"https:\/\/www.tgrthaber.com\/mavikadin\/wp-json\/wp\/v2\/tags?post=51161"}],"curies":[{"name":"wp","href":"https:\/\/api.w.org\/{rel}","templated":true}]}}