{"id":51167,"date":"2022-10-30T21:03:03","date_gmt":"2022-10-30T18:03:03","guid":{"rendered":"https:\/\/new.mavikadin.com\/?p=51167"},"modified":"2024-09-16T13:37:21","modified_gmt":"2024-09-16T10:37:21","slug":"leyla-lydia-tugutlu-oglusumla-ilk-dogum-gunum","status":"publish","type":"post","link":"https:\/\/www.tgrthaber.com\/mavikadin\/leyla-lydia-tugutlu-oglusumla-ilk-dogum-gunum\/","title":{"rendered":"Leyla Lydia Tu\u011futlu: O\u011flu\u015fumla ilk do\u011fum g\u00fcn\u00fcm"},"content":{"rendered":"<p>T\u00fcrkiye G\u00fczeli Leyla Lydia Tu\u011futlu, ge\u00e7ti\u011fimiz aylarda Ceyhun Ergin ile Almanya&#8217;da evlenmi\u015fti. \u00dcnl\u00fc isim \u00f6nceki g\u00fcn do\u011fum g\u00fcn\u00fcnde &#8220;O\u011flu\u015fumla ilk do\u011fum g\u00fcn\u00fcm&#8221; notuyla yeni kareler payla\u015ft\u0131.<\/p>\n<p>Leyla Lydia Tu\u011futlu, 5 y\u0131ld\u0131r arkada\u015fl\u0131k yapt\u0131\u011f\u0131 Ceyhun Ergin ile nikah masas\u0131na oturdu\u011fun a&ccedil;\u0131klam\u0131\u015ft\u0131. &Uuml;nl&uuml; isim;&nbsp; &#8220;Pandemi &ouml;ncesinde \u0130talya&#8217;da evlilik teklifimi zaten alm\u0131\u015ft\u0131m. Ge&ccedil;ti\u011fimiz aylarda Almanya&#8217;da &ccedil;ok kalabal\u0131k olmayan bir d&uuml;\u011f&uuml;n ile h\u0131zl\u0131ca evlendik&#8221; demi\u015fti.<\/p>\n<p><img decoding=\"async\" src=\"https:\/\/static.mavikadin.com\/images\/haberler\/22-10\/30\/leyla_lydia_turgutlu_dogum_gununde_yeni_kareler_paylasti-5.jpg\" alt=\"\" title=\"\"><\/p>\n<h3><strong>\u0130DD\u0130ALARI DO\u011eRULAMI\u015eTI<\/strong><\/h3>\n<p>Leyla Lydia Tu\u011futlu, daha sonra ad\u0131 hamilelik iddialar\u0131yla g&uuml;ndeme gelince sosyal medya hesab\u0131ndan haberleri do\u011frulam\u0131\u015ft\u0131.<\/p>\n<p><img decoding=\"async\" src=\"https:\/\/static.mavikadin.com\/images\/haberler\/22-10\/30\/leyla_lydia_turgutlu_dogum_gununde_yeni_kareler_paylasti-4-1667153657.jpg\" alt=\"\" title=\"\"><\/p>\n<h3><strong>ERKEK BEBEK GEL\u0130YOR<\/strong><\/h3>\n<p>&Uuml;nl&uuml; isim hamileli\u011finin sonuna yakla\u015ft\u0131\u011f\u0131 bir foto\u011fraf\u0131n\u0131 sosyal medyadan payla\u015f\u0131p &#8220;&Ouml;yle heyecanl\u0131y\u0131m ki&#8230; Yeni bir d&ouml;nem ba\u015fl\u0131yor bizim i&ccedil;in&#8230; G&uuml;zel bir yolculuk&#8230; Yolu yar\u0131lad\u0131k bile&#8230; Hayat\u0131m\u0131za ho\u015f geldin can\u0131m o\u011flum&#8230;&#8221; notunu yazm\u0131\u015ft\u0131.<\/p>\n<p><img decoding=\"async\" src=\"https:\/\/static.mavikadin.com\/images\/haberler\/22-10\/30\/leyla_lydia_turgutlu_dogum_gununde_yeni_kareler_paylasti-1.jpg\" alt=\"\" title=\"\"><\/p>\n<h3><strong>YEN\u0130 FOTO\u011eRAFLAR GELD\u0130<\/strong><\/h3>\n<p>2008 Miss Turkey yar\u0131\u015fmas\u0131nda birinci se&ccedil;ilen Leyla Lydia Tu\u011futlu&#8217;dan hamile olarak yeni foto\u011fraflar geldi. 33. ya\u015f\u0131n\u0131 kutlayan Tu\u011futlu, bu foto\u011fraflar\u0131 Instagram&#8217;dan payla\u015ft\u0131.<\/p>\n<p>&nbsp;<\/p>\n<h3><strong>&#8220;O\u011eLU\u015eUMLA \u0130LK DO\u011eUM G&Uuml;N&Uuml;M&#8221;<\/strong><\/h3>\n<p>T&uuml;rkiye G&uuml;zel, payla\u015f\u0131m\u0131na &#8220;Hos\u0327 geldin yeni yas\u0327\u0131m&#8230; Bu y\u0131l bize su\u0308rprizlerle geldin ve ne c\u0327ok s\u0327ey o\u0308g\u0306rettin. Arayan, mesaj atan ve gu\u0308zel dileklerini eksik etmeyen herkese tes\u0327ekku\u0308rler. Og\u0306lus\u0327umla ilk dog\u0306um gu\u0308nu\u0308m&#8221; s&ouml;zlerini kaleme ald\u0131.<\/p>\n<h3><strong>LEYLA LYDIA TU\u011eUTLU K\u0130MD\u0130R?<\/strong><\/h3>\n<p>Tu\u011futlu, 29 Ekim 1989&#8217;da Berlin&#8217;de do\u011fdu. T&uuml;rk bir baba ile Alman bir annenin k\u0131z\u0131d\u0131r. \u0130lkokula T&uuml;rkiye&#8217;de ba\u015flad\u0131ktan sonra piyano dersleri almaya ba\u015flad\u0131. Yar\u0131 zamanl\u0131 olarak konservatuvara devam etti. 5 y\u0131l m&uuml;zik ve keman dersleri ald\u0131. Bu s&uuml;re i&ccedil;erisinde bir model ajans\u0131nda &ccedil;al\u0131\u015ft\u0131. Behiye Dr. Nevhiz I\u015f\u0131l Anadolu Lisesi mezunu olan Tu\u011futlu, &uuml;niversiteye ba\u015flad\u0131ktan sonra konservatuvar\u0131 b\u0131rakarak, ilgi alan\u0131 olan manken ve fotomodelli\u011fe ba\u015flad\u0131. H&acirc;len \u0130stanbul &Uuml;niversitesi&#8217;nde Alman dili ve edebiyat\u0131 &ouml;\u011frencisidir. Tu\u011futlu, iyi derecede T&uuml;rk&ccedil;e; \u0130ngilizce ve Almanca bilmektedir.<\/p>\n<p>Es-Es dizisinde \u0130rem karakterini canland\u0131rd\u0131. ATV&#8217;de yay\u0131mlanan Karaday\u0131 dizisinde Kenan \u0130mirzal\u0131o\u011flu&#8217;nun karde\u015fi rol&uuml;ndeki Song&uuml;l karakterini canland\u0131rd\u0131. Ard\u0131ndan Kiral\u0131k A\u015fk dizisinde \u0130z karakterini canland\u0131rd\u0131. Delibal filminde &Ccedil;a\u011fatay Ulusoy ile ba\u015frol&uuml; payla\u015ft\u0131. Sonra ise Tatl\u0131 \u0130ntikam dizisinde Pelin karakterini ve Kerem B&uuml;rsin ile ba\u015frol&uuml; payla\u015ft\u0131\u011f\u0131 Bu \u015eehir Arkandan Gelecek dizisinde Derin karakterini canland\u0131rd\u0131. 2018 y\u0131l\u0131nda yay\u0131mlanmaya ba\u015flayan K\u0131z\u0131m dizisinde Candan karakteri ile ba\u015frol oynad\u0131.<\/p>\n<p>Miss Turkey 2008 G&uuml;zellik Yar\u0131\u015fmas\u0131&#8217;nda Leyla Lydia Tu\u011futlu birinci oldu. T&uuml;rkiye&#8217;nin en g&uuml;zel k\u0131z\u0131na tac\u0131n\u0131, yar\u0131\u015fman\u0131n j&uuml;ri &uuml;yesi Paris Hilton takt\u0131. 12 Aral\u0131k 2008 tarihinde T&uuml;rkiye&#8217;yi G&uuml;ney Afrika&#8217;n\u0131n Johannesburg kentinde yap\u0131lan Miss World yar\u0131\u015fmas\u0131nda temsil etti. 2005&#8217;te Best Model of Turkey yar\u0131\u015fmas\u0131nda &#8220;Best Promising&#8221; se&ccedil;ilerek 2006&#8217;da &Ccedil;in&#8217;de yap\u0131lan Miss Tourism Queen International&#8217;da &#8220;Princess&#8221; &ouml;d&uuml;l&uuml;ne l&acirc;y\u0131k g&ouml;r&uuml;ld&uuml;. Fashion TV 2007 Moda &Ouml;d&uuml;lleri&#8217;nde &#8220;Gelecek vadeden model&#8221; se&ccedil;ildi.<\/p>\n","protected":false},"excerpt":{"rendered":"<p>T\u00fcrkiye G\u00fczeli Leyla Lydia Tu\u011futlu, ge\u00e7ti\u011fimiz aylarda Ceyhun Ergin ile Almanya&#8217;da evlenmi\u015fti. \u00dcnl\u00fc isim \u00f6nceki g\u00fcn do\u011fum g\u00fcn\u00fcnde &#8220;O\u011flu\u015fumla ilk do\u011fum g\u00fcn\u00fcm&#8221; notuyla yeni kareler payla\u015ft\u0131. Leyla Lydia Tu\u011futlu, 5 y\u0131ld\u0131r arkada\u015fl\u0131k yapt\u0131\u011f\u0131 Ceyhun Ergin ile nikah masas\u0131na oturdu\u011fun a&ccedil;\u0131klam\u0131\u015ft\u0131. &Uuml;nl&uuml; isim;&nbsp; &#8220;Pandemi &ouml;ncesinde \u0130talya&#8217;da evlilik teklifimi zaten alm\u0131\u015ft\u0131m. Ge&ccedil;ti\u011fimiz aylarda Almanya&#8217;da &ccedil;ok kalabal\u0131k olmayan [&hellip;]<\/p>\n","protected":false},"author":2,"featured_media":51166,"comment_status":"closed","ping_status":"open","sticky":false,"template":"","format":"standard","meta":{"rank_math_lock_modified_date":false,"footnotes":""},"categories":[76],"tags":[40364,2837,40363,1386],"class_list":["post-51167","post","type-post","status-publish","format-standard","has-post-thumbnail","hentry","category-magazin","tag-anne-olmak","tag-dogum-gunu","tag-leyla-lydia-tugutlu","tag-tugutlu"],"_links":{"self":[{"href":"https:\/\/www.tgrthaber.com\/mavikadin\/wp-json\/wp\/v2\/posts\/51167"}],"collection":[{"href":"https:\/\/www.tgrthaber.com\/mavikadin\/wp-json\/wp\/v2\/posts"}],"about":[{"href":"https:\/\/www.tgrthaber.com\/mavikadin\/wp-json\/wp\/v2\/types\/post"}],"author":[{"embeddable":true,"href":"https:\/\/www.tgrthaber.com\/mavikadin\/wp-json\/wp\/v2\/users\/2"}],"replies":[{"embeddable":true,"href":"https:\/\/www.tgrthaber.com\/mavikadin\/wp-json\/wp\/v2\/comments?post=51167"}],"version-history":[{"count":1,"href":"https:\/\/www.tgrthaber.com\/mavikadin\/wp-json\/wp\/v2\/posts\/51167\/revisions"}],"predecessor-version":[{"id":51168,"href":"https:\/\/www.tgrthaber.com\/mavikadin\/wp-json\/wp\/v2\/posts\/51167\/revisions\/51168"}],"wp:featuredmedia":[{"embeddable":true,"href":"https:\/\/www.tgrthaber.com\/mavikadin\/wp-json\/wp\/v2\/media\/51166"}],"wp:attachment":[{"href":"https:\/\/www.tgrthaber.com\/mavikadin\/wp-json\/wp\/v2\/media?parent=51167"}],"wp:term":[{"taxonomy":"category","embeddable":true,"href":"https:\/\/www.tgrthaber.com\/mavikadin\/wp-json\/wp\/v2\/categories?post=51167"},{"taxonomy":"post_tag","embeddable":true,"href":"https:\/\/www.tgrthaber.com\/mavikadin\/wp-json\/wp\/v2\/tags?post=51167"}],"curies":[{"name":"wp","href":"https:\/\/api.w.org\/{rel}","templated":true}]}}