{"id":51173,"date":"2022-10-30T22:00:21","date_gmt":"2022-10-30T19:00:21","guid":{"rendered":"https:\/\/new.mavikadin.com\/?p=51173"},"modified":"2024-09-16T13:37:32","modified_gmt":"2024-09-16T10:37:32","slug":"farah-zeynep-abdullah-dudak-dolgusu-iddialarina-yanit","status":"publish","type":"post","link":"https:\/\/www.tgrthaber.com\/mavikadin\/farah-zeynep-abdullah-dudak-dolgusu-iddialarina-yanit\/","title":{"rendered":"Farah Zeynep Abdullah &#8216;dudak dolgusu&#8217; iddialar\u0131na yan\u0131t!"},"content":{"rendered":"<p>Farah Zeynep Abdullah, Instagram hesab\u0131ndan hakk\u0131nda merak edilen sorular\u0131 cevaplad\u0131.<\/p>\n<p>Bergen filmiyle &ccedil;ok konu\u015fulan ve gi\u015fe rekoru k\u0131rd\u0131\u011f\u0131 filmdeki oyunculu\u011fu ile ad\u0131ndan s&ouml;z ettiren oyuncu Farah Zeynep Abdullah, Instagram &uuml;zerinden hayranlar\u0131n\u0131n merak etti\u011fi sorular\u0131 cevaplad\u0131. Abdullah&#8217;a gelen &#8220;Dudaklar\u0131n\u0131z &ccedil;ok g&uuml;zel, dolgu var m\u0131 acaba?&#8221; sorusu &uuml;zerine 33 ya\u015f\u0131ndaki oyuncu verdi\u011fi cevapla g&uuml;ndem oldu.<\/p>\n<p>Farah Zeynep; &Ccedil;ok te\u015fekk&uuml;r ederim. Yok, yani dudak dolgusu olmayan son insanlardan biri benim galiba. Ama ben bu sabah d&uuml;\u015f&uuml;nd&uuml;m, ruj s&uuml;rd&uuml;m ve dedim ki &#8216;Tamam, yeterli&#8221; diyerek estetik olmad\u0131\u011f\u0131n\u0131 s&ouml;yledi.<\/p>\n<p><img decoding=\"async\" src=\"https:\/\/static.mavikadin.com\/images\/haberler\/22-10\/30\/farah_zeynep_abdullah_dudak_dolgusu_iddialarina_cevap_verdi-3.jpg\" alt=\"\" title=\"\"><\/p>\n<h3><strong>FARAH ZEYNEP ABDULLAH K\u0130MD\u0130R?<\/strong><\/h3>\n<p>Farah Zeynep Abdullah 17 A\u011fustos 1989 y\u0131l\u0131nda Gayrettepe, Be\u015fikta\u015f, \u0130stanbul d&uuml;nyaya geldi. Irak T&uuml;rkmenlerinden olan bir baba ile T&uuml;rk ve Bo\u015fnak k&ouml;kenli bir annenin k\u0131z\u0131 olarak \u0130stanbul&#8217;da do\u011fdu. \u0130lk ismi olan Farah, ailesinin &ccedil;ok sevdi\u011fi \u0130ran \u015eah\u0131 Muhammed R\u0131za Pehlevi&#8217;nin son e\u015fi Prenses Farah Diba&#8217;dan gelmektedir. Bir abisi ve bir erkek karde\u015fi olan Farah Zeynep Abdullah, ailesinin k&ouml;kenlerini &#8220;Babam Irak as\u0131ll\u0131 T&uuml;rk, babaannem &Uuml;sk&uuml;pl&uuml;. Annemse Bo\u015fnak ve Erzincanl\u0131,&#8221; olarak a&ccedil;\u0131klam\u0131\u015ft\u0131r. Lisenin bir k\u0131sm\u0131n\u0131 \u0130stanbul Saint Michel Frans\u0131z Lisesinde okudu. Daha sonra babas\u0131n\u0131n i\u015fi gere\u011fi kayd\u0131n\u0131 \u0130ngiltere&#8217;ye ald\u0131rarak lise &ouml;\u011frenimini bu &uuml;lkede tamamlad\u0131. &Ouml;yle Bir Ge&ccedil;er Zaman Ki adl\u0131 dizinin 2. sezonundan sonra diziden ayr\u0131larak oyunculuk kariyeri i&ccedil;in kayd\u0131n\u0131 dondurdu\u011fu Kent &Uuml;niversitesi (\u0130ngiltere) Frans\u0131zca-Drama B&ouml;l&uuml;m&uuml;ne d&ouml;n&uuml;p e\u011fitimini tamamlad\u0131 ve 2013&#8217;te diplomas\u0131n\u0131 ald\u0131. Ayr\u0131ca, kad\u0131n-erkek e\u015fitli\u011fi ile ilgili bir kampanya olan HeForShe reklam\u0131nda oynad\u0131. Bir d&ouml;nem Amnesty T&uuml;rkiye&#8217;nin g&ouml;n&uuml;ll&uuml; destek&ccedil;isi de olmu\u015ftur.<\/p>\n<p>Farah Zeynep, &uuml;niversiteye ba\u015flamaya haz\u0131rlan\u0131rken &Ouml;yle Bir Ge&ccedil;er Zaman Ki adl\u0131 dizi i&ccedil;in teklif ald\u0131. \u0130ngiltere&#8217;deki okuluna d&ouml;nmesine &uuml;&ccedil; g&uuml;n kala, deneme &ccedil;ekimlerinde ba\u015far\u0131l\u0131 bulundu\u011funu ve &#8220;Aylin&#8221; rol&uuml;ne se&ccedil;ildi\u011fini &ouml;\u011frendi. Bu dizide d&ouml;rt &ccedil;ocuklu bir ailenin ikinci &ccedil;ocu\u011fu olan Aylin&#8217;i canland\u0131rd\u0131. Daha sonra Y\u0131lmaz Erdo\u011fan&#8217;\u0131n filmi Kelebe\u011fin R&uuml;yas\u0131&#8217;nda oynad\u0131. Bu filmde ba\u015frolleri K\u0131van&ccedil; Tatl\u0131tu\u011f ve Mert F\u0131rat ile payla\u015ft\u0131. 2014 senesinde Star TV&#8217;de yay\u0131nlanan Kurt Seyit ve \u015eura adl\u0131 dizide ba\u015frol oynad\u0131. Ard\u0131ndan 14 \u015eubat 2014&#8217;te Kerem Deren&#8217;in y&ouml;netmenli\u011fini &uuml;stlendi\u011fi Bi K&uuml;&ccedil;&uuml;k Eyl&uuml;l Meselesi filminde Engin Aky&uuml;rek ile ba\u015frol&uuml; payla\u015ft\u0131. &Ccedil;a\u011fan Irmak&#8217;\u0131n y&ouml;netti\u011fi, 2014 y\u0131l\u0131n\u0131n en ba\u015far\u0131l\u0131 filmlerinden olan Unutursam F\u0131s\u0131lda filminde H&uuml;meyra&#8217;n\u0131n da oynad\u0131\u011f\u0131 &#8220;Hatice (Ayperi)&#8221; karakterinin gen&ccedil;li\u011fini canland\u0131rd\u0131. 2016 y\u0131l\u0131nda Y\u0131lmaz Erdo\u011fan&#8217;\u0131n yaz\u0131p y&ouml;netti\u011fi Ek\u015fi Elmalar filminde oynad\u0131. https:\/\/www.beyazperde.com\/filmler\/film-240738\/ 14 Temmuz 2022 tarihinde Wayback Machine sitesinde ar\u015fivlendi. Ayr\u0131ca oyuncu, Barbie Prenses ve Rockstar animasyon filminde &#8220;Prenses Azra&#8221;y\u0131 seslendirdi. 2018 y\u0131l\u0131nda g&ouml;sterime giren Arif v 216 filminde Ajda Pekkan&#8217;\u0131 canland\u0131rd\u0131. Yine ayn\u0131 y\u0131l Ekin Ko&ccedil; ile ba\u015frol&uuml; payla\u015ft\u0131\u011f\u0131 Bizim \u0130&ccedil;in \u015eampiyon filminde Beg&uuml;m Atman&#8217;\u0131 canland\u0131rd\u0131. 2019 y\u0131l\u0131nda Erol Evgin&#8217;in derleme \u015fark\u0131lar\u0131ndan olu\u015fan Alt\u0131n D&uuml;etler 2 alb&uuml;m&uuml;nde Sen Unutulacak Kad\u0131n M\u0131s\u0131n? \u015fark\u0131s\u0131n\u0131 Erol Evgin ile birlikte yeniden seslendirdi. 2020-2021 y\u0131llar\u0131 aras\u0131nda TRT 1&#8217;de yay\u0131nlanan Masumlar Apartman\u0131 dizisinde \u0130nci karakterini canland\u0131rd\u0131, 1. sezon finalinde diziden ayr\u0131ld\u0131. 4 Mart 2022 tarihinde vizyona giren Bergen filminde arabesk-fantezi \u015fark\u0131c\u0131s\u0131 Bergen (Belgin Sar\u0131lm\u0131\u015fer)&#8217;i canland\u0131rd\u0131. Ba\u015frol&uuml;nde yer ald\u0131\u011f\u0131 ve ayn\u0131 zamanda yap\u0131mc\u0131l\u0131\u011f\u0131n\u0131 &uuml;stlendi\u011fi film 10 g&uuml;n i&ccedil;inde 2.600.000 izlenmeye ula\u015farak t&uuml;m zamanlar\u0131n en iyi film a&ccedil;\u0131l\u0131\u015f\u0131n\u0131 yapt\u0131 ve birden &ccedil;ok rekor k\u0131rd\u0131. Ayn\u0131 zamanda film toplamda 5.421.816 izlenmeyle T&uuml;rk sinema tarihinin en &ccedil;ok izlenen 8. filmi olmu\u015ftur.<\/p>\n","protected":false},"excerpt":{"rendered":"<p>Farah Zeynep Abdullah, Instagram hesab\u0131ndan hakk\u0131nda merak edilen sorular\u0131 cevaplad\u0131. Bergen filmiyle &ccedil;ok konu\u015fulan ve gi\u015fe rekoru k\u0131rd\u0131\u011f\u0131 filmdeki oyunculu\u011fu ile ad\u0131ndan s&ouml;z ettiren oyuncu Farah Zeynep Abdullah, Instagram &uuml;zerinden hayranlar\u0131n\u0131n merak etti\u011fi sorular\u0131 cevaplad\u0131. Abdullah&#8217;a gelen &#8220;Dudaklar\u0131n\u0131z &ccedil;ok g&uuml;zel, dolgu var m\u0131 acaba?&#8221; sorusu &uuml;zerine 33 ya\u015f\u0131ndaki oyuncu verdi\u011fi cevapla g&uuml;ndem oldu. Farah Zeynep; [&hellip;]<\/p>\n","protected":false},"author":2,"featured_media":51172,"comment_status":"closed","ping_status":"open","sticky":false,"template":"","format":"standard","meta":{"rank_math_lock_modified_date":false,"footnotes":""},"categories":[76],"tags":[695,21396,2185,38548],"class_list":["post-51173","post","type-post","status-publish","format-standard","has-post-thumbnail","hentry","category-magazin","tag-abdullah","tag-dudak-dolgusu","tag-farah-zeynep-abdullah","tag-roportaj"],"_links":{"self":[{"href":"https:\/\/www.tgrthaber.com\/mavikadin\/wp-json\/wp\/v2\/posts\/51173"}],"collection":[{"href":"https:\/\/www.tgrthaber.com\/mavikadin\/wp-json\/wp\/v2\/posts"}],"about":[{"href":"https:\/\/www.tgrthaber.com\/mavikadin\/wp-json\/wp\/v2\/types\/post"}],"author":[{"embeddable":true,"href":"https:\/\/www.tgrthaber.com\/mavikadin\/wp-json\/wp\/v2\/users\/2"}],"replies":[{"embeddable":true,"href":"https:\/\/www.tgrthaber.com\/mavikadin\/wp-json\/wp\/v2\/comments?post=51173"}],"version-history":[{"count":1,"href":"https:\/\/www.tgrthaber.com\/mavikadin\/wp-json\/wp\/v2\/posts\/51173\/revisions"}],"predecessor-version":[{"id":51174,"href":"https:\/\/www.tgrthaber.com\/mavikadin\/wp-json\/wp\/v2\/posts\/51173\/revisions\/51174"}],"wp:featuredmedia":[{"embeddable":true,"href":"https:\/\/www.tgrthaber.com\/mavikadin\/wp-json\/wp\/v2\/media\/51172"}],"wp:attachment":[{"href":"https:\/\/www.tgrthaber.com\/mavikadin\/wp-json\/wp\/v2\/media?parent=51173"}],"wp:term":[{"taxonomy":"category","embeddable":true,"href":"https:\/\/www.tgrthaber.com\/mavikadin\/wp-json\/wp\/v2\/categories?post=51173"},{"taxonomy":"post_tag","embeddable":true,"href":"https:\/\/www.tgrthaber.com\/mavikadin\/wp-json\/wp\/v2\/tags?post=51173"}],"curies":[{"name":"wp","href":"https:\/\/api.w.org\/{rel}","templated":true}]}}