{"id":51185,"date":"2022-10-31T16:39:47","date_gmt":"2022-10-31T13:39:47","guid":{"rendered":"https:\/\/new.mavikadin.com\/?p=51185"},"modified":"2024-09-16T13:37:57","modified_gmt":"2024-09-16T10:37:57","slug":"basak-dizer-oglu-kurt-efeyi-ve-ozge-ozpirinccinin-kizi-mercani-paylasti","status":"publish","type":"post","link":"https:\/\/www.tgrthaber.com\/mavikadin\/basak-dizer-oglu-kurt-efeyi-ve-ozge-ozpirinccinin-kizi-mercani-paylasti\/","title":{"rendered":"Ba\u015fak Dizer o\u011flu Kurt Efe&#8217;yi ve \u00d6zge \u00d6zpirin\u00e7ci&#8217;nin k\u0131z\u0131 Mercan&#8217;\u0131 payla\u015ft\u0131"},"content":{"rendered":"<p>Oyuncu K\u0131van\u00e7 Tatl\u0131tu\u011f ile ilk \u00e7ocuklar\u0131 Kurt Efe&#8217;yi kucaklar\u0131na alan modac\u0131 Ba\u015fak Dizer Bodrum&#8217;a gitti. \u00d6zge \u00d6zpirin\u00e7ci ve ailesiyle Bodrum&#8217;da bir araya gelen Tatl\u0131tu\u011f ailesi foto\u011fraf payla\u015fmay\u0131 ihmal etmedi.<\/p>\n<p>T&uuml;rkiye&#8217;nin en &ccedil;ok konu\u015fulan &ccedil;ifti Ba\u015fak Dizer ve K\u0131van&ccedil; Tatl\u0131tu\u011f &ccedil;ifti, ge&ccedil;ti\u011fimiz may\u0131s ay\u0131nda ilk &ccedil;ocuklar\u0131 Kurt Efe&#8217;yi kucaklar\u0131na alm\u0131\u015ft\u0131. Hayran kitlesi olduk&ccedil;a fazla olan ekranlar\u0131n en yak\u0131\u015f\u0131kl\u0131 oyuncular\u0131ndan 39 ya\u015f\u0131ndaki K\u0131van&ccedil; Tatl\u0131tu\u011f, do\u011fuma girmi\u015f ve o\u011flu g&ouml;r&uuml;r g&ouml;rmez a\u011flamaya ba\u015flam\u0131\u015ft\u0131. Do\u011fumun ard\u0131ndan Twitter hesab\u0131ndan bir a&ccedil;\u0131klama yapan K\u0131van&ccedil; Tatl\u0131tu\u011f, g&uuml;n&uuml;n en &ccedil;ok konu\u015fulan olay\u0131 i&ccedil;in gelen tebrik mesajlar\u0131na te\u015fekk&uuml;r etmi\u015f ve bebe\u011fin de annenin de durumunun gayet iyi oldu\u011funu yazm\u0131\u015ft\u0131.<\/p>\n<p>&#8221;Kurt Efe&#8217;mizi sa\u011fl\u0131kla kuca\u011f\u0131m\u0131za ald\u0131k &ccedil;ok \u015f&uuml;k&uuml;r. Mutlulu\u011fumuz tarifsiz. \u0130steyen herkese nasip olsun. Ba\u015fak ve ben t&uuml;m g&uuml;zel dileklerinize &ccedil;ok te\u015fekk&uuml;r ediyoruz. \u0130yi ki vars\u0131n\u0131z.&#8221;<\/p>\n<p><img decoding=\"async\" src=\"https:\/\/static.mavikadin.com\/images\/haberler\/22-10\/31\/basak_dizer_kurt_efe_yi_ve_merca_i_paylasti-2.jpg\" alt=\"\" title=\"\"><\/p>\n<h3><strong>&#8220;\u0130K\u0130 \u0130SM\u0130N DE B\u0130Z\u0130M \u0130&Ccedil;\u0130N ANLAMI VAR&#8221;<\/strong><\/h3>\n<p>&Uuml;nl&uuml; &ccedil;iftin, &ccedil;ocuklar\u0131na verdikleri Kurt Efe ismi sosyal medyada g&uuml;nlerce konu\u015fuldu. Konu hakk\u0131nda, o\u011flunu kuca\u011f\u0131na ald\u0131ktan sonra ilk kez bir al\u0131\u015fveri\u015f merkezinde g&ouml;r&uuml;nt&uuml;lenen K\u0131van&ccedil; Tatl\u0131tu\u011f; &#8220;E\u015fim Ba\u015fak zaten a&ccedil;\u0131klama yapm\u0131\u015ft\u0131. Her iki ismin de bizim i&ccedil;in anlam\u0131 var. &Ccedil;ok severek koyduk. Sa\u011fl\u0131kl\u0131, s\u0131hhatli ya\u015fas\u0131n. Vatana millete ve anas\u0131na babas\u0131na hay\u0131rl\u0131 evlat olsun&#8221; a&ccedil;\u0131klamas\u0131n\u0131 yapm\u0131\u015ft\u0131.<\/p>\n<h3><strong>KURT EFE 6 AYLIK OLDU<\/strong><\/h3>\n<p>Havalar\u0131n normalin &uuml;zerinde seyretmesinin ard\u0131ndan K\u0131van&ccedil; Tatl\u0131tu\u011f ve Ba\u015fak Dizer &ccedil;ifti, o\u011fullar\u0131 Kurt Efe&#8217;yi de al\u0131p Bodrum&#8217;da evlerinin yolunu tuttu. Hafta sonunu burada de\u011ferlendirmek isteyen ikiliye yak\u0131n arkada\u015flar\u0131 &Ouml;zge &Ouml;zpirin&ccedil;ci ve ailesi de e\u015flik etti.<\/p>\n<p><img decoding=\"async\" src=\"https:\/\/static.mavikadin.com\/images\/haberler\/22-10\/31\/basak_dizer_kurt_efe_yi_ve_merca_i_paylasti-4.jpg\" alt=\"\" title=\"\"><\/p>\n<h3><strong>&#8220;KREM VE KARAMEL&#8221;<\/strong><\/h3>\n<p>Ba\u015fak Dizer, kendisinden sadece birka&ccedil; ay &ouml;nce ilk &ccedil;ocu\u011fu Mercan&#8217;\u0131 kuca\u011f\u0131na alan yak\u0131n arkada\u015flar\u0131 &Ouml;zge &Ouml;zpirin&ccedil;ci&#8217;nin k\u0131z\u0131 Mercan ile o\u011flu Kurt Efe&#8217;yi bir araya getirdi. &Ccedil;ocuklar\u0131n\u0131n kumda oynarken &ccedil;ekilen foto\u011fraf\u0131n\u0131 sosyal medya hesab\u0131nda yay\u0131nlayan Dizer; &#8221;Kurt ve Mercan, krem ve karamel&#8221; notunu d&uuml;\u015ft&uuml;. &Ccedil;ocuklar\u0131n y&uuml;zlerini g&ouml;stermeyen Ba\u015fak Dizer, bir s&uuml;redir &uuml;nl&uuml; annelerin uygulamaya &ccedil;al\u0131\u015ft\u0131\u011f\u0131 &#8216;&ccedil;ocuklar\u0131n y&uuml;z&uuml;n&uuml; g&ouml;stermeme&#8217; modas\u0131na uymu\u015f oldu.<\/p>\n<h3><strong>KIVAN&Ccedil; TATLITU\u011e K\u0130MD\u0130R?<\/strong><\/h3>\n<p>K\u0131van&ccedil; Tatl\u0131tu\u011f, 27 Ekim 1983&#8217;te Adana&rsquo;da Erdem ve Nurten Tatl\u0131tu\u011f&#8217;un o\u011flu olarak d&uuml;nyaya geldi. Baba taraf\u0131ndan Arnavut ve Bo\u015fnak k&ouml;kenli, anne taraf\u0131ndan ise Edirnelidir.<\/p>\n<p>Adana&#8217;dayken &ldquo;Fiskobirlik&rdquo;, &ldquo;G&uuml;ney Sanayi&rdquo;, &ldquo;&Ccedil;ukurova Kul&uuml;b&uuml;&rdquo;, &ldquo;Devlet Su \u0130\u015fleri&rdquo; ve &ldquo;Tarsus Amerikan Kul&uuml;b&uuml;&rdquo; gibi kul&uuml;plerde basketbol oynad\u0131. &Uuml;lkerspor&#8217;dan teklif gelmesiyle 2 y\u0131l orada oynad\u0131. Ard\u0131ndan 1 y\u0131l Be\u015fikta\u015f, 1 y\u0131l da Fenerbah&ccedil;e&#8217;de oynad\u0131. Tekrar Be\u015fikta\u015f&#8217;a d&ouml;nen Tatl\u0131tu\u011f&#8217;un antrenman s\u0131ras\u0131nda sakatlanmas\u0131n\u0131n ard\u0131ndan basketbol kariyeri son bulmu\u015f oldu.<\/p>\n","protected":false},"excerpt":{"rendered":"<p>Oyuncu K\u0131van\u00e7 Tatl\u0131tu\u011f ile ilk \u00e7ocuklar\u0131 Kurt Efe&#8217;yi kucaklar\u0131na alan modac\u0131 Ba\u015fak Dizer Bodrum&#8217;a gitti. \u00d6zge \u00d6zpirin\u00e7ci ve ailesiyle Bodrum&#8217;da bir araya gelen Tatl\u0131tu\u011f ailesi foto\u011fraf payla\u015fmay\u0131 ihmal etmedi. T&uuml;rkiye&#8217;nin en &ccedil;ok konu\u015fulan &ccedil;ifti Ba\u015fak Dizer ve K\u0131van&ccedil; Tatl\u0131tu\u011f &ccedil;ifti, ge&ccedil;ti\u011fimiz may\u0131s ay\u0131nda ilk &ccedil;ocuklar\u0131 Kurt Efe&#8217;yi kucaklar\u0131na alm\u0131\u015ft\u0131. Hayran kitlesi olduk&ccedil;a fazla olan ekranlar\u0131n [&hellip;]<\/p>\n","protected":false},"author":2,"featured_media":51184,"comment_status":"closed","ping_status":"open","sticky":false,"template":"","format":"standard","meta":{"rank_math_lock_modified_date":false,"footnotes":""},"categories":[76],"tags":[2499,561,2498,6518,3153,3676],"class_list":["post-51185","post","type-post","status-publish","format-standard","has-post-thumbnail","hentry","category-magazin","tag-basak-dizer","tag-kivanc","tag-kivanc-tatlitug","tag-kurt-efe","tag-mercan","tag-ozge-ozpirincci"],"_links":{"self":[{"href":"https:\/\/www.tgrthaber.com\/mavikadin\/wp-json\/wp\/v2\/posts\/51185"}],"collection":[{"href":"https:\/\/www.tgrthaber.com\/mavikadin\/wp-json\/wp\/v2\/posts"}],"about":[{"href":"https:\/\/www.tgrthaber.com\/mavikadin\/wp-json\/wp\/v2\/types\/post"}],"author":[{"embeddable":true,"href":"https:\/\/www.tgrthaber.com\/mavikadin\/wp-json\/wp\/v2\/users\/2"}],"replies":[{"embeddable":true,"href":"https:\/\/www.tgrthaber.com\/mavikadin\/wp-json\/wp\/v2\/comments?post=51185"}],"version-history":[{"count":1,"href":"https:\/\/www.tgrthaber.com\/mavikadin\/wp-json\/wp\/v2\/posts\/51185\/revisions"}],"predecessor-version":[{"id":51186,"href":"https:\/\/www.tgrthaber.com\/mavikadin\/wp-json\/wp\/v2\/posts\/51185\/revisions\/51186"}],"wp:featuredmedia":[{"embeddable":true,"href":"https:\/\/www.tgrthaber.com\/mavikadin\/wp-json\/wp\/v2\/media\/51184"}],"wp:attachment":[{"href":"https:\/\/www.tgrthaber.com\/mavikadin\/wp-json\/wp\/v2\/media?parent=51185"}],"wp:term":[{"taxonomy":"category","embeddable":true,"href":"https:\/\/www.tgrthaber.com\/mavikadin\/wp-json\/wp\/v2\/categories?post=51185"},{"taxonomy":"post_tag","embeddable":true,"href":"https:\/\/www.tgrthaber.com\/mavikadin\/wp-json\/wp\/v2\/tags?post=51185"}],"curies":[{"name":"wp","href":"https:\/\/api.w.org\/{rel}","templated":true}]}}