{"id":51188,"date":"2022-10-31T18:16:20","date_gmt":"2022-10-31T15:16:20","guid":{"rendered":"https:\/\/new.mavikadin.com\/?p=51188"},"modified":"2024-09-16T13:38:02","modified_gmt":"2024-09-16T10:38:02","slug":"hadise-on-milyonluk-bir-anlasmaya-daha-imza-atti","status":"publish","type":"post","link":"https:\/\/www.tgrthaber.com\/mavikadin\/hadise-on-milyonluk-bir-anlasmaya-daha-imza-atti\/","title":{"rendered":"Hadise on milyonluk bir anla\u015fmaya daha imza att\u0131"},"content":{"rendered":"<p>\u00dcnl\u00fc \u015fark\u0131c\u0131 Hadise eyl\u00fcl ay\u0131nda bo\u015fand\u0131\u011f\u0131 Mehmet Din\u00e7erler&#8217;den sonra ard\u0131 arkas\u0131 kesilmeyen anla\u015fmalara imza atamaya devam ediyor. \u00dcnl\u00fc \u015fark\u0131c\u0131 \u015fimdi de 10 milyonluk bir projeye imza att\u0131.<\/p>\n<p>&Uuml;nl&uuml; \u015fark\u0131c\u0131 Hadise&#8217;nin i\u015fleri iyiden iyiye a&ccedil;\u0131ld\u0131. G&uuml;l\u015fen ile ayn\u0131 menajere sahip olan Hadise&#8217;nin G&uuml;l\u015fen&#8217;in iptal etti\u011fi sahnelerine &ccedil;\u0131karak konser verme h\u0131z\u0131n\u0131 artt\u0131rm\u0131\u015ft\u0131. &Uuml;nl&uuml; isim \u015fimdi de bir kozmetik \u015firketi ile masaya oturdu. 10 milyon liraya anla\u015ft\u0131\u011f\u0131 iddia edilen Hadise&#8217;nin bu reklamdan kazanaca\u011f\u0131 rakam herkesi \u015fa\u015fk\u0131na &ccedil;evirdi. Gelen teklifleri &ouml;zenle inceleyen sanat&ccedil;\u0131, &#8216;evet&#8217; dedi\u011fi markaya ait foto\u011fraflar\u0131 sosyal medya hesab\u0131ndan payla\u015fmaya ba\u015flad\u0131 bile. \u015eark\u0131c\u0131n\u0131n reklam filmindeki g&ouml;r&uuml;nt&uuml;s&uuml; hayranlar\u0131n\u0131n be\u011fenisini toplad\u0131.<\/p>\n<p><img decoding=\"async\" src=\"https:\/\/static.mavikadin.com\/images\/haberler\/22-10\/31\/hadisenin_isleri_acildi_milyonluk_anlasmalara_imza_atiyor-7.jpg\" alt=\"\" title=\"\"><\/p>\n<h3><strong>HAD\u0130SE K\u0130MD\u0130R?<\/strong><\/h3>\n<p>Hadise A&ccedil;\u0131kg&ouml;z 22 Ekim 1985 y\u0131l\u0131nda d&uuml;nyaya geldi. Bel&ccedil;ikal\u0131 ve T&uuml;rk \u015fark\u0131c\u0131d\u0131r. Mol, Bel&ccedil;ika&#8217;da Sivasl\u0131 bir ailenin k\u0131z\u0131 olarak do\u011fup b&uuml;y&uuml;d&uuml;. 2003 y\u0131l\u0131nda Idool 2003 yar\u0131\u015fmas\u0131na kat\u0131ld\u0131ktan sonra alb&uuml;m teklifi al\u0131nca ilk alb&uuml;m&uuml;n&uuml;n haz\u0131rl\u0131klar\u0131na ba\u015flad\u0131. 2005&#8217;te yay\u0131nlanan ilk st&uuml;dyo alb&uuml;m&uuml; Sweat&#8217;te yer alan &#8220;Stir Me Up&#8221; \u015fark\u0131s\u0131yla Bel&ccedil;ika&#8217;da ve T&uuml;rkiye&#8217;de tan\u0131nd\u0131. T&uuml;rk bas\u0131n\u0131n\u0131n kendisiyle ilgilenmesinden sonra kariyerini T&uuml;rkiye&#8217;ye ta\u015f\u0131d\u0131.<\/p>\n<p>2008&#8217;de ikinci st&uuml;dyo alb&uuml;m&uuml; Hadise&#8217;yi yay\u0131mlad\u0131. \u0130ngilizce ve T&uuml;rk&ccedil;e \u015fark\u0131lardan olu\u015fan alb&uuml;mde yer alan &#8220;Deli O\u011flan&#8221; \u015fark\u0131s\u0131 T&uuml;rkiye&#8217;de bir hit oldu. Sonraki y\u0131l T&uuml;rkiye&#8217;yi 2009 Eurovision \u015eark\u0131 Yar\u0131\u015fmas\u0131&#8217;nda &#8220;D&uuml;m Tek Tek&#8221; ile temsil ederek d&ouml;rd&uuml;nc&uuml; oldu. Yar\u0131\u015fma sayesinde pop&uuml;lerli\u011fini art\u0131rd\u0131. Ayn\u0131 y\u0131l Fast Life ve Kahraman alb&uuml;mlerini sat\u0131\u015fa sundu. Kahraman&#8217;\u0131n &ccedil;\u0131k\u0131\u015f \u015fark\u0131s\u0131 &#8220;Evlenmeliyiz&#8221; ile tekrar listelerde yer ald\u0131. 2011&#8217;de be\u015finci st&uuml;dyo alb&uuml;m&uuml; A\u015fk Ka&ccedil; Beden Giyer?&#8217;i yay\u0131mlad\u0131. Alb&uuml;mdeki &#8220;Superman&#8221;, &#8220;A\u015fk Ka&ccedil; Beden Giyer?&#8221; ve &#8220;Mesaj\u0131m\u0131 Alm\u0131\u015ft\u0131r O&#8221; \u015fark\u0131lar\u0131na klip &ccedil;ekti. 2014&#8217;te Tavsiye ve 2017&#8217;de \u015eampiyon alb&uuml;mlerini sat\u0131\u015fa sundu.<\/p>\n<p>Christina Aguilera, Brandy Norwood ve Beyonc&eacute;&#8217;den ilham ald\u0131\u011f\u0131n\u0131 ifade eden Hadise, 2011 y\u0131l\u0131ndan beri devam etmekte olan O Ses T&uuml;rkiye yar\u0131\u015fmas\u0131nda j&uuml;ri &uuml;yeli\u011fi g&ouml;revine devam etmektedir. 7 Alt\u0131n Kelebek &Ouml;d&uuml;l&uuml; ve 3 TMF &Ouml;d&uuml;l&uuml; dahil olmak &uuml;zere &ccedil;ok say\u0131da &ouml;d&uuml;l kazand\u0131.<\/p>\n","protected":false},"excerpt":{"rendered":"<p>\u00dcnl\u00fc \u015fark\u0131c\u0131 Hadise eyl\u00fcl ay\u0131nda bo\u015fand\u0131\u011f\u0131 Mehmet Din\u00e7erler&#8217;den sonra ard\u0131 arkas\u0131 kesilmeyen anla\u015fmalara imza atamaya devam ediyor. \u00dcnl\u00fc \u015fark\u0131c\u0131 \u015fimdi de 10 milyonluk bir projeye imza att\u0131. &Uuml;nl&uuml; \u015fark\u0131c\u0131 Hadise&#8217;nin i\u015fleri iyiden iyiye a&ccedil;\u0131ld\u0131. G&uuml;l\u015fen ile ayn\u0131 menajere sahip olan Hadise&#8217;nin G&uuml;l\u015fen&#8217;in iptal etti\u011fi sahnelerine &ccedil;\u0131karak konser verme h\u0131z\u0131n\u0131 artt\u0131rm\u0131\u015ft\u0131. &Uuml;nl&uuml; isim \u015fimdi de bir [&hellip;]<\/p>\n","protected":false},"author":2,"featured_media":51187,"comment_status":"closed","ping_status":"open","sticky":false,"template":"","format":"standard","meta":{"rank_math_lock_modified_date":false,"footnotes":""},"categories":[76],"tags":[40369,77,201,40370,18055],"class_list":["post-51188","post","type-post","status-publish","format-standard","has-post-thumbnail","hentry","category-magazin","tag-anlasma","tag-hadise","tag-kozmetik","tag-milyonluk-proje","tag-sarkici"],"_links":{"self":[{"href":"https:\/\/www.tgrthaber.com\/mavikadin\/wp-json\/wp\/v2\/posts\/51188"}],"collection":[{"href":"https:\/\/www.tgrthaber.com\/mavikadin\/wp-json\/wp\/v2\/posts"}],"about":[{"href":"https:\/\/www.tgrthaber.com\/mavikadin\/wp-json\/wp\/v2\/types\/post"}],"author":[{"embeddable":true,"href":"https:\/\/www.tgrthaber.com\/mavikadin\/wp-json\/wp\/v2\/users\/2"}],"replies":[{"embeddable":true,"href":"https:\/\/www.tgrthaber.com\/mavikadin\/wp-json\/wp\/v2\/comments?post=51188"}],"version-history":[{"count":1,"href":"https:\/\/www.tgrthaber.com\/mavikadin\/wp-json\/wp\/v2\/posts\/51188\/revisions"}],"predecessor-version":[{"id":51189,"href":"https:\/\/www.tgrthaber.com\/mavikadin\/wp-json\/wp\/v2\/posts\/51188\/revisions\/51189"}],"wp:featuredmedia":[{"embeddable":true,"href":"https:\/\/www.tgrthaber.com\/mavikadin\/wp-json\/wp\/v2\/media\/51187"}],"wp:attachment":[{"href":"https:\/\/www.tgrthaber.com\/mavikadin\/wp-json\/wp\/v2\/media?parent=51188"}],"wp:term":[{"taxonomy":"category","embeddable":true,"href":"https:\/\/www.tgrthaber.com\/mavikadin\/wp-json\/wp\/v2\/categories?post=51188"},{"taxonomy":"post_tag","embeddable":true,"href":"https:\/\/www.tgrthaber.com\/mavikadin\/wp-json\/wp\/v2\/tags?post=51188"}],"curies":[{"name":"wp","href":"https:\/\/api.w.org\/{rel}","templated":true}]}}