{"id":51284,"date":"2022-11-06T12:11:43","date_gmt":"2022-11-06T09:11:43","guid":{"rendered":"https:\/\/new.mavikadin.com\/?p=51284"},"modified":"2024-09-16T13:41:02","modified_gmt":"2024-09-16T10:41:02","slug":"fransiz-model-marine-el-himer-musluman-oldu","status":"publish","type":"post","link":"https:\/\/www.tgrthaber.com\/mavikadin\/fransiz-model-marine-el-himer-musluman-oldu\/","title":{"rendered":"Frans\u0131z model Marine el Himer, M\u00fcsl\u00fcman oldu"},"content":{"rendered":"<p>Frans\u0131z model ve reality show y\u0131ld\u0131z\u0131 Marine el Himer, M\u00fcsl\u00fcman oldu\u011funu a\u00e7\u0131klad\u0131 ve Kelime-i \u015eehadet getirdi\u011fi ana ait videoyu sosyal medya hesab\u0131ndan payla\u015ft\u0131.<\/p>\n<p>Marine El Himer ismindeki 27 ya\u015f\u0131ndaki Frans\u0131z manken, 1.4 milyon takip&ccedil;isi bulunan sosyal medya hesab\u0131nda Kelime-i \u015eehadet getirdi\u011fini duyurarak m&uuml;sl&uuml;man oldu\u011funu a&ccedil;\u0131klad\u0131. &Uuml;nl&uuml; manken, Kabe&#8217;nin &ouml;n&uuml;nde &ccedil;ekilen foto\u011fraflar\u0131n\u0131 ve Kelime-i \u015eehadet getirdi\u011fi anlara ait videolar\u0131 payla\u015farak duygular\u0131n\u0131 ifade etti.<\/p>\n<h3><strong>&#8220;YA\u015eADI\u011eIM MUTLULU\u011eU \u0130FADE EDECEK B\u0130R KEL\u0130ME YOK&#8221;<\/strong><\/h3>\n<p>El Himer, m&uuml;sl&uuml;man oldu\u011funu a&ccedil;\u0131klayarak o foto\u011fraflara \u015fu notu yazd\u0131;<\/p>\n<p>&#8220;Bu anlar hayat\u0131m\u0131n en mutlu g&uuml;n&uuml;n&uuml; g&ouml;steriyor. Tam o anda ya\u015fad\u0131\u011f\u0131m mutlulu\u011fun ve duygular\u0131n yo\u011funlu\u011funu ifade edecek kadar g&uuml;&ccedil;l&uuml; bir kelime yok. Bu manevi yolculuk, bana rehberlik etmeye devam edecek. Deste\u011finiz i&ccedil;in size nas\u0131l te\u015fekk&uuml;r edece\u011fimi bilemiyorum. Hepinize &ccedil;ok te\u015fekk&uuml;rler&#8221; dedi.<\/p>\n<p>&Uuml;nl&uuml; isim, ba\u015fka bir dine ge&ccedil;menin unutulabilecek bir \u015fey olmad\u0131\u011f\u0131n\u0131 ve herkesin istedi\u011fi gibi &ouml;zg&uuml;rce hareket edebilmesinin temel hak ve h&uuml;rriyet oldu\u011funun alt\u0131n\u0131 &ccedil;izdi.<\/p>\n<p><img decoding=\"async\" src=\"https:\/\/static.mavikadin.com\/images\/haberler\/22-11\/06\/marine_el_himer_musluman_oldu-5.jpg\" alt=\"\" title=\"\"><\/p>\n<p>&#8221;Tek ba\u015f\u0131na gitmen gereken yollar var. Arkada\u015f yok, aile yok, ortak yok. Sadece sen ve Allah. Baz\u0131lar\u0131n\u0131z biliyor olabilir ama bir&ccedil;o\u011funuz hala merak ediyor ve ben olduk&ccedil;a &ccedil;ekingen olsam da bunu hi&ccedil; resmile\u015ftirmedim, aylar &ouml;nce \u0130slam&#8217;a girdim. G&uuml;nl&uuml;k hayat\u0131m\u0131 takip edenler bilir (size bir \u015fey &ouml;\u011fretmiyor olabilirim), ama kesin olan bu samimi ve ki\u015fisel yan\u0131m\u0131 ikinci sayd\u0131klar\u0131mla payla\u015fman\u0131n &ouml;nemi.&#8221;&nbsp;<\/p>\n<p>Kabe&#8217;yi g&ouml;rmek i&ccedil;in gitti\u011fi Mekke&#8217;de m&uuml;sl&uuml;man oldu.<\/p>\n<p><img decoding=\"async\" src=\"https:\/\/static.mavikadin.com\/images\/haberler\/22-11\/06\/marine_el_himer_musluman_oldu-1.jpg\" alt=\"\" title=\"\"><\/p>\n<h3><strong>K&Ouml;KENLER\u0130N\u0130 ARA\u015eTIRIRKEN M&Uuml;SL&Uuml;MAN OLDU<\/strong><\/h3>\n<p>Frans\u0131z bas\u0131n\u0131nda, el Himer&#8217;in &uuml;vey babas\u0131n\u0131n yan\u0131nda yeti\u015fti\u011fi, uzun s&uuml;re ger&ccedil;ek babas\u0131 ve k&ouml;kenlerinin nereden geldi\u011fine ili\u015fkin ara\u015ft\u0131rmalar yapt\u0131\u011f\u0131, bu s&uuml;re&ccedil;te \u0130slamiyet ile tan\u0131\u015farak M&uuml;sl&uuml;man oldu\u011fu ifade ediliyor.<\/p>\n<p><img decoding=\"async\" src=\"https:\/\/static.mavikadin.com\/images\/haberler\/22-11\/06\/marine_el_himer_musluman_oldu-3.jpg\" alt=\"\" title=\"\"><\/p>\n<h3><strong>MAR\u0130NE EL H\u0130MER K\u0130MD\u0130R?<\/strong><\/h3>\n<p>Marine El Himer, 26 Temmuz 1993 y\u0131l\u0131nda Fransa&#8217;da do\u011fdu. K&ouml;kenleri Fas&#8217;a dayanmaktad\u0131r.&nbsp;&nbsp;<\/p>\n<p>Marine el Himer Frans\u0131z model ve reality show y\u0131ld\u0131z\u0131d\u0131r.<\/p>\n<p>Oceane ad\u0131nda ikiz k\u0131z karde\u015fi ve Gauthier isminde bir erkek karde\u015fi bulunmaktad\u0131r.<\/p>\n<p>&nbsp;<\/p>\n","protected":false},"excerpt":{"rendered":"<p>Frans\u0131z model ve reality show y\u0131ld\u0131z\u0131 Marine el Himer, M\u00fcsl\u00fcman oldu\u011funu a\u00e7\u0131klad\u0131 ve Kelime-i \u015eehadet getirdi\u011fi ana ait videoyu sosyal medya hesab\u0131ndan payla\u015ft\u0131. Marine El Himer ismindeki 27 ya\u015f\u0131ndaki Frans\u0131z manken, 1.4 milyon takip&ccedil;isi bulunan sosyal medya hesab\u0131nda Kelime-i \u015eehadet getirdi\u011fini duyurarak m&uuml;sl&uuml;man oldu\u011funu a&ccedil;\u0131klad\u0131. &Uuml;nl&uuml; manken, Kabe&#8217;nin &ouml;n&uuml;nde &ccedil;ekilen foto\u011fraflar\u0131n\u0131 ve Kelime-i \u015eehadet getirdi\u011fi [&hellip;]<\/p>\n","protected":false},"author":2,"featured_media":51283,"comment_status":"closed","ping_status":"open","sticky":false,"template":"","format":"standard","meta":{"rank_math_lock_modified_date":false,"footnotes":""},"categories":[76],"tags":[40421,37664,40422,40419,40420],"class_list":["post-51284","post","type-post","status-publish","format-standard","has-post-thumbnail","hentry","category-magazin","tag-fransiz-model","tag-islam","tag-kelime-i-sehadet","tag-marine-el-himer","tag-musluman-oldu"],"_links":{"self":[{"href":"https:\/\/www.tgrthaber.com\/mavikadin\/wp-json\/wp\/v2\/posts\/51284"}],"collection":[{"href":"https:\/\/www.tgrthaber.com\/mavikadin\/wp-json\/wp\/v2\/posts"}],"about":[{"href":"https:\/\/www.tgrthaber.com\/mavikadin\/wp-json\/wp\/v2\/types\/post"}],"author":[{"embeddable":true,"href":"https:\/\/www.tgrthaber.com\/mavikadin\/wp-json\/wp\/v2\/users\/2"}],"replies":[{"embeddable":true,"href":"https:\/\/www.tgrthaber.com\/mavikadin\/wp-json\/wp\/v2\/comments?post=51284"}],"version-history":[{"count":1,"href":"https:\/\/www.tgrthaber.com\/mavikadin\/wp-json\/wp\/v2\/posts\/51284\/revisions"}],"predecessor-version":[{"id":51285,"href":"https:\/\/www.tgrthaber.com\/mavikadin\/wp-json\/wp\/v2\/posts\/51284\/revisions\/51285"}],"wp:featuredmedia":[{"embeddable":true,"href":"https:\/\/www.tgrthaber.com\/mavikadin\/wp-json\/wp\/v2\/media\/51283"}],"wp:attachment":[{"href":"https:\/\/www.tgrthaber.com\/mavikadin\/wp-json\/wp\/v2\/media?parent=51284"}],"wp:term":[{"taxonomy":"category","embeddable":true,"href":"https:\/\/www.tgrthaber.com\/mavikadin\/wp-json\/wp\/v2\/categories?post=51284"},{"taxonomy":"post_tag","embeddable":true,"href":"https:\/\/www.tgrthaber.com\/mavikadin\/wp-json\/wp\/v2\/tags?post=51284"}],"curies":[{"name":"wp","href":"https:\/\/api.w.org\/{rel}","templated":true}]}}