{"id":51287,"date":"2022-11-06T13:05:34","date_gmt":"2022-11-06T10:05:34","guid":{"rendered":"https:\/\/new.mavikadin.com\/?p=51287"},"modified":"2024-09-16T13:41:07","modified_gmt":"2024-09-16T10:41:07","slug":"defne-samyeli-estetik-sorusuna-sinirlendi","status":"publish","type":"post","link":"https:\/\/www.tgrthaber.com\/mavikadin\/defne-samyeli-estetik-sorusuna-sinirlendi\/","title":{"rendered":"Defne Samyeli estetik sorusuna sinirlendi"},"content":{"rendered":"<p>1991 T\u00fcrkiye \u00fc\u00e7\u00fcnc\u00fc g\u00fczeli 50 ya\u015f\u0131ndaki Defne Samyeli, mankenlikten haber spikerli\u011fine daha sonra da \u015fark\u0131c\u0131l\u0131\u011fa ba\u015flam\u0131\u015ft\u0131. \u00dcnl\u00fc isim \u00f6nceki g\u00fcn Etiler&#8217;de objektiflere yans\u0131d\u0131 ancak sorular Samyeli&#8217;yi sinirlendirdi.<\/p>\n<p>Kariyer hayat\u0131na \u015fark\u0131c\u0131l\u0131kla devam eden eski T&uuml;rkiye g&uuml;zeli ve ard\u0131ndan haber spikeri \u015fimdilerde ise \u015fark\u0131c\u0131 Defne Samyeli, ge&ccedil;ti\u011fimiz g&uuml;n Etiler&#8217;de objektiflere yans\u0131d\u0131. Bir mekandan &ccedil;\u0131kan \u015fark\u0131c\u0131, gazetecilerin sorular\u0131n\u0131 yan\u0131tlad\u0131. Yeni \u015fark\u0131 haberi veren Samyeli, &nbsp;&#8220;Bir &ouml;nceki \u015fark\u0131m\u0131zdan gayet olumlu tepkiler ald\u0131k. \u015eimdi yine bir \u015fark\u0131 haz\u0131rl\u0131\u011f\u0131nday\u0131z&#8221; dedi.<\/p>\n<h3><strong>&#8221;MANTIKLI SORULARLA GEL\u0130N&#8221;<\/strong><\/h3>\n<p>Son sahnesinde &ccedil;ekilen foto\u011fraflarla sosyal medyada g&uuml;ndeme oturan Defne Samyeli, estetik yapt\u0131rd\u0131\u011f\u0131 iddialara sinirlendi. Kendisine bu iddialara sorulunca &nbsp;&#8220;Mant\u0131kl\u0131 sorular sorun. G&uuml;zel sorularla gelin. G&uuml;zel sorular sordu\u011funuzda cevap veriyorum&#8221; s&ouml;zleriyle tepkisini dile getirdi.<\/p>\n<p><img decoding=\"async\" src=\"https:\/\/static.mavikadin.com\/images\/haberler\/22-11\/06\/defne_samyeli_estetik_sorularina_sinirlendirdi-32.jpg\" alt=\"\" title=\"\"><\/p>\n<h3><strong>DEFNE SAMYEL\u0130 K\u0130MD\u0130R?<\/strong><\/h3>\n<p>Defne Samyeli, 1 Temmuz 1972 y\u0131l\u0131nda \u0130stanbul&#8217;da \u0130stanbullu amiral bir baban\u0131n ve otelcilik e\u011fitimi alm\u0131\u015f, Adana&rsquo;n\u0131n Ramazano\u011fullar\u0131 ailesinden gelen bir annenin k\u0131z\u0131 olarak d&uuml;nyaya geldi.[3] 1991 y\u0131l\u0131nda kat\u0131ld\u0131\u011f\u0131 g&uuml;zellik yar\u0131\u015fmas\u0131nda &uuml;&ccedil;&uuml;nc&uuml; oldu. 1999 y\u0131l\u0131ndan itibaren &uuml;&ccedil; y\u0131l Kanal D Ana Haber&#8217;de haber sunuculu\u011fu yapt\u0131. Kanal D Ana Haber&#8217;de farkl\u0131 haber sunu\u015f tarz\u0131yla uluslararas\u0131 iki &ouml;d&uuml;le lay\u0131k g&ouml;r&uuml;ld&uuml;. 2000 y\u0131l\u0131nda rahim a\u011fz\u0131 kanserine yakalanarak New York&#8217;ta ameliyat ge&ccedil;irip nekaheti sonras\u0131 T&uuml;rkiye&#8217;ye d&ouml;nd&uuml;. 2002 y\u0131l\u0131nda G&uuml;ne\u015f gazetesinde k&ouml;\u015fe yazarl\u0131\u011f\u0131 yapmaya ba\u015flad\u0131. 2009 y\u0131l\u0131nda G&uuml;ne\u015f gazetesiyle yollar\u0131n\u0131 ay\u0131rd\u0131. May\u0131s 2010 y\u0131l\u0131ndan itibaren bir s&uuml;re atv&#8217;de yay\u0131nlanan Her \u015eey Bamba\u015fka isimli program\u0131 sundu. 2013 y\u0131l\u0131nda Milliyet gazetesinde yeniden k&ouml;\u015fe yazarl\u0131\u011f\u0131 yapmaya ba\u015flad\u0131. 3 Ocak 2015 y\u0131l\u0131nda Milliyet gazetesiyle yollar\u0131n\u0131 ay\u0131rd\u0131.<\/p>\n","protected":false},"excerpt":{"rendered":"<p>1991 T\u00fcrkiye \u00fc\u00e7\u00fcnc\u00fc g\u00fczeli 50 ya\u015f\u0131ndaki Defne Samyeli, mankenlikten haber spikerli\u011fine daha sonra da \u015fark\u0131c\u0131l\u0131\u011fa ba\u015flam\u0131\u015ft\u0131. \u00dcnl\u00fc isim \u00f6nceki g\u00fcn Etiler&#8217;de objektiflere yans\u0131d\u0131 ancak sorular Samyeli&#8217;yi sinirlendirdi. Kariyer hayat\u0131na \u015fark\u0131c\u0131l\u0131kla devam eden eski T&uuml;rkiye g&uuml;zeli ve ard\u0131ndan haber spikeri \u015fimdilerde ise \u015fark\u0131c\u0131 Defne Samyeli, ge&ccedil;ti\u011fimiz g&uuml;n Etiler&#8217;de objektiflere yans\u0131d\u0131. Bir mekandan &ccedil;\u0131kan \u015fark\u0131c\u0131, gazetecilerin sorular\u0131n\u0131 [&hellip;]<\/p>\n","protected":false},"author":2,"featured_media":51286,"comment_status":"closed","ping_status":"open","sticky":false,"template":"","format":"standard","meta":{"rank_math_lock_modified_date":false,"footnotes":""},"categories":[76],"tags":[15580,251,40423],"class_list":["post-51287","post","type-post","status-publish","format-standard","has-post-thumbnail","hentry","category-magazin","tag-defne-samyeli","tag-estetik","tag-haber-spikeri"],"_links":{"self":[{"href":"https:\/\/www.tgrthaber.com\/mavikadin\/wp-json\/wp\/v2\/posts\/51287"}],"collection":[{"href":"https:\/\/www.tgrthaber.com\/mavikadin\/wp-json\/wp\/v2\/posts"}],"about":[{"href":"https:\/\/www.tgrthaber.com\/mavikadin\/wp-json\/wp\/v2\/types\/post"}],"author":[{"embeddable":true,"href":"https:\/\/www.tgrthaber.com\/mavikadin\/wp-json\/wp\/v2\/users\/2"}],"replies":[{"embeddable":true,"href":"https:\/\/www.tgrthaber.com\/mavikadin\/wp-json\/wp\/v2\/comments?post=51287"}],"version-history":[{"count":1,"href":"https:\/\/www.tgrthaber.com\/mavikadin\/wp-json\/wp\/v2\/posts\/51287\/revisions"}],"predecessor-version":[{"id":51288,"href":"https:\/\/www.tgrthaber.com\/mavikadin\/wp-json\/wp\/v2\/posts\/51287\/revisions\/51288"}],"wp:featuredmedia":[{"embeddable":true,"href":"https:\/\/www.tgrthaber.com\/mavikadin\/wp-json\/wp\/v2\/media\/51286"}],"wp:attachment":[{"href":"https:\/\/www.tgrthaber.com\/mavikadin\/wp-json\/wp\/v2\/media?parent=51287"}],"wp:term":[{"taxonomy":"category","embeddable":true,"href":"https:\/\/www.tgrthaber.com\/mavikadin\/wp-json\/wp\/v2\/categories?post=51287"},{"taxonomy":"post_tag","embeddable":true,"href":"https:\/\/www.tgrthaber.com\/mavikadin\/wp-json\/wp\/v2\/tags?post=51287"}],"curies":[{"name":"wp","href":"https:\/\/api.w.org\/{rel}","templated":true}]}}