{"id":51290,"date":"2022-11-06T13:24:22","date_gmt":"2022-11-06T10:24:22","guid":{"rendered":"https:\/\/new.mavikadin.com\/?p=51290"},"modified":"2024-09-16T13:41:13","modified_gmt":"2024-09-16T10:41:13","slug":"seyma-subasi-meedo-ile-evleniyor","status":"publish","type":"post","link":"https:\/\/www.tgrthaber.com\/mavikadin\/seyma-subasi-meedo-ile-evleniyor\/","title":{"rendered":"\u015eeyma Suba\u015f\u0131 Meedo ile evleniyor"},"content":{"rendered":"<p>Acun Il\u0131cal\u0131 ile evlili\u011fi nedeniyle T\u00fcrkiye&#8217;de \u00fcnlenen \u015eeyma Suba\u015f\u0131, bir s\u00fcredir arkada\u015fl\u0131klar\u0131 olan M\u0131s\u0131rl\u0131 i\u015f adam\u0131 Mohammed Alsaloussi ile evlilik haz\u0131rl\u0131klar\u0131n\u0131 payla\u015ft\u0131.<\/p>\n<p>&Uuml;nl&uuml; isim \u015eeyma Suba\u015f\u0131 ge&ccedil;ti\u011fimiz aylarda, bir s&uuml;redir arkada\u015fl\u0131klar\u0131 olan M\u0131s\u0131rl\u0131 i\u015f adam\u0131 Mohammed Alsaloussi ile ayr\u0131ld\u0131klar\u0131n\u0131 duyurmu\u015ftu. Suba\u015f\u0131 a&ccedil;\u0131klamas\u0131nda;<\/p>\n<p>&#8220;Sizlerin de bildi\u011fi ve tan\u0131k oldu\u011fu gibi yakla\u015f\u0131k 1.5 senedir Meedo Alsaloussi ile ya\u015fad\u0131\u011f\u0131m\u0131z birlikteli\u011fimizi, kar\u015f\u0131l\u0131kl\u0131 anla\u015farak sonland\u0131rma karar\u0131 ald\u0131k. Her ili\u015fkide olabilece\u011fi gibi biz de ya\u015fad\u0131\u011f\u0131m\u0131z anla\u015fmazl\u0131klar sonucu ili\u015fkimizi s&uuml;rd&uuml;remeyece\u011fimize karar verip sayg\u0131 &ccedil;er&ccedil;evesinde yollar\u0131m\u0131z\u0131 ay\u0131rd\u0131k. Ald\u0131\u011f\u0131m\u0131z bu karar ve ya\u015fad\u0131\u011f\u0131m\u0131z hassas s&uuml;rece siz de\u011ferli takip&ccedil;ilerim ve bas\u0131n mensuplar\u0131n\u0131n sayg\u0131 ve anlay\u0131\u015f\u0131n\u0131 rica ediyorum&#8221; ifadelerini kullanm\u0131\u015ft\u0131.<\/p>\n<p>Ard\u0131ndan T&uuml;rkiye&#8217;ye d&ouml;nen \u015eeyma Suba\u015f\u0131, \u0130stanbul&#8217;da kendisine uzat\u0131lan mikrofonlara yeniden bar\u0131\u015fma olmayaca\u011f\u0131n\u0131 ifade etmi\u015fti. Bir darg\u0131n bir bar\u0131\u015f\u0131k ilerleyen arkada\u015fl\u0131kta Melisa ile Meedo&#8217;nun Paris&#8217;teki Louvre M&uuml;zesi&#8217;nin &ouml;n&uuml;nde foto\u011fraflar\u0131 sosyal medyaya yans\u0131m\u0131\u015ft\u0131. G&uuml;ndem olan bu karelerden sonra \u015eeyma Suba\u015f\u0131, k\u0131z\u0131 Melisa ve Meedo&#8217;nun Paris&#8217;teki l&uuml;ks bir otelde kald\u0131klar\u0131 iddia edildi.<\/p>\n<h3><strong>\u015eEYMA VE MEL\u0130SA&#8217;YI KOLUNA KAZITTI<\/strong><\/h3>\n<p>&Ouml;nceki aylarda \u015eeyma Suba\u015f\u0131, Meedo&#8217;nun g&uuml;ne\u015flenirken &ccedil;ekilen foto\u011fraf\u0131n\u0131 payla\u015ft\u0131. Foto\u011fraftaki bir detay &ccedil;iftin yeniden g&uuml;ndem olmas\u0131na neden olmu\u015ftu. Magazin g&uuml;ndemine bomba gibi d&uuml;\u015fen bu foto\u011frafta Meedo&#8217;nun omuzuna \u015eeyma Suba\u015f\u0131 ve k\u0131z\u0131 Melisa&#8217;n\u0131n isimlerini yazd\u0131rd\u0131\u011f\u0131 g&ouml;r&uuml;ld&uuml;. Bu iki ismin aras\u0131na sonsuzluk i\u015fareti yazd\u0131rd\u0131.&nbsp;<\/p>\n<p><img decoding=\"async\" src=\"https:\/\/static.mavikadin.com\/images\/haberler\/22-11\/06\/seyma_subasi_meedo_ile_evleniyor-3.jpg\" alt=\"\" title=\"\"><\/p>\n<h3><strong>D\u0130KKAT &Ccedil;EKEN PAYLA\u015eIM<\/strong><\/h3>\n<p>&Uuml;nl&uuml; isim \u015eeyma Suba\u015f\u0131, ge&ccedil;ti\u011fimiz g&uuml;nlerde yapt\u0131\u011f\u0131 payla\u015f\u0131m\u0131yla yine merak uyand\u0131rarak g&uuml;ndeme oturmay\u0131 ba\u015fard\u0131. Meedo ile &ccedil;ekilen foto\u011fraflar\u0131 3 milyon takip&ccedil;isi olan hesab\u0131nda payla\u015fan Suba\u015f\u0131, bu g&ouml;nderisini hikayeler b&ouml;l&uuml;m&uuml;nden de payla\u015farak hikayeye dikkat &ccedil;eken bir not ekledi.&nbsp;<\/p>\n<p>&#8220;Kar\u0131n olmak i&ccedil;in sab\u0131rs\u0131zlan\u0131yorum&#8221;&nbsp; yazan \u015eeyma Suba\u015f\u0131 ekledi\u011fi gelinlikli kad\u0131n emojisi ile de evlilik haz\u0131rl\u0131\u011f\u0131 yapt\u0131\u011f\u0131n\u0131 da haber vermi\u015f oldu.<\/p>\n<p><img decoding=\"async\" src=\"https:\/\/static.mavikadin.com\/images\/haberler\/22-11\/06\/untitled-3.jpg\" alt=\"\" title=\"\"><\/p>\n<h3><strong>&#8220;MUTLULU\u011eUNU SOSYAL MEDYADA PAYLA\u015eMA \u015eEYMA&#8221;<\/strong><\/h3>\n<p>&Uuml;nl&uuml; isim \u015eeyma Suba\u015f\u0131, M\u0131s\u0131rl\u0131 i\u015f adam\u0131 Meedo ile evlenmek &uuml;zere olduklar\u0131n\u0131 b&ouml;yle duyurdu. &Uuml;nl&uuml; isim, d&uuml;\u011f&uuml;n davetiyelerini sosyal medya hesab\u0131ndan payla\u015ft\u0131; &#8220;Mutlulu\u011funu art\u0131k sosyal medya hesab\u0131ndan payla\u015fma \u015eeyma&#8221; diye kendini uyaran sosyal medya fenomeni &#8220;Mutluluk bir se&ccedil;imdir ve ben bu \u015fekilde &ccedil;ok mutluyum. Bazen de onlar\u0131 payla\u015f\u0131r\u0131m. Her neyse ben &ccedil;ok heyecanl\u0131y\u0131m&#8221; diyerek evlenece\u011fini duyurdu.<\/p>\n<p><img decoding=\"async\" src=\"https:\/\/static.mavikadin.com\/images\/haberler\/22-11\/06\/seyma_subasi_meedo_ile_evleniyor-5.jpg\" alt=\"\" title=\"\"><\/p>\n<h3><strong>&#8220;BEN\u0130 A\u0130LEMDEN \u0130STED\u0130&#8221;<\/strong><\/h3>\n<p>Di\u011fer taraftan \u015eeyma Suba\u015f\u0131, Alsalouissi ile arkada\u015fl\u0131klar\u0131n\u0131 bitirmeden &ouml;nce bir Youtube kanal\u0131na konuk olmu\u015f ve evlilik haz\u0131rl\u0131klar\u0131n\u0131 anlatm\u0131\u015ft\u0131;&nbsp;<\/p>\n<p>Bodrum&#8217;da aile tatili yapt\u0131klar\u0131n\u0131 belirten Suba\u015f\u0131, anne ve babas\u0131n\u0131n Mohammed Alsaloussi&#8217;yi &ccedil;ok sevdi\u011fini ve iyi anla\u015ft\u0131klar\u0131n\u0131 s&ouml;ylemi\u015fti. &#8220;\u0130steme oldu asl\u0131nda. Meedo beni ailemden istedi&#8221; diyen Suba\u015f\u0131, Bodrum&#8217;da daha fazla yak\u0131nla\u015ft\u0131klar\u0131n\u0131 ifade etmi\u015fti.<\/p>\n<p>Esprili bir dille, &#8220;Herkes evlilik ne zaman diye soruyor. Evlilik kadar kafan\u0131za ta\u015f d&uuml;\u015fs&uuml;n&#8221; \u015feklinde konu\u015fan Suba\u015f\u0131, &#8220;Belki de evlendik. Nereden biliyorsunuz?&#8221; diyerek, evlili\u011fe bu kadar anlam y&uuml;klemenin mant\u0131kl\u0131 olmad\u0131\u011f\u0131n\u0131 ima etmi\u015fti. D&uuml;\u011f&uuml;n ile ilgili de a&ccedil;\u0131klama yapan Suba\u015f\u0131, d&uuml;\u011f&uuml;n&uuml; &ouml;nce Ibiza&#8217;da yapmay\u0131 d&uuml;\u015f&uuml;nd&uuml;klerini ancak &ccedil;ok fazla acele etmemek i&ccedil;in iptal etme karar\u0131 ald\u0131klar\u0131n\u0131 s&ouml;ylemi\u015fti.<\/p>\n","protected":false},"excerpt":{"rendered":"<p>Acun Il\u0131cal\u0131 ile evlili\u011fi nedeniyle T\u00fcrkiye&#8217;de \u00fcnlenen \u015eeyma Suba\u015f\u0131, bir s\u00fcredir arkada\u015fl\u0131klar\u0131 olan M\u0131s\u0131rl\u0131 i\u015f adam\u0131 Mohammed Alsaloussi ile evlilik haz\u0131rl\u0131klar\u0131n\u0131 payla\u015ft\u0131. &Uuml;nl&uuml; isim \u015eeyma Suba\u015f\u0131 ge&ccedil;ti\u011fimiz aylarda, bir s&uuml;redir arkada\u015fl\u0131klar\u0131 olan M\u0131s\u0131rl\u0131 i\u015f adam\u0131 Mohammed Alsaloussi ile ayr\u0131ld\u0131klar\u0131n\u0131 duyurmu\u015ftu. Suba\u015f\u0131 a&ccedil;\u0131klamas\u0131nda; &#8220;Sizlerin de bildi\u011fi ve tan\u0131k oldu\u011fu gibi yakla\u015f\u0131k 1.5 senedir Meedo Alsaloussi ile [&hellip;]<\/p>\n","protected":false},"author":2,"featured_media":51289,"comment_status":"closed","ping_status":"open","sticky":false,"template":"","format":"standard","meta":{"rank_math_lock_modified_date":false,"footnotes":""},"categories":[76],"tags":[39044,1392,2249],"class_list":["post-51290","post","type-post","status-publish","format-standard","has-post-thumbnail","hentry","category-magazin","tag-is-adami","tag-meedo","tag-seyma-subasi"],"_links":{"self":[{"href":"https:\/\/www.tgrthaber.com\/mavikadin\/wp-json\/wp\/v2\/posts\/51290"}],"collection":[{"href":"https:\/\/www.tgrthaber.com\/mavikadin\/wp-json\/wp\/v2\/posts"}],"about":[{"href":"https:\/\/www.tgrthaber.com\/mavikadin\/wp-json\/wp\/v2\/types\/post"}],"author":[{"embeddable":true,"href":"https:\/\/www.tgrthaber.com\/mavikadin\/wp-json\/wp\/v2\/users\/2"}],"replies":[{"embeddable":true,"href":"https:\/\/www.tgrthaber.com\/mavikadin\/wp-json\/wp\/v2\/comments?post=51290"}],"version-history":[{"count":1,"href":"https:\/\/www.tgrthaber.com\/mavikadin\/wp-json\/wp\/v2\/posts\/51290\/revisions"}],"predecessor-version":[{"id":51291,"href":"https:\/\/www.tgrthaber.com\/mavikadin\/wp-json\/wp\/v2\/posts\/51290\/revisions\/51291"}],"wp:featuredmedia":[{"embeddable":true,"href":"https:\/\/www.tgrthaber.com\/mavikadin\/wp-json\/wp\/v2\/media\/51289"}],"wp:attachment":[{"href":"https:\/\/www.tgrthaber.com\/mavikadin\/wp-json\/wp\/v2\/media?parent=51290"}],"wp:term":[{"taxonomy":"category","embeddable":true,"href":"https:\/\/www.tgrthaber.com\/mavikadin\/wp-json\/wp\/v2\/categories?post=51290"},{"taxonomy":"post_tag","embeddable":true,"href":"https:\/\/www.tgrthaber.com\/mavikadin\/wp-json\/wp\/v2\/tags?post=51290"}],"curies":[{"name":"wp","href":"https:\/\/api.w.org\/{rel}","templated":true}]}}