{"id":51302,"date":"2022-11-06T17:16:03","date_gmt":"2022-11-06T14:16:03","guid":{"rendered":"https:\/\/new.mavikadin.com\/?p=51302"},"modified":"2024-09-16T13:41:34","modified_gmt":"2024-09-16T10:41:34","slug":"turk-is-insani-dilek-ertekin-milyon-dolarlik-takilari-kayip","status":"publish","type":"post","link":"https:\/\/www.tgrthaber.com\/mavikadin\/turk-is-insani-dilek-ertekin-milyon-dolarlik-takilari-kayip\/","title":{"rendered":"T\u00fcrk i\u015f insan\u0131 Dilek Ertek&#8217;in milyon dolarl\u0131k tak\u0131lar\u0131 kay\u0131p"},"content":{"rendered":"<p>Dev bir geminin kamaras\u0131ndan d\u00fc\u015ferek kaybolan Dilek Ertek&#8217;in \u00f6l\u00fcm\u00fcyle ilgili \u015f\u00fcpheler ortaya \u00e7\u0131kt\u0131.<\/p>\n<p>H&uuml;rriyet&#8217;in kaynaklar\u0131na ve haberine g&ouml;re Dilek Ertek ilgili inan\u0131lmaz bir iddia olu\u015ftu. 71 ya\u015f\u0131ndaki i\u015f insan\u0131 Dilek Ertek, bir s&uuml;redir arkada\u015fl\u0131klar\u0131 olan 74 ya\u015f\u0131ndaki \u0130svi&ccedil;reli erkek arkada\u015f\u0131yla 24 Ekim&rsquo;de Norwegian Spirit adl\u0131 cruise gemisine, binmi\u015fti. Bora Bora&#8217;ya do\u011fru yola &ccedil;\u0131kan &ccedil;ift, Dilek Ertek&#8217;in do\u011fum g&uuml;n&uuml;n&uuml; kutlayacakt\u0131.&nbsp;<\/p>\n<h3><strong>\u0130SV\u0130&Ccedil;REL\u0130 ERKEK ARKADA\u015e KAYBOLDU\u011eUNU 20 SAAT SONRA B\u0130LD\u0130RD\u0130<\/strong><\/h3>\n<p>Olay gece 03:00 s\u0131ralar\u0131nda ger&ccedil;ekle\u015firken, Dilek Ertek, gemide &ouml;\u011fle ve ak\u015fam yemeklerinde g&ouml;r&uuml;lmemi\u015f ancak Ertek&#8217;in \u0130svi&ccedil;reli erkek arkada\u015f\u0131 Ertek&#8217;in kayboldu\u011funu gemi yetkililerine ak\u015fam 22:00 sular\u0131nda bildirmi\u015f.&nbsp;<\/p>\n<p><img decoding=\"async\" src=\"https:\/\/static.mavikadin.com\/images\/haberler\/22-11\/06\/turk_is_insani_dilek_ertek_in_milyon_dolarlik_takilari_kayboldu-2.jpg\" alt=\"\" title=\"\"><\/p>\n<h3><strong>GECE YARISI B\u0130R KARARTI DEN\u0130ZE D&Uuml;\u015e&Uuml;YOR<\/strong><\/h3>\n<p>Bunun &uuml;zerine g&uuml;vertenin ba\u015f\u0131 ve sonunda bulunan kameralardan incelemeler ba\u015flat\u0131l\u0131yor. Kameralara yans\u0131yan pek de net olmayan g&ouml;r&uuml;nt&uuml;lerde bir karart\u0131n\u0131n suya d&uuml;\u015ft&uuml;\u011f&uuml; g&ouml;r&uuml;l&uuml;yor. Gemi y&ouml;netimi, 76 ya\u015f\u0131ndaki \u0130svi&ccedil;reli erkek arkada\u015f\u0131 bir odada g&ouml;zetim alt\u0131nda tutmay\u0131 tercih etmi\u015f. 3 g&uuml;n sonra Fransa&#8217;daki adalar\u0131ndan biri olan Tahiti&#8217;ye yana\u015fan gemi, ya\u015fl\u0131 erkek arkada\u015f\u0131 polise teslim ederek soru\u015fturma yap\u0131lmas\u0131n\u0131 saplam\u0131\u015f fakat burada yap\u0131lan soru\u015fturma sonunda yeteri kadar delil olmad\u0131\u011f\u0131na karar verilerek ya\u015fl\u0131 adam &uuml;lkesine gitmek &uuml;zere serbest b\u0131rak\u0131lm\u0131\u015f.&nbsp;<\/p>\n<p><img decoding=\"async\" src=\"https:\/\/static.mavikadin.com\/images\/haberler\/22-11\/06\/turk_is_insani_dilek_ertek_in_milyon_dolarlik_takilari_kayboldu-1.jpg\" alt=\"\" title=\"\"><\/p>\n<h3><strong>AYNI KAMARAYA BA\u015eKA YOLCU ALINDI<\/strong><\/h3>\n<p>Dev demideki olay\u0131n ya\u015fand\u0131\u011f\u0131 kamara, olaydan 2 g&uuml;n sonra ba\u015fka bir yolcuya verilmi\u015f. Bu gibi durumlarda normal \u015fartlarda yap\u0131lmas\u0131 gereken, ilk olarak gemi y&ouml;netiminin de yapt\u0131\u011f\u0131 gibi ilk \u015f&uuml;pheliyi g&ouml;zetim alt\u0131nda tutmak, daha sonra gemi &ccedil;al\u0131\u015fanlar\u0131n\u0131 sorgulamak, olay\u0131n ya\u015fand\u0131\u011f\u0131 yeri en ince ayr\u0131nt\u0131lar\u0131na kadar incelemek ve hemen yan odalarda bulunan ki\u015filerin de bilgilerine ba\u015fvurmak olmal\u0131yd\u0131. Ayn\u0131 zamanda kamera kay\u0131tlar\u0131 da yetkililere verilmek istenmemi\u015f. &#8216;Olay bizim s\u0131n\u0131rlar\u0131m\u0131zda olmad\u0131.&#8217; diyen Frans\u0131z Tahiti yetkililerinin aksine Dilek Ertek&#8217;in avukatlar\u0131 geminin bulundu\u011fu en yak\u0131n kara par&ccedil;as\u0131 olan Tahiti&#8217;nin bu sorumlulu\u011fu &uuml;stlenmesi gerekti\u011fini s&ouml;yledi. Bununla birlikte ya\u015fanan bu bu ac\u0131 olay\u0131 detayl\u0131 bir incelemeye alan Ertek&#8217;in avukatlar\u0131, cruize gemisine dava a&ccedil;acak.&nbsp;<\/p>\n<p><img decoding=\"async\" src=\"https:\/\/static.mavikadin.com\/images\/haberler\/22-11\/06\/turk_is_insani_dilek_ertek_in_milyon_dolarlik_takilari_kayboldu-5.jpg\" alt=\"\" title=\"\"><\/p>\n<h3><strong>M&Uuml;CEVHERS\u0130Z BAKKALA B\u0130LE G\u0130TMEZD\u0130<\/strong><\/h3>\n<p>Al\u0131nan bilgilere g&ouml;re 71 ya\u015f\u0131ndaki Dilek Ertek, do\u011fum g&uuml;n&uuml;n&uuml; kutlamak i&ccedil;in Bora Bora adas\u0131na gidecek, buradan da Los Angeles&#8217;a ge&ccedil;ecekti. \u0130ddialara g&ouml;re markete giderken bile milyon dolarl\u0131k m&uuml;cevherlerinden birini mutlaka takmay\u0131 tercih eden Dilek Ertek&#8217;in gemideki odas\u0131ndan bir tane bile m&uuml;cevher &ccedil;\u0131kmam\u0131\u015f. Gemi y&ouml;netimi, Dilek Ertek&#8217;in odas\u0131ndaki e\u015fyalar\u0131 ailesine teslim etmi\u015f ancak e\u015fyalar\u0131 i&ccedil;inde sadece k\u0131yafet ve ki\u015fisel e\u015fyalar\u0131n oldu\u011fu &ouml;\u011frenildi. Ertek&#8217;in bir tane bile m&uuml;cevheri aileye teslim edilmemi\u015f. Bu durum, ailenin Dilek Ertek&#8217;in &ouml;l&uuml;m&uuml;ndeki \u015f&uuml;phelerin artmas\u0131na neden olmu\u015f.&nbsp;<\/p>\n<p><img decoding=\"async\" src=\"https:\/\/static.mavikadin.com\/images\/haberler\/22-11\/06\/turk_is_insani_dilek_ertek_in_milyon_dolarlik_takilari_kayboldu-4.jpg\" alt=\"\" title=\"\"><\/p>\n<h3><strong>D&Uuml;\u015eT&Uuml; M&Uuml;, ATLADI MI, ATILDI MI?<\/strong><\/h3>\n<p>71 ya\u015f\u0131ndaki i\u015fkad\u0131n\u0131 Dilek Ertek, 24 Ekim&rsquo;de Frans\u0131z Polinezyas\u0131&rsquo;ndaki Papeete Adas\u0131&rsquo;ndan ba\u015flayan, 11 g&uuml;n&uuml;n sonunda Honolulu&rsquo;da biten tura kat\u0131lmak i&ccedil;in Norwegian Cruise Line \u015firketinin sahibi oldu\u011fu Norwegian Sprit (Norve&ccedil; Ruhu) isimli gemiye binmi\u015fti.&nbsp;<\/p>\n<p><img decoding=\"async\" src=\"https:\/\/static.mavikadin.com\/images\/haberler\/22-11\/06\/turk_is_insani_dilek_ertek_in_milyon_dolarlik_takilari_kayboldu-6.jpg\" alt=\"\" title=\"\"><\/p>\n<h3><strong>D&Uuml;N DO\u011eUM G&Uuml;N&Uuml;YD&Uuml;<\/strong><\/h3>\n<p>Dilek Ertek, 5 Kas\u0131m olan do\u011fum g&uuml;n&uuml;n&uuml; kutlamaya haz\u0131rlan\u0131yordu fakat 26 Ekim&#8217;in ba\u015flad\u0131\u011f\u0131 saat 03:00 sular\u0131nda i&ccedil;inde bulundu\u011fu dev cruize gemisindeki odas\u0131n\u0131n balkonundan denize d&uuml;\u015ft&uuml;\u011f&uuml; fark edildi. Gemideki &ccedil;al\u0131\u015fanlar Dilek Ertek&#8217;i denizde arad\u0131 fakat i\u015f insan\u0131 bulunamad\u0131. Bunun &uuml;zerine telsizle durum gemide yetkililere haber verildi. Arama kurtarma ekipleri hemen arama &ccedil;al\u0131\u015fmalar\u0131na ba\u015flad\u0131 ve dev gemi en yak\u0131n liman olan Papeete Adas\u0131&#8217;na demirletildi.<\/p>\n<h3><strong>SORU\u015eTURMA BA\u015eLATILDI<\/strong><\/h3>\n<p>G&uuml;venlik ekipleri, gemiye &ccedil;\u0131kt\u0131 ve kaptandan ba\u015flayarak gemi &ccedil;al\u0131\u015fanlar\u0131na kadar herkesin ifadelerini ald\u0131. Geminin g&uuml;venlik kameralar\u0131 detayl\u0131 olarak incelendi. Daha sonra geminin rotas\u0131nda devam etmesine izin verildi. Ac\u0131 haberi alan Dilek Ertek&#8217;in o\u011flu G&ouml;k&ccedil;e Atuk, hemen Tahiti&#8217;ye gitti. Burada arama &ccedil;al\u0131\u015fmalar\u0131na kat\u0131ld\u0131 fakat olay\u0131n &uuml;zerinden g&uuml;nler ge&ccedil;mesine ra\u011fmen hen&uuml;z Ertek bulunamad\u0131.<\/p>\n<p>&nbsp;<\/p>\n","protected":false},"excerpt":{"rendered":"<p>Dev bir geminin kamaras\u0131ndan d\u00fc\u015ferek kaybolan Dilek Ertek&#8217;in \u00f6l\u00fcm\u00fcyle ilgili \u015f\u00fcpheler ortaya \u00e7\u0131kt\u0131. H&uuml;rriyet&#8217;in kaynaklar\u0131na ve haberine g&ouml;re Dilek Ertek ilgili inan\u0131lmaz bir iddia olu\u015ftu. 71 ya\u015f\u0131ndaki i\u015f insan\u0131 Dilek Ertek, bir s&uuml;redir arkada\u015fl\u0131klar\u0131 olan 74 ya\u015f\u0131ndaki \u0130svi&ccedil;reli erkek arkada\u015f\u0131yla 24 Ekim&rsquo;de Norwegian Spirit adl\u0131 cruise gemisine, binmi\u015fti. Bora Bora&#8217;ya do\u011fru yola &ccedil;\u0131kan &ccedil;ift, Dilek [&hellip;]<\/p>\n","protected":false},"author":2,"featured_media":51301,"comment_status":"closed","ping_status":"open","sticky":false,"template":"","format":"standard","meta":{"rank_math_lock_modified_date":false,"footnotes":""},"categories":[76],"tags":[40435,40434,40431,1393,40432,40433],"class_list":["post-51302","post","type-post","status-publish","format-standard","has-post-thumbnail","hentry","category-magazin","tag-cinayet-suphesi","tag-cruise-gemisi","tag-dilek-ertek","tag-ertek","tag-kaybolan-takilar","tag-milyon-dolarlik-mucevher"],"_links":{"self":[{"href":"https:\/\/www.tgrthaber.com\/mavikadin\/wp-json\/wp\/v2\/posts\/51302"}],"collection":[{"href":"https:\/\/www.tgrthaber.com\/mavikadin\/wp-json\/wp\/v2\/posts"}],"about":[{"href":"https:\/\/www.tgrthaber.com\/mavikadin\/wp-json\/wp\/v2\/types\/post"}],"author":[{"embeddable":true,"href":"https:\/\/www.tgrthaber.com\/mavikadin\/wp-json\/wp\/v2\/users\/2"}],"replies":[{"embeddable":true,"href":"https:\/\/www.tgrthaber.com\/mavikadin\/wp-json\/wp\/v2\/comments?post=51302"}],"version-history":[{"count":1,"href":"https:\/\/www.tgrthaber.com\/mavikadin\/wp-json\/wp\/v2\/posts\/51302\/revisions"}],"predecessor-version":[{"id":51303,"href":"https:\/\/www.tgrthaber.com\/mavikadin\/wp-json\/wp\/v2\/posts\/51302\/revisions\/51303"}],"wp:featuredmedia":[{"embeddable":true,"href":"https:\/\/www.tgrthaber.com\/mavikadin\/wp-json\/wp\/v2\/media\/51301"}],"wp:attachment":[{"href":"https:\/\/www.tgrthaber.com\/mavikadin\/wp-json\/wp\/v2\/media?parent=51302"}],"wp:term":[{"taxonomy":"category","embeddable":true,"href":"https:\/\/www.tgrthaber.com\/mavikadin\/wp-json\/wp\/v2\/categories?post=51302"},{"taxonomy":"post_tag","embeddable":true,"href":"https:\/\/www.tgrthaber.com\/mavikadin\/wp-json\/wp\/v2\/tags?post=51302"}],"curies":[{"name":"wp","href":"https:\/\/api.w.org\/{rel}","templated":true}]}}