{"id":51575,"date":"2022-11-17T11:43:53","date_gmt":"2022-11-17T08:43:53","guid":{"rendered":"https:\/\/new.mavikadin.com\/?p=51575"},"modified":"2024-09-16T13:50:33","modified_gmt":"2024-09-16T10:50:33","slug":"gonca-derinden-inanilmaz-iddia-ugur-akkus-cocuklarimi-kacirdi","status":"publish","type":"post","link":"https:\/\/www.tgrthaber.com\/mavikadin\/gonca-derinden-inanilmaz-iddia-ugur-akkus-cocuklarimi-kacirdi\/","title":{"rendered":"Gonca Derin&#8217;den inan\u0131lmaz iddia: U\u011fur Akku\u015f \u00e7ocuklar\u0131m\u0131 ka\u00e7\u0131rd\u0131"},"content":{"rendered":"<p>Ge\u00e7ti\u011fimiz g\u00fcnlerde e\u015fi Ebru \u015eall\u0131&#8217;y\u0131 darp etti\u011fi iddias\u0131yla g\u00fcndeme gelen U\u011fur Akku\u015f&#8217;un \u015fimdi de eski e\u015fi Gonca Derin ile ba\u015f\u0131 derde girdi. D\u00fcn gece ge\u00e7 vakte kadar sosyal medya hesab\u0131ndan an ve an payla\u015f\u0131m yapan Gonca Derin, \u00e7ocuklar\u0131n\u0131n ka\u00e7\u0131r\u0131ld\u0131\u011f\u0131n\u0131 iddia etti.<\/p>\n<p>Ebru \u015eall\u0131&#8217;n\u0131n &#8216;en zor g&uuml;n&uuml;mde yan\u0131mdayd\u0131&#8217; dedi\u011fi 2019 y\u0131l\u0131nda d&uuml;nya evine girdi\u011fi i\u015f insan\u0131 U\u011fur Akku\u015f yine g&uuml;ndem oldu. Ge&ccedil;ti\u011fimiz g&uuml;nlerde Ebru \u015eall\u0131&#8217;ya arabada \u015fiddet uygulad\u0131\u011f\u0131 y&ouml;n&uuml;ndeki iddialarla konu\u015fulan U\u011fur Akku\u015f, d&uuml;n gece eski e\u015fi Gonca Derin&#8217;in inan\u0131lmaz iddialar\u0131yla yeniden g&uuml;ndeme geldi.<\/p>\n<p>Gonca Derin sosyal medya hesab\u0131ndan o\u011flunun ses kayd\u0131n\u0131 payla\u015ft\u0131 ve e\u011fer &ccedil;ocuklar\u0131na ula\u015famazsa sabah M&uuml;ge Anl\u0131&#8217;n\u0131n kap\u0131s\u0131na gidece\u011fini s&ouml;yledi. U\u011fur Akku\u015f, kendisi ile ilgili bu payla\u015f\u0131mlara yine sosyal medya hesab\u0131ndan yapt\u0131\u011f\u0131 bir payla\u015f\u0131mla cevap verdi.<\/p>\n<h3><strong>\u015e\u0130DDET \u0130DD\u0130ALARI EBRU \u015eALLI&#8217;YI KIZDIRMI\u015eTI<\/strong><\/h3>\n<p>Ebru \u015eall\u0131, &ldquo;Bu kadar\u0131 ay\u0131p art\u0131k. Ger&ccedil;ek olmayan haber. Neden kafan\u0131za g&ouml;re yap\u0131yorsunuz?&rdquo; diyerek, Milliyet Cadde&#8217;nin &lsquo;Ara&ccedil;ta \u015eiddet&rsquo; ba\u015fl\u0131kl\u0131 &ouml;zel haberini kesin bir dille yalanlam\u0131\u015ft\u0131.<\/p>\n<p>Ebru \u015eall\u0131&#8217;n\u0131n e\u015fi U\u011fur Akku\u015f, bu kez de kendi &ccedil;ocuklar\u0131n\u0131 ka&ccedil;\u0131r\u0131p annesine teslim etmemekle su&ccedil;lan\u0131yor. Gonca Derin, sosyal medya payla\u015f\u0131mlar\u0131yla sosyal medyan\u0131n g&uuml;ndemine oturdu. Derin&#8217;in hesab\u0131 &uuml;zerinden yapt\u0131\u011f\u0131 payla\u015f\u0131mlarda yard\u0131m istedi\u011fi anlar herkesi \u015fa\u015fk\u0131na &ccedil;evirdi.<\/p>\n<p><img decoding=\"async\" src=\"https:\/\/static.mavikadin.com\/images\/haberler\/22-11\/17\/ugur_akkusun_eski_esinden_inanilmaz_iddia-4.jpg\" alt=\"\" title=\"\"><\/p>\n<h3><strong>ESK\u0130 E\u015e GONCA DER\u0130N YETK\u0130L\u0130LERDEN AYRDIM \u0130STED\u0130<\/strong><\/h3>\n<p>Gonca Derin sosyal medya &uuml;zerinden yard\u0131m istedi ve \u015fu s&ouml;zlere yer verdi; &#8220;Destek rica ediyorum, k\u0131z\u0131m ka&ccedil;\u0131r\u0131ld\u0131. \u015eiddet g&ouml;r&uuml;yor, beni ar\u0131yor. Bulam\u0131yoruz&#8221; ifadelerine yer verdi. Polisi arad\u0131\u011f\u0131n\u0131 da dile getiren Derin, &#8220;L&uuml;tfen k\u0131z\u0131ma bir \u015fey olmas\u0131n&#8221; dedi.<\/p>\n<h3><strong>&#8221;&Ccedil;OCUKLARIM &Ccedil;IKMAZSA SABAH M&Uuml;GE ANLI&#8217;NIN KAPISINDAYIM&#8221;<\/strong><\/h3>\n<p>Gonca Derin, &ccedil;ocuklar\u0131n\u0131n kendisini arad\u0131\u011f\u0131n ve a\u011flayarak babas\u0131n\u0131n yan\u0131ndan ayr\u0131lmak istediklerini ifade etti. Bunun &uuml;zerine babalar\u0131n\u0131n &ccedil;ocuklar\u0131n\u0131 ka&ccedil;\u0131rd\u0131\u011f\u0131n\u0131 s&ouml;yledi. Gonca Derin eski e\u015fi olan &ccedil;ocuklar\u0131n\u0131n babas\u0131 U\u011fur Akku\u015f&#8217;a seslenerek &#8220;Sabaha kadar buraday\u0131m. &Ccedil;\u0131kmazsa sabah M&uuml;ge Anl\u0131&#8217;n\u0131n kap\u0131s\u0131nday\u0131m&#8221; dedi.<\/p>\n<p><img decoding=\"async\" src=\"https:\/\/static.mavikadin.com\/images\/haberler\/22-11\/17\/untitled-4.jpg\" alt=\"\" title=\"\"><\/p>\n<h3><strong>&#8220;S&Uuml;R&Uuml;KLEYEREK G&Ouml;T&Uuml;RD&Uuml;&#8221;<\/strong><\/h3>\n<p>Gonca Derin, &ccedil;ocuklar\u0131n\u0131n 7 bin lira nafakas\u0131n\u0131 d&ouml;rt ayd\u0131r alamad\u0131\u011f\u0131n ifade etti ve &ccedil;ocuklar\u0131n\u0131 ka&ccedil;\u0131rd\u0131\u011f\u0131n ifade etti\u011fi U\u011fur Akku\u015f&#8217;un o anlar\u0131n\u0131 g&ouml;ren bir tan\u0131\u011f\u0131n ifadelerini payla\u015ft\u0131;<\/p>\n<p>&nbsp;&#8220;U\u011fur, geldi arabaya. Hi&ccedil;bir \u015fey demeden Aden&#8217;in iki kolundan s\u0131ms\u0131k\u0131 tuttu. Sanki bir insan de\u011filmi\u015f, k\u0131z\u0131 de\u011filmi\u015f gibi&#8230; S&uuml;r&uuml;kleyerek asans&ouml;re g&ouml;t&uuml;rd&uuml;. Sonra asans&ouml;re bindi, Aden a\u011flad\u0131&#8221;<\/p>\n<h3><strong>KIZI EMN\u0130YETE TESL\u0130M ED\u0130LD\u0130<\/strong><\/h3>\n<p>Eski e\u015f Gonca Derin, &#8220;\u015eu an arama karar\u0131 &ccedil;\u0131kart\u0131ld\u0131. Emniyete g&uuml;venim sonsuz ama g&ouml;ren bilen varsa, emniyete bildirsin l&uuml;tfen&#8221; demi\u015fti. Daha sonra ise k\u0131z\u0131n\u0131n emniyete teslim edildi\u011fi haberi geldi\u011fini duyurdu.<\/p>\n<p><img decoding=\"async\" src=\"https:\/\/static.mavikadin.com\/images\/haberler\/22-11\/17\/untitled-5.jpg\" alt=\"\" title=\"\"><\/p>\n<h3><strong>U\u011eUR AKKU\u015e&#8217;TAN A&Ccedil;IKLAMA<\/strong><\/h3>\n<p>Ya\u015fananlar\u0131n ard\u0131ndan U\u011fur Akku\u015f, sosyal medya hesab\u0131ndan cevap verdi;<\/p>\n<p>&#8220;Hakk\u0131mda yine as\u0131ls\u0131z bir iftiralar at\u0131lm\u0131\u015f; kendi &ccedil;ocuklar\u0131m\u0131 ka&ccedil;\u0131rd\u0131m diye&#8230; Bakmakla, korumak, kollamak, ilgi ve sevgi g&ouml;stermekle sorumlu oldu\u011fum kendi &ccedil;ocuklar\u0131m\u0131 ara tatilde mahkeme karar\u0131 ile usul&uuml;yle pedagog e\u015fli\u011finde ald\u0131r\u0131p tatile &ccedil;\u0131kard\u0131m. Bu t&uuml;r karalama as\u0131ls\u0131z iftiralara art\u0131k inanmay\u0131n l&uuml;tfen&#8221;&nbsp;<\/p>\n<p><img decoding=\"async\" src=\"https:\/\/static.mavikadin.com\/images\/haberler\/22-11\/17\/untitled-6.jpg\" alt=\"\" title=\"\"><\/p>\n<p>&nbsp;<\/p>\n","protected":false},"excerpt":{"rendered":"<p>Ge\u00e7ti\u011fimiz g\u00fcnlerde e\u015fi Ebru \u015eall\u0131&#8217;y\u0131 darp etti\u011fi iddias\u0131yla g\u00fcndeme gelen U\u011fur Akku\u015f&#8217;un \u015fimdi de eski e\u015fi Gonca Derin ile ba\u015f\u0131 derde girdi. D\u00fcn gece ge\u00e7 vakte kadar sosyal medya hesab\u0131ndan an ve an payla\u015f\u0131m yapan Gonca Derin, \u00e7ocuklar\u0131n\u0131n ka\u00e7\u0131r\u0131ld\u0131\u011f\u0131n\u0131 iddia etti. Ebru \u015eall\u0131&#8217;n\u0131n &#8216;en zor g&uuml;n&uuml;mde yan\u0131mdayd\u0131&#8217; dedi\u011fi 2019 y\u0131l\u0131nda d&uuml;nya evine girdi\u011fi i\u015f insan\u0131 [&hellip;]<\/p>\n","protected":false},"author":2,"featured_media":51574,"comment_status":"closed","ping_status":"open","sticky":false,"template":"","format":"standard","meta":{"rank_math_lock_modified_date":false,"footnotes":""},"categories":[76],"tags":[40576,40575,2453,40449,2300],"class_list":["post-51575","post","type-post","status-publish","format-standard","has-post-thumbnail","hentry","category-magazin","tag-cocuk-kacirma","tag-gonca-derin","tag-muge-anli","tag-siddet-iddialari","tag-ugur-akkus"],"_links":{"self":[{"href":"https:\/\/www.tgrthaber.com\/mavikadin\/wp-json\/wp\/v2\/posts\/51575"}],"collection":[{"href":"https:\/\/www.tgrthaber.com\/mavikadin\/wp-json\/wp\/v2\/posts"}],"about":[{"href":"https:\/\/www.tgrthaber.com\/mavikadin\/wp-json\/wp\/v2\/types\/post"}],"author":[{"embeddable":true,"href":"https:\/\/www.tgrthaber.com\/mavikadin\/wp-json\/wp\/v2\/users\/2"}],"replies":[{"embeddable":true,"href":"https:\/\/www.tgrthaber.com\/mavikadin\/wp-json\/wp\/v2\/comments?post=51575"}],"version-history":[{"count":1,"href":"https:\/\/www.tgrthaber.com\/mavikadin\/wp-json\/wp\/v2\/posts\/51575\/revisions"}],"predecessor-version":[{"id":51576,"href":"https:\/\/www.tgrthaber.com\/mavikadin\/wp-json\/wp\/v2\/posts\/51575\/revisions\/51576"}],"wp:featuredmedia":[{"embeddable":true,"href":"https:\/\/www.tgrthaber.com\/mavikadin\/wp-json\/wp\/v2\/media\/51574"}],"wp:attachment":[{"href":"https:\/\/www.tgrthaber.com\/mavikadin\/wp-json\/wp\/v2\/media?parent=51575"}],"wp:term":[{"taxonomy":"category","embeddable":true,"href":"https:\/\/www.tgrthaber.com\/mavikadin\/wp-json\/wp\/v2\/categories?post=51575"},{"taxonomy":"post_tag","embeddable":true,"href":"https:\/\/www.tgrthaber.com\/mavikadin\/wp-json\/wp\/v2\/tags?post=51575"}],"curies":[{"name":"wp","href":"https:\/\/api.w.org\/{rel}","templated":true}]}}