{"id":51584,"date":"2022-11-17T20:31:32","date_gmt":"2022-11-17T17:31:32","guid":{"rendered":"https:\/\/new.mavikadin.com\/?p=51584"},"modified":"2024-09-16T13:50:51","modified_gmt":"2024-09-16T10:50:51","slug":"arzum-onan-oyunculuga-donmek-istiyor","status":"publish","type":"post","link":"https:\/\/www.tgrthaber.com\/mavikadin\/arzum-onan-oyunculuga-donmek-istiyor\/","title":{"rendered":"Arzum Onan oyunculu\u011fa d\u00f6nmek istiyor"},"content":{"rendered":"<p>1993 T\u00fcrkiye G\u00fczeli Arzum Onan son yapt\u0131\u011f\u0131 r\u00f6portajda yeniden oyunculuk yapmak istedi\u011fini s\u00f6yledi.<\/p>\n<p>1993&rsquo;te T&uuml;rkiye ve Avrupa g&uuml;zeli se&ccedil;ilen Arzum Onan, \u015f&ouml;hreti mankenlikle yakalam\u0131\u015ft\u0131. Daha sonra oyunculuk da yapmaya ba\u015flayan &uuml;nl&uuml; isim \u015fimdilerde uzun y\u0131llard\u0131r ara verdi\u011fi oyunculuk mesle\u011fine geri d&ouml;nmek istedi\u011fini duyurdu.<\/p>\n<p>Arzum Onan&#8217;\u0131n son verdi\u011fi r&ouml;portaj\u0131ndan &ouml;nemli kesitler;<\/p>\n<ul>\n<li>Her ge&ccedil;en g&uuml;n &uuml;z&uuml;ld&uuml;\u011f&uuml;m&uuml;z ve korktu\u011fumuz olaylar\u0131n say\u0131s\u0131 art\u0131yor. Bu, bize vicdani ve ahlaki de\u011ferlerin h\u0131zla yok oldu\u011funu g&ouml;steriyor.<\/li>\n<li>Heykel yaparken ge&ccedil;mi\u015ften esinlendi\u011fim, biriktirdi\u011fim bir&ccedil;ok duygum ellerimde \u015fekil bulabilir.<\/li>\n<li>G&uuml;zelim, al\u0131ml\u0131y\u0131m &ouml;yleyse model olmal\u0131y\u0131m diye ba\u015flamad\u0131 kariyerim. Tabii ki baz\u0131 &ccedil;abalar\u0131m oldu.<\/li>\n<li>Sosyal sorumluluk projeleri i&ccedil;eren baz\u0131 defilelerde podyuma &ccedil;\u0131kabilirim. Hikayesine g&ouml;re de kamera &ouml;n&uuml;ne yeniden ge&ccedil;ebilirim.<\/li>\n<li>Tek bir renkten ibaret de\u011filim. Her t&uuml;r duyguyu bar\u0131nd\u0131r\u0131yorum.<\/li>\n<li>Fevri davran\u0131\u015flar\u0131n hi&ccedil;bir \u015fey kazand\u0131rmad\u0131\u011f\u0131n\u0131, hakl\u0131yken haks\u0131z duruma d&uuml;\u015f&uuml;rebildi\u011fini &ccedil;oktan &ouml;\u011frendim.<\/li>\n<\/ul>\n<h3><strong><img decoding=\"async\" src=\"https:\/\/static.mavikadin.com\/images\/haberler\/22-11\/17\/arzum_onan_yeniden_oyunculuga_donmek_istiyor-4.jpg\" alt=\"\" title=\"\"><\/strong><\/h3>\n<h3><strong>ARZUM ONAN K\u0130MD\u0130R?<\/strong><\/h3>\n<p>Onan 31 Ekim 1973 Ankara do\u011fumlu. Arzum Onan, 31 Ekim 1973&#8217;te Ankara&#8217;da, memur bir ailenin tek &ccedil;ocu\u011fu olarak do\u011fdu. \u0130lkokulu Ankara&#8217;da, ortaokul ve liseyi ise \u0130stanbul&#8217;da okudu. &Uuml;mraniye End&uuml;stri Meslek Lisesi Yap\u0131 Ressaml\u0131\u011f\u0131 B&ouml;l&uuml;m&uuml;nden mezun oldu. 1992 y\u0131l\u0131nda Gaye S&ouml;kmen Ajans&#8217;ta mankenlik ve modelli\u011fe ba\u015flad\u0131. Nisan 1993&#8217;te &#8220;Miss Turkey&#8221; yar\u0131\u015fmas\u0131nda &#8220;T&uuml;rkiye G&uuml;zeli&#8221;, ayn\u0131 y\u0131l\u0131n Temmuz ay\u0131nda &#8220;Miss Europe&#8221; yar\u0131\u015fmas\u0131nda &#8220;Avrupa G&uuml;zeli&#8221; se&ccedil;ildi.<\/p>\n<p><strong>&Ouml;zel Hayat\u0131<\/strong><\/p>\n<p>1996&#8217;da oyuncu Mehmet Aslantu\u011f ile evlendi. &#8220;Can&#8221; ad\u0131nda bir o\u011flu vard\u0131r.<\/p>\n<p><strong>Kariyeri<\/strong><\/p>\n<p>&Ouml;nemli bir reklam kampanyas\u0131yla &uuml;&ccedil; y\u0131l kamera kar\u015f\u0131s\u0131na ge&ccedil;ti. 1997&#8217;de d&ouml;rt y\u0131l s&uuml;recek yo\u011fun tempolu bir televizyon dizisi (S\u0131cak Saatler) i&ccedil;in &ccedil;al\u0131\u015fmaya ba\u015flad\u0131. Bu tarihten itibaren, genellikle kamu yarar\u0131na ger&ccedil;ekle\u015ftirilen &ouml;zel defilelerde mankenlik yapt\u0131.<\/p>\n<p><strong>Oynad\u0131\u011f\u0131 Projeler<\/strong><\/p>\n<p>1997 &nbsp; &nbsp;Yeni Bir Y\u0131ld\u0131z &nbsp; &nbsp;Ceren Meri&ccedil; &nbsp; &nbsp;<br \/>1998 &nbsp; &nbsp;S\u0131cak Saatler &nbsp; &nbsp;Buket Hazal &nbsp; &nbsp;<br \/>2000 &nbsp; &nbsp;Merdo\u011flu &nbsp; &nbsp;Zeynep &nbsp; &nbsp;<br \/>2002 &nbsp; &nbsp;Zeybek Ate\u015fi &nbsp; &nbsp;H&uuml;zzam &nbsp; &nbsp;<br \/>2004 &nbsp; &nbsp;Sahra &nbsp; &nbsp;Sahra &nbsp; &nbsp;<br \/>2007 &nbsp; &nbsp;Sessiz F\u0131rt\u0131na &nbsp; &nbsp;Deniz Soykan &nbsp; &nbsp;<br \/>2009 &nbsp; &nbsp;A\u015fk\u0131n \u0130kinci Yar\u0131s\u0131 &nbsp; &nbsp;Zuhal &nbsp; &nbsp;<br \/>2010 &nbsp; &nbsp;Hayat A\u011fac\u0131 &nbsp; &nbsp;Arzum Onan &nbsp; &nbsp;<br \/>&Uuml;nl&uuml;ler Bulvar\u0131 &nbsp; &nbsp;<br \/>2012 &nbsp; &nbsp;Show Kul&uuml;p &nbsp; &nbsp;<\/p>\n<p>MEHMET ASLANTU\u011e K\u0130MD\u0130R?<\/p>\n<p>Aslantu\u011f, 25 Eyl&uuml;l 1961 y\u0131l\u0131nda Samsun&#8217;un &Ccedil;ar\u015famba il&ccedil;esinde do\u011fdu. Samsun&#8217;un &Ccedil;ar\u015famba il&ccedil;esinin Dikb\u0131y\u0131k beldesinde d&uuml;nyaya gelen Aslantu\u011f, anne taraf\u0131ndan Ub\u0131h, baba taraf\u0131ndan Abzah olan &Ccedil;erkes k&ouml;kenli[1] &ccedil;ift&ccedil;i bir ailenin 5. ve son &ccedil;ocu\u011fu olarak do\u011fdu. \u0130lk, orta ve lise e\u011fitimini ise Terme il&ccedil;esinde tamamlad\u0131. 1978 y\u0131l\u0131nda i\u015fletme fak&uuml;ltesine kayd\u0131n\u0131 yapt\u0131rd\u0131 ancak &ouml;\u011frencilik y\u0131llar\u0131nda, Deneme Sahnelerinde ba\u015flayan oyunculu\u011funu, 1985 y\u0131l\u0131nda, \u0130ktisadi \u0130dari Bilimler Fak&uuml;ltesi \u0130\u015fletme e\u011fitimini b\u0131rakarak profesyonelle\u015ftirdi. 1993 y\u0131l\u0131nda Detay Film&#8217;i kurdu. 1997-2000 y\u0131llar\u0131 aras\u0131nda atv&#8217;de yay\u0131nlanan S\u0131cak Saatler dizisinde canland\u0131rd\u0131\u011f\u0131 Sedat Yal&ccedil;\u0131n karakteri ile ve yine atv&#8217;de 2003-2005 y\u0131llar\u0131 aras\u0131nda yay\u0131nlanm\u0131\u015f Bir \u0130stanbul Masal\u0131 dizisinde canland\u0131rd\u0131\u011f\u0131 Selim Arhan karakteri ile tan\u0131nd\u0131. Arzum Onan&#8217;la evlidir ve Can ad\u0131nda bir o\u011flu vard\u0131r.<\/p>\n<p>Rol Ald\u0131\u011f\u0131 Projeler<\/p>\n<p>1986 &#8211; G&uuml;ndo\u011fmadan<br \/>1987 &#8211; Ate\u015f B&ouml;ce\u011fi<br \/>1987-1988 &#8211; Belene<br \/>1990-1995 &#8211; \u0130z Pe\u015finde<br \/>1990 &#8211; Ba\u015fka Olur A\u011falar\u0131n D&uuml;\u011f&uuml;n&uuml;<br \/>1990 &#8211; Vurguna \u0130nmek<br \/>1991 &#8211; Kopuk D&uuml;nyalar<br \/>1991 &#8211; Karayar K&ouml;pr&uuml;s&uuml;<br \/>1992 &#8211; Kap\u0131lar\u0131 A&ccedil;mak<br \/>1993 &#8211; Yalanc\u0131<br \/>1994 &#8211; Yenge&ccedil; Sepeti<br \/>1994 &#8211; Gerilla<br \/>1995 &#8211; Bir Kad\u0131n\u0131n Anatomisi<br \/>1996 &#8211; Kurtulu\u015f<br \/>1996 &#8211; Akrebin Yolculu\u011fu<br \/>1997 &#8211; Yeni Bir Y\u0131ld\u0131z<br \/>1997-2000 &#8211; S\u0131cak Saatler<br \/>1999 &#8211; Merdo\u011flu<br \/>2001-2002 &#8211; H\u0131rs\u0131z<br \/>2003-2005 &#8211; Bir \u0130stanbul Masal\u0131<br \/>2009 &#8211; Han\u0131m\u0131n &Ccedil;iftli\u011fi &#8211; (Muzaffer Bey)<br \/>2010 &#8211; A\u015fk\u0131n \u0130kinci Yar\u0131s\u0131 (Senarist-Y&ouml;netmen)<br \/>2011 &#8211; Can\u0131m Babam &#8211; (Doktor Kerem)<br \/>2012 &#8211; Veda &#8211; Mehmet Re\u015fat Bey<br \/>2013 &#8211; Ben Onu &Ccedil;ok Sevdim &#8211; Adnan Menderes<br \/>2015 &#8211; Racon: Ailem \u0130&ccedil;in<br \/>2015 &#8211; A\u015fk\u0131n Kokusu &#8211; Aziz [2]<br \/>2016 &#8211; K&ouml;rd&uuml;\u011f&uuml;m &#8211; Enver<br \/>2017 &#8211; Direni\u015f Karatay &#8211; Emir Celaleddin Karatay<br \/>2019 &#8211; Karde\u015f &Ccedil;ocuklar\u0131 &#8211; Y\u0131ld\u0131r\u0131m Saner<br \/>2021 &#8211; Masumiyet &#8211; Harun Orhun<\/p>\n","protected":false},"excerpt":{"rendered":"<p>1993 T\u00fcrkiye G\u00fczeli Arzum Onan son yapt\u0131\u011f\u0131 r\u00f6portajda yeniden oyunculuk yapmak istedi\u011fini s\u00f6yledi. 1993&rsquo;te T&uuml;rkiye ve Avrupa g&uuml;zeli se&ccedil;ilen Arzum Onan, \u015f&ouml;hreti mankenlikle yakalam\u0131\u015ft\u0131. Daha sonra oyunculuk da yapmaya ba\u015flayan &uuml;nl&uuml; isim \u015fimdilerde uzun y\u0131llard\u0131r ara verdi\u011fi oyunculuk mesle\u011fine geri d&ouml;nmek istedi\u011fini duyurdu. Arzum Onan&#8217;\u0131n son verdi\u011fi r&ouml;portaj\u0131ndan &ouml;nemli kesitler; Her ge&ccedil;en g&uuml;n &uuml;z&uuml;ld&uuml;\u011f&uuml;m&uuml;z ve [&hellip;]<\/p>\n","protected":false},"author":2,"featured_media":51583,"comment_status":"closed","ping_status":"open","sticky":false,"template":"","format":"standard","meta":{"rank_math_lock_modified_date":false,"footnotes":""},"categories":[76],"tags":[2434,311,40581,24929],"class_list":["post-51584","post","type-post","status-publish","format-standard","has-post-thumbnail","hentry","category-magazin","tag-arzum-onan","tag-aslan","tag-donus","tag-oyunculuk"],"_links":{"self":[{"href":"https:\/\/www.tgrthaber.com\/mavikadin\/wp-json\/wp\/v2\/posts\/51584"}],"collection":[{"href":"https:\/\/www.tgrthaber.com\/mavikadin\/wp-json\/wp\/v2\/posts"}],"about":[{"href":"https:\/\/www.tgrthaber.com\/mavikadin\/wp-json\/wp\/v2\/types\/post"}],"author":[{"embeddable":true,"href":"https:\/\/www.tgrthaber.com\/mavikadin\/wp-json\/wp\/v2\/users\/2"}],"replies":[{"embeddable":true,"href":"https:\/\/www.tgrthaber.com\/mavikadin\/wp-json\/wp\/v2\/comments?post=51584"}],"version-history":[{"count":1,"href":"https:\/\/www.tgrthaber.com\/mavikadin\/wp-json\/wp\/v2\/posts\/51584\/revisions"}],"predecessor-version":[{"id":51585,"href":"https:\/\/www.tgrthaber.com\/mavikadin\/wp-json\/wp\/v2\/posts\/51584\/revisions\/51585"}],"wp:featuredmedia":[{"embeddable":true,"href":"https:\/\/www.tgrthaber.com\/mavikadin\/wp-json\/wp\/v2\/media\/51583"}],"wp:attachment":[{"href":"https:\/\/www.tgrthaber.com\/mavikadin\/wp-json\/wp\/v2\/media?parent=51584"}],"wp:term":[{"taxonomy":"category","embeddable":true,"href":"https:\/\/www.tgrthaber.com\/mavikadin\/wp-json\/wp\/v2\/categories?post=51584"},{"taxonomy":"post_tag","embeddable":true,"href":"https:\/\/www.tgrthaber.com\/mavikadin\/wp-json\/wp\/v2\/tags?post=51584"}],"curies":[{"name":"wp","href":"https:\/\/api.w.org\/{rel}","templated":true}]}}