{"id":51599,"date":"2022-11-18T11:02:15","date_gmt":"2022-11-18T08:02:15","guid":{"rendered":"https:\/\/new.mavikadin.com\/?p=51599"},"modified":"2024-09-16T13:51:17","modified_gmt":"2024-09-16T10:51:17","slug":"bekir-aksoy-taksimdeki-patlamaya-sahit-olmus","status":"publish","type":"post","link":"https:\/\/www.tgrthaber.com\/mavikadin\/bekir-aksoy-taksimdeki-patlamaya-sahit-olmus\/","title":{"rendered":"Bekir Aksoy Taksim&#8217;deki patlamaya \u015fahit olmu\u015f"},"content":{"rendered":"<p>&#8216;Doktorlar&#8217;, &#8216;\u00c7i\u00e7ek Taksi&#8217; ve &#8216;T\u00fcrk Mal\u0131&#8217; gibi dizilerde rol alan son olarak Yasak Elma dizisiyle ekranlarda olan 53 ya\u015f\u0131ndaki Bekir Aksoy, \u00f6nceki g\u00fcn Ni\u015fanta\u015f\u0131&#8217;nda g\u00f6r\u00fcnt\u00fclendi. Oyuncu, \u0130stiklal Caddesi&#8217;ndeki patlamaya \u015fahit oldu\u011funu s\u00f6yledi.<\/p>\n<p>Beyo\u011flu \u0130stiklal Caddesi&#8217;nde 13 Kas\u0131m Pazar g&uuml;n&uuml; saat 16.20 s\u0131ralar\u0131nda patlama meydana gelmi\u015fti. \u0130stiklal Caddesi&#8217;nde b&uuml;y&uuml;k bir panik ya\u015fan\u0131rken, polis ve sa\u011fl\u0131k ekipleri caddeye ak\u0131n etti. 6 ki\u015fi hayat\u0131n\u0131 kaybetmi\u015fti ve 81 ki\u015fi yaralanm\u0131\u015ft\u0131. Oyuncu Bekir Aksoy, Nazife O\u011flak&ccedil;\u0131o\u011flu ile 2019 y\u0131l\u0131nda d&uuml;nya evine girmi\u015fti. Mutlu bir evlili\u011fi olan &ccedil;iftin bir de Asil ad\u0131nda &ccedil;ocuklar\u0131 oldu. Bekir Aksoy, &ouml;nceki g&uuml;n Ni\u015fanta\u015f\u0131&#8217;nda o\u011flu Asil ile kameralara yans\u0131d\u0131. Gazetecilerin sorular\u0131n\u0131 yan\u0131tlayan Aksoy, Taksim&#8217;deki patlama ile ilgili konu\u015ftu; &#8221;Arkada\u015flar Taksim&#8217;de meydana gelen patlamadan dolay\u0131 moralim &ccedil;ok bozuk. Allah T&uuml;rk halk\u0131na sab\u0131r versin. O g&uuml;n ben ve e\u015fim Nazife de oradayd\u0131k. Patlaman\u0131n ya\u015fand\u0131\u011f\u0131 soka\u011f\u0131n hemen bir arkas\u0131ndaki bir mekana pide yemek i&ccedil;in gitmi\u015ftik. Hemen hemen her \u015feye \u015fahit olduk diyebilirim. &Ccedil;ok &uuml;z&uuml;ld&uuml;k. Orada biz de olabilirdik.&#8221;<\/p>\n<p><img decoding=\"async\" src=\"https:\/\/static.mavikadin.com\/images\/haberler\/22-11\/18\/bekir_aksoy_taksimdeki_patlamaya_sahit_olmus-4.jpg\" alt=\"\" title=\"\"><\/p>\n","protected":false},"excerpt":{"rendered":"<p>&#8216;Doktorlar&#8217;, &#8216;\u00c7i\u00e7ek Taksi&#8217; ve &#8216;T\u00fcrk Mal\u0131&#8217; gibi dizilerde rol alan son olarak Yasak Elma dizisiyle ekranlarda olan 53 ya\u015f\u0131ndaki Bekir Aksoy, \u00f6nceki g\u00fcn Ni\u015fanta\u015f\u0131&#8217;nda g\u00f6r\u00fcnt\u00fclendi. Oyuncu, \u0130stiklal Caddesi&#8217;ndeki patlamaya \u015fahit oldu\u011funu s\u00f6yledi. Beyo\u011flu \u0130stiklal Caddesi&#8217;nde 13 Kas\u0131m Pazar g&uuml;n&uuml; saat 16.20 s\u0131ralar\u0131nda patlama meydana gelmi\u015fti. \u0130stiklal Caddesi&#8217;nde b&uuml;y&uuml;k bir panik ya\u015fan\u0131rken, polis ve sa\u011fl\u0131k ekipleri [&hellip;]<\/p>\n","protected":false},"author":2,"featured_media":51598,"comment_status":"closed","ping_status":"open","sticky":false,"template":"","format":"standard","meta":{"rank_math_lock_modified_date":false,"footnotes":""},"categories":[76],"tags":[14563,40594,40593],"class_list":["post-51599","post","type-post","status-publish","format-standard","has-post-thumbnail","hentry","category-magazin","tag-bekir-aksoy","tag-istiklal-caddesi","tag-taksim-patlamasi"],"_links":{"self":[{"href":"https:\/\/www.tgrthaber.com\/mavikadin\/wp-json\/wp\/v2\/posts\/51599"}],"collection":[{"href":"https:\/\/www.tgrthaber.com\/mavikadin\/wp-json\/wp\/v2\/posts"}],"about":[{"href":"https:\/\/www.tgrthaber.com\/mavikadin\/wp-json\/wp\/v2\/types\/post"}],"author":[{"embeddable":true,"href":"https:\/\/www.tgrthaber.com\/mavikadin\/wp-json\/wp\/v2\/users\/2"}],"replies":[{"embeddable":true,"href":"https:\/\/www.tgrthaber.com\/mavikadin\/wp-json\/wp\/v2\/comments?post=51599"}],"version-history":[{"count":1,"href":"https:\/\/www.tgrthaber.com\/mavikadin\/wp-json\/wp\/v2\/posts\/51599\/revisions"}],"predecessor-version":[{"id":51600,"href":"https:\/\/www.tgrthaber.com\/mavikadin\/wp-json\/wp\/v2\/posts\/51599\/revisions\/51600"}],"wp:featuredmedia":[{"embeddable":true,"href":"https:\/\/www.tgrthaber.com\/mavikadin\/wp-json\/wp\/v2\/media\/51598"}],"wp:attachment":[{"href":"https:\/\/www.tgrthaber.com\/mavikadin\/wp-json\/wp\/v2\/media?parent=51599"}],"wp:term":[{"taxonomy":"category","embeddable":true,"href":"https:\/\/www.tgrthaber.com\/mavikadin\/wp-json\/wp\/v2\/categories?post=51599"},{"taxonomy":"post_tag","embeddable":true,"href":"https:\/\/www.tgrthaber.com\/mavikadin\/wp-json\/wp\/v2\/tags?post=51599"}],"curies":[{"name":"wp","href":"https:\/\/api.w.org\/{rel}","templated":true}]}}