{"id":52193,"date":"2022-12-12T10:31:02","date_gmt":"2022-12-12T07:31:02","guid":{"rendered":"https:\/\/new.mavikadin.com\/?p=52193"},"modified":"2024-09-16T14:11:16","modified_gmt":"2024-09-16T11:11:16","slug":"iste-gupse-ozay-ve-baris-arducun-kizlari-jan-asya","status":"publish","type":"post","link":"https:\/\/www.tgrthaber.com\/mavikadin\/iste-gupse-ozay-ve-baris-arducun-kizlari-jan-asya\/","title":{"rendered":"\u0130\u015fte Gupse \u00d6zay ve Bar\u0131\u015f Ardu\u00e7&#8217;un k\u0131zlar\u0131 Jan Asya!"},"content":{"rendered":"<p>\u0130lk \u00e7ocuklar\u0131 Jan Asya&#8217;y\u0131 ge\u00e7ti\u011fimiz Eyl\u00fcl ay\u0131nda kucaklar\u0131na alan oyuncu \u00e7ift, Bar\u0131\u015f Ardu\u00e7 ve Gupse \u00d6zay ikilisi, doktordan \u00e7\u0131karken objektiflere yans\u0131d\u0131.<\/p>\n<p>Oyuncu Gupse &Ouml;zay ve oyuncu Bar\u0131\u015f Ardu&ccedil; ikilisi, Gupse &Ouml;zay&#8217;\u0131n yazd\u0131\u011f\u0131 Deliha filminin setinde tan\u0131\u015fm\u0131\u015f ve arkada\u015fl\u0131klar\u0131 ba\u015flam\u0131\u015ft\u0131. &Uuml;nl&uuml; &ccedil;ift, 6 y\u0131l devam eden arkada\u015fl\u0131klar\u0131n\u0131 2020 y\u0131l\u0131nda evlilikle noktalam\u0131\u015f ve &Ccedil;e\u015fme&#8217;de aile aras\u0131nda bir nikahla evlenmi\u015flerdi. Ge&ccedil;ti\u011fimiz eyl&uuml;l ay\u0131nda ilk &ccedil;ocuklar\u0131n\u0131 da kuca\u011f\u0131na alan ikili, &ouml;zel hayatlar\u0131n\u0131 g&ouml;zlerden uzak ya\u015famaya devam ediyor. Sosyal medyadan payla\u015f\u0131mlar yapan &ccedil;ift, k\u0131zlar\u0131n\u0131n y&uuml;z&uuml;n&uuml; hi&ccedil; g&ouml;stermemi\u015fti.&nbsp;<\/p>\n<p>&Uuml;nl&uuml; ikili, ge&ccedil;ti\u011fimiz g&uuml;n Ulus&#8217;tan bir &ccedil;ocuk doktorundan &ccedil;\u0131karken g&ouml;r&uuml;nt&uuml;lendi. Ayl\u0131k rutin kontrol i&ccedil;in Ulus&#8217;taki doktorlar\u0131n\u0131 ziyaret eden aile, &ccedil;\u0131k\u0131\u015fta Bar\u0131\u015f Ardu&ccedil;&#8217;un kuca\u011f\u0131ndaki Jan Asya ile kameralara b&ouml;yle tak\u0131ld\u0131.<\/p>\n<p><img decoding=\"async\" src=\"https:\/\/static.mavikadin.com\/images\/haberler\/22-12\/12\/iste_gupse_ozay_ve_baris_arduc_un_kizlari_jan_asya-2.jpg\" alt=\"\" title=\"\"><\/p>\n<p>Babas\u0131 Bar\u0131\u015f Ardu&ccedil;&#8217;un kuca\u011f\u0131nda oldu\u011fu g&ouml;r&uuml;len Jan Asya&#8217;n\u0131n ne\u015fesinin yerinde oldu\u011fu g&ouml;zlemlendi. Yo\u011fun bir &ccedil;ekim program\u0131 oldu\u011fu bilinen Bar\u0131\u015f Ardu&ccedil;&#8217;un &ccedil;ekimlerden kalan t&uuml;m vaktini ailesi i&ccedil;in harcad\u0131\u011f\u0131 s&ouml;yleniyor. K\u0131z\u0131yla yak\u0131ndan ilgilenmeyi tercih eden Bar\u0131\u015f Ardu&ccedil;&#8217;un, k\u0131z\u0131n\u0131n bak\u0131m\u0131nda e\u015fi Gupse &Ouml;zay&#8217;a olduk&ccedil;a fazla yard\u0131m etti\u011fi s&ouml;yleniyor. Oyunculuktan senaristli\u011fe ge&ccedil;en Gupse &Ouml;zay ise bebe\u011finin do\u011fumundan sonra i\u015flerine bir s&uuml;re ara verdi\u011fi &ouml;\u011frenildi.<\/p>\n<p><img decoding=\"async\" src=\"https:\/\/static.mavikadin.com\/images\/haberler\/22-12\/12\/iste_gupse_ozay_ve_baris_arduc_un_kizlari_jan_asya-5.jpg\" alt=\"\" title=\"\"><\/p>\n<h3><strong>GUPSE &Ouml;ZAY K\u0130MD\u0130R?<\/strong><\/h3>\n<p>&Ccedil;erkes k&ouml;kenli bir ailenin en k&uuml;&ccedil;&uuml;k &ccedil;ocu\u011fu olarak 30 Temmuz 1984 tarihinde \u0130zmir&#8217;de d&uuml;nyaya gelmi\u015ftir. &Ccedil;erkes&ccedil;e olan ad\u0131 &#8220;can\u0131m\u0131n i&ccedil;i&#8221; anlam\u0131na gelmektedir. Ege &Uuml;niversitesi Radyo Televizyon ve Sinema B&ouml;l&uuml;m&uuml; mezunudur.<\/p>\n<p>&Uuml;niversite y\u0131llar\u0131nda dostlar\u0131yla &ccedil;ektikleri Yaman Ya\u015fam\u0131\u015f\u0131m adl\u0131 belgesel ile &ouml;d&uuml;l alm\u0131\u015ft\u0131r. TRT&rsquo;den yap\u0131m \u015firketlerine, magazin dergilerinden dizi setlerine kadar kariyerine yarayacak her alan\u0131 denemi\u015ftir. Daha sonras\u0131nda 4 y\u0131l reklam yazarl\u0131\u011f\u0131 yapm\u0131\u015f ve ard\u0131ndan i\u015finden ayr\u0131larak dizi sekt&ouml;r&uuml;ne ge&ccedil;mi\u015ftir. Birka&ccedil; dizi denemesinden sonra, arkada\u015flar\u0131yla psikolog ske&ccedil;lerini ger&ccedil;ekle\u015ftirmi\u015f; bu sayede de Yalan D&uuml;nya dizisinde rol kapm\u0131\u015ft\u0131r. Bu dizi sayesinde tan\u0131nan ve ad\u0131ndan s&ouml;z ettiren &Ouml;zay, dizideki rol&uuml; ile birlikte Dacia&#8217;n\u0131n reklam\u0131nda rol alm\u0131\u015ft\u0131r.<\/p>\n<p>Gupse &Ouml;zay, 14 Kas\u0131m 2014 tarihinde vizyona giren ve senaryosunu kendi yazd\u0131\u011f\u0131, y&ouml;netmenli\u011fini Hakan Alg&uuml;l&#8217;&uuml;n &uuml;stlendi\u011fi ilk sinema filmi Deliha&#8217;da Zeliha karakteriyle izleyici kar\u015f\u0131s\u0131na &ccedil;\u0131kt\u0131. 8 Nisan 2016 tarihinde vizyona giren K&uuml;&ccedil;&uuml;k Esnaf filminde Burcu karakteriyle ba\u015frol oynad\u0131. 2 Aral\u0131k 2016&#8217;da vizyona giren ve senaryosunu kendi yazd\u0131\u011f\u0131 G&ouml;r&uuml;mce filminin ayn\u0131 zamanda ana karakterini canland\u0131rd\u0131. 11 Ocak 2018 tarihinde ise hem senaryosunu yaz\u0131p y&ouml;netmenli\u011fini &uuml;stlendi\u011fi, hem de ba\u015frol&uuml;nde yer ald\u0131\u011f\u0131 Deliha 2 filmi vizyona girdi.<\/p>\n<p>31 Ocak 2020 tarihinde, hem yaz\u0131p hem oynad\u0131\u011f\u0131 Eltilerin Sava\u015f\u0131 adl\u0131 komedi filmi vizyona girmi\u015ftir. 2020-2022 y\u0131llar\u0131 aras\u0131nda ise UN Woman Turkey&#8217;nin s&ouml;zc&uuml;s&uuml; olmu\u015ftur<\/p>\n<p><strong>&Ouml;zel Hayat\u0131<\/strong><\/p>\n<p>&Ouml;zay, 2014 y\u0131l\u0131nda Deliha adl\u0131 filmde tan\u0131\u015f\u0131p 6 y\u0131l birlikte oldu\u011fu Bar\u0131\u015f Ardu&ccedil; ile 29 Temmuz 2020 tarihinde \u0130zmir&#8217;in &Ccedil;e\u015fme il&ccedil;esinde evlendi. 9 Eyl&uuml;l 2022 tarihinde &#8220;Jan Asya&#8221; ad\u0131n\u0131 verdiklerini k\u0131zlar\u0131 d&uuml;nyaya geldi.&nbsp;<\/p>\n<h3><strong>BARI\u015e ARDU&Ccedil; K\u0130MD\u0130R?<\/strong><\/h3>\n<p>Bar\u0131\u015f Ardu&ccedil; 9 Ekim 1987 y\u0131l\u0131nda \u0130svi&ccedil;re&#8217;de do\u011fdu.<\/p>\n<p>\u0130svi&ccedil;re&#8217;nin Scherzingen \u015fehrinde do\u011fup b&uuml;y&uuml;yen daha sonra ailesiyle beraber T&uuml;rkiye&#8217;ye kesin d&ouml;n&uuml;\u015f yapan Ardu&ccedil;, ilk ve orta &ouml;\u011frenimini burada tamamlad\u0131. Tiyatro sanat&ccedil;\u0131s\u0131 Ayla Algan ile tan\u0131\u015ft\u0131ktan sonra profesyonel oyunculu\u011fa ad\u0131m att\u0131.<\/p>\n<p>\u0130lk olarak K&uuml;&ccedil;&uuml;k Han\u0131mefendi (2011), Dinle Sevgili (2011), Pis Yedili (2011) gibi dizilerde rol ald\u0131ktan sonra Benim \u0130&ccedil;in &Uuml;z&uuml;lme (2012), Bug&uuml;n&uuml;n Sarayl\u0131s\u0131 (2013-2014) ve Racon: Ailem \u0130&ccedil;in (2015) gibi dizilerde rol ald\u0131.<\/p>\n<p>Kendisine \u015fimdiki pop&uuml;lerli\u011fini kazand\u0131ran Kiral\u0131k A\u015fk (2015-2017) adl\u0131 dizide yer ald\u0131. Daha sonras\u0131nda Kuzgun ve &Ccedil;ukur adl\u0131 dizilerde de rol ald\u0131. 2021 y\u0131l\u0131 itibari ile TRT 1&#8217;de yay\u0131mlanan Alparslan: B&uuml;y&uuml;k Sel&ccedil;uklu dizisinde ba\u015frol oyuncusu olarak yer almaktad\u0131r.<\/p>\n","protected":false},"excerpt":{"rendered":"<p>\u0130lk \u00e7ocuklar\u0131 Jan Asya&#8217;y\u0131 ge\u00e7ti\u011fimiz Eyl\u00fcl ay\u0131nda kucaklar\u0131na alan oyuncu \u00e7ift, Bar\u0131\u015f Ardu\u00e7 ve Gupse \u00d6zay ikilisi, doktordan \u00e7\u0131karken objektiflere yans\u0131d\u0131. Oyuncu Gupse &Ouml;zay ve oyuncu Bar\u0131\u015f Ardu&ccedil; ikilisi, Gupse &Ouml;zay&#8217;\u0131n yazd\u0131\u011f\u0131 Deliha filminin setinde tan\u0131\u015fm\u0131\u015f ve arkada\u015fl\u0131klar\u0131 ba\u015flam\u0131\u015ft\u0131. &Uuml;nl&uuml; &ccedil;ift, 6 y\u0131l devam eden arkada\u015fl\u0131klar\u0131n\u0131 2020 y\u0131l\u0131nda evlilikle noktalam\u0131\u015f ve &Ccedil;e\u015fme&#8217;de aile aras\u0131nda bir [&hellip;]<\/p>\n","protected":false},"author":2,"featured_media":52192,"comment_status":"closed","ping_status":"open","sticky":false,"template":"","format":"standard","meta":{"rank_math_lock_modified_date":false,"footnotes":""},"categories":[76],"tags":[2392,141,919,8261,1343,11802],"class_list":["post-52193","post","type-post","status-publish","format-standard","has-post-thumbnail","hentry","category-magazin","tag-baris-arduc","tag-bebek","tag-gupse","tag-gupse-ozay","tag-jan-asya","tag-unlu-cift"],"_links":{"self":[{"href":"https:\/\/www.tgrthaber.com\/mavikadin\/wp-json\/wp\/v2\/posts\/52193"}],"collection":[{"href":"https:\/\/www.tgrthaber.com\/mavikadin\/wp-json\/wp\/v2\/posts"}],"about":[{"href":"https:\/\/www.tgrthaber.com\/mavikadin\/wp-json\/wp\/v2\/types\/post"}],"author":[{"embeddable":true,"href":"https:\/\/www.tgrthaber.com\/mavikadin\/wp-json\/wp\/v2\/users\/2"}],"replies":[{"embeddable":true,"href":"https:\/\/www.tgrthaber.com\/mavikadin\/wp-json\/wp\/v2\/comments?post=52193"}],"version-history":[{"count":1,"href":"https:\/\/www.tgrthaber.com\/mavikadin\/wp-json\/wp\/v2\/posts\/52193\/revisions"}],"predecessor-version":[{"id":52194,"href":"https:\/\/www.tgrthaber.com\/mavikadin\/wp-json\/wp\/v2\/posts\/52193\/revisions\/52194"}],"wp:featuredmedia":[{"embeddable":true,"href":"https:\/\/www.tgrthaber.com\/mavikadin\/wp-json\/wp\/v2\/media\/52192"}],"wp:attachment":[{"href":"https:\/\/www.tgrthaber.com\/mavikadin\/wp-json\/wp\/v2\/media?parent=52193"}],"wp:term":[{"taxonomy":"category","embeddable":true,"href":"https:\/\/www.tgrthaber.com\/mavikadin\/wp-json\/wp\/v2\/categories?post=52193"},{"taxonomy":"post_tag","embeddable":true,"href":"https:\/\/www.tgrthaber.com\/mavikadin\/wp-json\/wp\/v2\/tags?post=52193"}],"curies":[{"name":"wp","href":"https:\/\/api.w.org\/{rel}","templated":true}]}}