{"id":52202,"date":"2022-12-12T15:36:50","date_gmt":"2022-12-12T12:36:50","guid":{"rendered":"https:\/\/new.mavikadin.com\/?p=52202"},"modified":"2024-09-16T14:11:33","modified_gmt":"2024-09-16T11:11:33","slug":"burak-ozcivit-ve-kevin-spacey-ayni-karede","status":"publish","type":"post","link":"https:\/\/www.tgrthaber.com\/mavikadin\/burak-ozcivit-ve-kevin-spacey-ayni-karede\/","title":{"rendered":"Burak \u00d6z\u00e7ivit ve Kevin Spacey ayn\u0131 karede!"},"content":{"rendered":"<p>Oscar \u00f6d\u00fcll\u00fc Amerikal\u0131 akt\u00f6r Kevin Spacey ile \u00e7ektirdi\u011fi foto\u011fraf\u0131n\u0131 sosyal medya hesab\u0131nda payla\u015fan Burak \u00d6z\u00e7ivit bin pi\u015fman oldu. \u00dcnl\u00fc oyuncu, ismi otuzu a\u015fk\u0131n taciz su\u00e7lamas\u0131yla an\u0131lan akt\u00f6rle foto\u011fraf\u0131n\u0131 gelen tepkiler \u00fczerine silmek zorunda kald\u0131.<\/p>\n<p>Burak &Ouml;z&ccedil;ivit, Katarl\u0131 i\u015f insan\u0131 Adel Ali Binali&#8217;nin daveti &uuml;zerine Katar&#8217;a gitti. Burada iki Oscar &ouml;d&uuml;ll&uuml; oyuncu Kevin Spacey ile ulu\u015fan &Ouml;z&ccedil;ivit, o ana dair foto\u011fraf karelerini sosyal medya hesab\u0131ndan payla\u015ft\u0131. &Ouml;z&ccedil;ivit&#8217;in bu karesine e\u015fi Fahriye Evcen havai fi\u015fek ve kalp koyarak tebrik mesaj\u0131n\u0131 eksik etmedi.<\/p>\n<p><img decoding=\"async\" src=\"https:\/\/static.mavikadin.com\/images\/haberler\/22-12\/12\/burak_ozcivit_ve_kevin_spacey_ayni_karede-3-1670850075.jpg\" alt=\"\" title=\"\"><\/p>\n<h3><strong>&Ccedil;OK TEPK\u0130 ALDI<\/strong><\/h3>\n<p>\u0130stismar su&ccedil;uyla g&uuml;ndeme gelen ve ad\u0131n\u0131 temizleyemeyen Amerikal\u0131 akt&ouml;r Kevin Spacey ile yan yana kareleri k\u0131sa s&uuml;re i&ccedil;inde sosyal medyada viral oldu. Bunun &uuml;zerine ele\u015ftirilmeye ba\u015flanan oyuncu i&ccedil;in; &#8220;Bu insanla ayn\u0131 karede olman\u0131z utan&ccedil; verici&#8221;, &#8220;Kevin Spacey ile foto\u011fraf payla\u015fmak&hellip;&#8221;, &#8220;Yaz\u0131k ya paras\u0131 olan\u0131n su&ccedil;lar\u0131n\u0131n g&ouml;r&uuml;lmeyece\u011fi bir d&uuml;nyada ya\u015f\u0131yoruz&#8221; yorumlar\u0131 yap\u0131ld\u0131.<\/p>\n<p><img decoding=\"async\" src=\"https:\/\/static.mavikadin.com\/images\/haberler\/22-12\/12\/burak_ozcivit_ve_kevin_spacey_ayni_karede-4.jpg\" alt=\"\" title=\"\"><\/p>\n<h3><strong>FOTO\u011eRAFLARI S\u0130LD\u0130<\/strong><\/h3>\n<p>Burak &Ouml;z&ccedil;ivit, d&uuml;nden beri gelen tepkiler &uuml;zerine daha fazla dayanamad\u0131 ve foto\u011fraflar\u0131 kald\u0131rd\u0131. &Uuml;nl&uuml; ismin sosyal medya hesab\u0131ndan sadece Katarl\u0131 i\u015f insanlar\u0131 ile &ccedil;ekilen foto\u011fraflar\u0131 duruyor.<\/p>\n<p><img decoding=\"async\" src=\"https:\/\/static.mavikadin.com\/images\/haberler\/22-12\/12\/burak_ozcivit_ve_kevin_spacey_ayni_karede-1.jpg\" alt=\"\" title=\"\"><\/p>\n<h3><strong>KEVIN SPACEY HAKKINDAK\u0130 \u0130DD\u0130ALAR<\/strong><\/h3>\n<p>&#8216;American Beauty&#8217; (Amerikan G&uuml;zeli), &#8216;Seven&#8217; (Yedi), &#8216;The Usual Suspects&#8217; (Ola\u011fan \u015e&uuml;pheliler), &#8216;LA Confidential&#8217; (Los Angeles S\u0131rlar\u0131) gibi yer ald\u0131\u011f\u0131 Hollywood filmleri ile haf\u0131zalara kaz\u0131nan 63 ya\u015f\u0131ndaki Kevin Spacey de Burak &Ouml;z&ccedil;ivit gibi Katarl\u0131 i\u015f insan\u0131n\u0131n daveti &uuml;zerine Katar&#8217;a gitti. Spacey, 2019 y\u0131l\u0131nda ABD&#8217;nin Massachusetts eyaletinde ve 2016&#8217;da bir barda tacizde bulundu\u011fu iddialar\u0131yla g&uuml;ndem olmu\u015ftu. Hakk\u0131nda \u015fikayette bulunulan &uuml;nl&uuml; akt&ouml;r, arayan ki\u015finin kay\u0131p telefon numaras\u0131 kullanmas\u0131 ve daha sonra davada \u015fahitlik etmek istememesi &uuml;zerine dava d&uuml;\u015ft&uuml;\u011f&uuml;nden yarg\u0131lanmam\u0131\u015ft\u0131.<\/p>\n<p>&nbsp;<\/p>\n<p><img decoding=\"async\" src=\"https:\/\/static.mavikadin.com\/images\/haberler\/22-12\/12\/burak_ozvicit_teknede_kisi_getirdi-20.jpg\" alt=\"\" title=\"\"><\/p>\n<h3><strong>\u0130K\u0130NC\u0130 KEZ BABA OLUYOR<\/strong><\/h3>\n<p>Di\u011fer taraftan Burak &Ouml;z&ccedil;ivit, 2017 y\u0131l\u0131nda kendisi gibi oyuncu Fahriye Evcen ile nikah masas\u0131na oturmu\u015f ve bu evliliklerinden Karan ad\u0131n\u0131 verdikleri bir de &ccedil;ocuklar\u0131 olmu\u015ftu. &Ccedil;ift, ge&ccedil;ti\u011fimiz aylarda ikinci bebek haberiyle bir kez daha &ccedil;ocuk sevinci ya\u015fad\u0131. \u0130kili kez anne baba olmaya haz\u0131rlanan &ccedil;ift, bebeklerinin cinsiyeti hakk\u0131nda bir a&ccedil;\u0131klama yapmad\u0131.&nbsp;<\/p>\n<h3><strong>BURAK &Ouml;Z&Ccedil;\u0130V\u0130T K\u0130MD\u0130R?<\/strong><\/h3>\n<p>Burak &Ouml;z&ccedil;ivit, 24 Aral\u0131k 1984&#8217;te \u0130stanbul&#8217;da B&uuml;lent &Ouml;z&ccedil;ivit ve Ceyhan &Ouml;z&ccedil;ivit&#8217;in o\u011flu olarak d&uuml;nyaya geldi. Bur&ccedil;in &Ouml;z&ccedil;ivit ad\u0131nda bir k\u0131z karde\u015fi var.<\/p>\n<p><strong>Ba\u015flang\u0131&ccedil;<\/strong><br \/>2000 y\u0131l\u0131nda Kaz\u0131m \u0130\u015fmen Lisesinden mezun olduktan sonra, Marmara &Uuml;niversitesi G&uuml;zel Sanatlar Fak&uuml;ltesi Foto\u011fraf&ccedil;\u0131l\u0131k B&ouml;l&uuml;m&uuml;nde e\u011fitim g&ouml;rd&uuml;. 2003 y\u0131l\u0131 Best Model of Turkey yar\u0131\u015fmas\u0131nda gelecek vadeden se&ccedil;ildi. Yar\u0131\u015fmadan sonra U\u011furkan Erez Ajans ile &ccedil;al\u0131\u015fmaya ba\u015flam\u0131\u015ft\u0131r. 2005&#8217;te Best Model of Turkey yar\u0131\u015fmas\u0131na yeniden kat\u0131lm\u0131\u015f ve Best Model of Turkey se&ccedil;ilmi\u015ftir. Buna ba\u011fl\u0131 olarak da Best Model of The World&#8217;e kat\u0131lm\u0131\u015f ve d&uuml;nyan\u0131n en iyi ikinci mankeni se&ccedil;ilmi\u015ftir.<\/p>\n<p>\u0130lk oyunculuk deneyimini, Kanal D&#8217;de yay\u0131nlanan ve y&ouml;netmenli\u011fini Kartal Tibet&#8217;in yapt\u0131\u011f\u0131 Zoraki Koca adl\u0131 dizide &Ouml;mer adl\u0131 karakteri canland\u0131rm\u0131\u015ft\u0131r. 2007 y\u0131l\u0131nda Musallat adl\u0131 sinema filminde Suat adl\u0131 karakteri canland\u0131rm\u0131\u015ft\u0131r. 2008 yaz aylar\u0131nda ise Baba Oca\u011f\u0131 adl\u0131 dizide G&uuml;ven adl\u0131 karakteri canland\u0131rm\u0131\u015ft\u0131r. Daha sonra Gossip Girl&#8217;den esinlenilen K&uuml;&ccedil;&uuml;k S\u0131rlar adl\u0131 dizide &Ccedil;etin&#8217;i canland\u0131rm\u0131\u015ft\u0131r. 2011-2013 y\u0131llar\u0131 aras\u0131nda kariyerinin ilk 2 &ouml;d&uuml;l&uuml;n&uuml; kazand\u0131\u011f\u0131 Muhte\u015fem Y&uuml;zy\u0131l dizisinde Malko&ccedil;o\u011flu karakterini canland\u0131rmas\u0131 ile dikkat &ccedil;ekti.<\/p>\n<p><strong>2013 &Ccedil;al\u0131ku\u015fu<\/strong><br \/>2013&#8217;te bir dizideki ilk a\u011f\u0131r rol&uuml; gelecekti; T&uuml;rkiye&#8217;nin en &ouml;nemli yazarlar\u0131ndan Re\u015fat Nuri G&uuml;ntekin&#8217;in ayn\u0131 adl\u0131 roman\u0131ndan a\u015fk, dram ve komedi uyarlamas\u0131 &Ccedil;al\u0131ku\u015fu. Dizi, Fahriye Evcen&#8217;in canland\u0131rd\u0131\u011f\u0131 kuzeni Feride&#8217;ye a\u015f\u0131k olan gen&ccedil;, &ccedil;ekici ve sayg\u0131n bir doktor olan Kamran&#8217;\u0131 Burak&#8217;\u0131n oynad\u0131\u011f\u0131 20. y&uuml;zy\u0131l\u0131n ba\u015flar\u0131nda T&uuml;rkiye&#8217;de ge&ccedil;iyor.<\/p>\n<p>&Ccedil;al\u0131ku\u015fu 24 Eyl&uuml;l 2013&#8217;te vizyona girmi\u015f ve Kanal D&#8217;de yay\u0131nlanm\u0131\u015ft\u0131r. Ayr\u0131ca Netflix taraf\u0131ndan Lovebird ad\u0131 alt\u0131nda sat\u0131n al\u0131nm\u0131\u015f ve \u0130srail, \u0130ran, S\u0131rbistan, Bulgaristan, Rusya, Ukrayna ve Kazakistan gibi bir&ccedil;ok &uuml;lke taraf\u0131ndan yay\u0131nlanm\u0131\u015ft\u0131r. Burak &Ouml;z&ccedil;ivit dizideki rol&uuml; sayesinde 4 &ouml;d&uuml;l daha kazand\u0131.<\/p>\n<p>&Ccedil;al\u0131ku\u015fu&#8217;nda ba\u015frol&uuml; payla\u015ft\u0131\u011f\u0131 Fahriye Evcen&#8217;le yeniden, bir sinema filmi A\u015fk Sana Benzer ile beyaz perdeye d&ouml;nm&uuml;\u015ft&uuml;.<\/p>\n<p><strong>2017-2018 Kara Sevda, kariyerinin lansman\u0131<\/strong><br \/>2015-2017 y\u0131llar\u0131 aras\u0131nda Kara Sevda dizisinde Neslihan Atag&uuml;l ile birlikte Kemal Soydere rol&uuml;nde rol ald\u0131. Emmy &ouml;d&uuml;l&uuml; alm\u0131\u015f, 110 &uuml;lkede yay\u0131nlanm\u0131\u015f ve 50 dile &ccedil;evrilmi\u015f bu dizi, Burak &Ouml;z&ccedil;ivit&#8217;i hem T&uuml;rkiye&#8217;de hem de uluslararas\u0131 alanda olduk&ccedil;a pop&uuml;ler k\u0131lm\u0131\u015ft\u0131r.<\/p>\n<p>2016 y\u0131l\u0131nda \u015fark\u0131c\u0131 ve oyuncu Murat Boz ile Karde\u015fim Benim filminde rol ald\u0131. 2017 y\u0131l\u0131nda bir &ouml;nceki filmi Karde\u015fim Benim 2&#8217;nin devam filmini yapt\u0131.<\/p>\n<p><strong>2019-mevcut Kurulu\u015f: Osman<\/strong><br \/>2018 y\u0131l\u0131nda Kerem B&uuml;rsin&#8217;le birlikte Can Feda filminde rol alarak &#8220;2018 Y\u0131l\u0131n\u0131n En Be\u011fenilen Erkek Oyuncusu&#8221; &ouml;d&uuml;l&uuml;n&uuml; kazand\u0131.<\/p>\n<p>&Ouml;z&ccedil;ivit, \u015firketi BRK&#8217;S Production sayesinde de yap\u0131mc\u0131d\u0131r.<\/p>\n<p>&Ouml;z&ccedil;ivit&#8217;in ba\u015frol&uuml;nde yer ald\u0131\u011f\u0131 Kurulu\u015f: Osman dizisinin ilk sezonu 20 Kas\u0131m 2019 tarihinde T&uuml;rkiye&#8217;de g&ouml;sterime girdi. Dizi, &uuml;nl&uuml; dizi Dirili\u015f Ertu\u011frul&#8217;un kahraman\u0131 Ertu\u011frul&#8217;un Osmanl\u0131 hanedan\u0131n\u0131n o\u011flu ve halefi Osman Gazi&#8217;nin hik&acirc;yesini anlat\u0131yor. 3&#8217;&uuml; En \u0130yi Erkek Oyuncu Burak &Ouml;z&ccedil;ivit&#8217;in ald\u0131\u011f\u0131 10 &ouml;d&uuml;le lay\u0131k g&ouml;r&uuml;len dizi, aralar\u0131nda Pakistan, Arnavutluk ve Tunus&#8217;un da bulundu\u011fu 35 &uuml;lke taraf\u0131ndan sat\u0131n al\u0131nd\u0131.<\/p>\n","protected":false},"excerpt":{"rendered":"<p>Oscar \u00f6d\u00fcll\u00fc Amerikal\u0131 akt\u00f6r Kevin Spacey ile \u00e7ektirdi\u011fi foto\u011fraf\u0131n\u0131 sosyal medya hesab\u0131nda payla\u015fan Burak \u00d6z\u00e7ivit bin pi\u015fman oldu. \u00dcnl\u00fc oyuncu, ismi otuzu a\u015fk\u0131n taciz su\u00e7lamas\u0131yla an\u0131lan akt\u00f6rle foto\u011fraf\u0131n\u0131 gelen tepkiler \u00fczerine silmek zorunda kald\u0131. Burak &Ouml;z&ccedil;ivit, Katarl\u0131 i\u015f insan\u0131 Adel Ali Binali&#8217;nin daveti &uuml;zerine Katar&#8217;a gitti. Burada iki Oscar &ouml;d&uuml;ll&uuml; oyuncu Kevin Spacey ile ulu\u015fan [&hellip;]<\/p>\n","protected":false},"author":2,"featured_media":52201,"comment_status":"closed","ping_status":"open","sticky":false,"template":"","format":"standard","meta":{"rank_math_lock_modified_date":false,"footnotes":""},"categories":[76],"tags":[2154,3406,40908,3169,40909],"class_list":["post-52202","post","type-post","status-publish","format-standard","has-post-thumbnail","hentry","category-magazin","tag-burak-ozcivit","tag-katar","tag-kevin-spacey","tag-sosyal-medya","tag-taciz-suclamasi"],"_links":{"self":[{"href":"https:\/\/www.tgrthaber.com\/mavikadin\/wp-json\/wp\/v2\/posts\/52202"}],"collection":[{"href":"https:\/\/www.tgrthaber.com\/mavikadin\/wp-json\/wp\/v2\/posts"}],"about":[{"href":"https:\/\/www.tgrthaber.com\/mavikadin\/wp-json\/wp\/v2\/types\/post"}],"author":[{"embeddable":true,"href":"https:\/\/www.tgrthaber.com\/mavikadin\/wp-json\/wp\/v2\/users\/2"}],"replies":[{"embeddable":true,"href":"https:\/\/www.tgrthaber.com\/mavikadin\/wp-json\/wp\/v2\/comments?post=52202"}],"version-history":[{"count":1,"href":"https:\/\/www.tgrthaber.com\/mavikadin\/wp-json\/wp\/v2\/posts\/52202\/revisions"}],"predecessor-version":[{"id":52203,"href":"https:\/\/www.tgrthaber.com\/mavikadin\/wp-json\/wp\/v2\/posts\/52202\/revisions\/52203"}],"wp:featuredmedia":[{"embeddable":true,"href":"https:\/\/www.tgrthaber.com\/mavikadin\/wp-json\/wp\/v2\/media\/52201"}],"wp:attachment":[{"href":"https:\/\/www.tgrthaber.com\/mavikadin\/wp-json\/wp\/v2\/media?parent=52202"}],"wp:term":[{"taxonomy":"category","embeddable":true,"href":"https:\/\/www.tgrthaber.com\/mavikadin\/wp-json\/wp\/v2\/categories?post=52202"},{"taxonomy":"post_tag","embeddable":true,"href":"https:\/\/www.tgrthaber.com\/mavikadin\/wp-json\/wp\/v2\/tags?post=52202"}],"curies":[{"name":"wp","href":"https:\/\/api.w.org\/{rel}","templated":true}]}}