{"id":52205,"date":"2022-12-12T16:36:58","date_gmt":"2022-12-12T13:36:58","guid":{"rendered":"https:\/\/new.mavikadin.com\/?p=52205"},"modified":"2024-09-16T14:11:40","modified_gmt":"2024-09-16T11:11:40","slug":"acun-ilicali-survivor-2023te-yarisacak-ilk-ismi-acikladi","status":"publish","type":"post","link":"https:\/\/www.tgrthaber.com\/mavikadin\/acun-ilicali-survivor-2023te-yarisacak-ilk-ismi-acikladi\/","title":{"rendered":"Acun Il\u0131cal\u0131 Survivor 2023&#8217;te yar\u0131\u015facak ilk ismi a\u00e7\u0131klad\u0131!"},"content":{"rendered":"<p>Acun Il\u0131cal\u0131, Survivor 2023&#8217;te yar\u0131\u015facak ilk ismi sosyal medya hesab\u0131ndan son dakika olarak a\u00e7\u0131klad\u0131. Son zamanlarda sportif haliyle g\u00fcndemden d\u00fc\u015fmeyen Berdan Mardini Survivor 2023&#8217;e kat\u0131lacak ilk yar\u0131\u015fmac\u0131 oldu.<\/p>\n<p>Acun Il\u0131cal\u0131 Survivor 2023 i&ccedil;in &ccedil;al\u0131\u015fmalara ba\u015flad\u0131. MasterChef T&uuml;rkiye&#8217;nin bitmesiyle Survivor maceras\u0131 ba\u015flayan Acun Il\u0131cal\u0131, bu y\u0131l Survivor&#8217;da yar\u0131\u015facak ilk ismin \u015fark\u0131c\u0131 Berdan Mardini oldu\u011funu duyurdu.<\/p>\n<p>Survivor 2023 yar\u0131\u015fmac\u0131lar\u0131n\u0131n kimler oldu\u011fu merak ediliyordu. &Ouml;zellikle &uuml;nl&uuml; isimlerin kimler olaca\u011f\u0131 konu\u015fulmaya ba\u015flanm\u0131\u015f hatta ge&ccedil;ti\u011fimiz g&uuml;nlerde, e\u015finden yak\u0131n zamanda bo\u015fanan Merve Bolu\u011fur&#8217;un Survivor&#8217;a kat\u0131laca\u011f\u0131 iddia edilmi\u015fti. Acun Il\u0131cal\u0131&#8217;n\u0131n yap\u0131mc\u0131l\u0131\u011f\u0131n\u0131 &uuml;stlendi\u011fi ve sahibi oldu\u011fu TV8 kanal\u0131nda yay\u0131nlanan Survivor&#8217;\u0131n yeni sezonunda All Star ve Fenomenler olarak iki ayr\u0131 tak\u0131m olaca\u011f\u0131 iddia edilmi\u015fti.<\/p>\n<h3><strong>FORMAT DE\u011e\u0130\u015eT\u0130<\/strong><\/h3>\n<p>&Ouml;nceki g&uuml;nlerde yeni sezon tan\u0131t\u0131m\u0131n\u0131 yapan Il\u0131cal\u0131 yeni formattaki yar\u0131\u015fmay\u0131; &#8216;Ada ya\u015fam\u0131 ya da performans\u0131n d\u0131\u015f\u0131nda akl\u0131n da &ouml;n planda oldu\u011fu yeni bir Survivor geliyor. &#8216;Ya\u015f\u0131m var, hafif kilom var, &ccedil;ok y&uuml;zemem, &ccedil;ok ko\u015famam&#8217; demeyin belki de pratik zekan\u0131z size oyunlar\u0131 kazand\u0131racak&#8217; s&ouml;zleriyle anlatm\u0131\u015ft\u0131.<\/p>\n<p><img decoding=\"async\" src=\"https:\/\/static.mavikadin.com\/images\/haberler\/22-12\/12\/acun_ilicali_survivor_2023_te_yarisacak_ilk_ismi_acikladi-2-1670853165.jpg\" alt=\"\" title=\"\"><\/p>\n<h3><strong>BERDAN MARD\u0130N\u0130 SURVIVOR 2023&#8217;E G\u0130D\u0130YOR<\/strong><\/h3>\n<p>Survivor&#8217;\u0131n 2023 y\u0131l\u0131nda yay\u0131nlanacak yeni sezonuna ilk olarak, son zamanlarda spor yapmaya a\u011f\u0131rl\u0131k veren ve s\u0131k s\u0131k spor yapt\u0131\u011f\u0131 anlara ait foto\u011fraf ve videolar\u0131 sosyal medya hesab\u0131ndan payla\u015fan Berdan Mardini kat\u0131ld\u0131. Mardini&#8217;nin yapt\u0131\u011f\u0131 spor &ccedil;al\u0131\u015fmalar\u0131n\u0131n Survivor i&ccedil;in yapt\u0131\u011f\u0131 yorumlar\u0131na neden oldu.&nbsp;<\/p>\n<p><img decoding=\"async\" src=\"https:\/\/static.mavikadin.com\/images\/haberler\/22-12\/12\/acun_ilicali_survivor_2023_te_yarisacak_ilk_ismi_acikladi-4.jpg\" alt=\"\" title=\"\"><\/p>\n<h3><strong>G\u0130YD\u0130\u011e\u0130 TAYTLAR G&Uuml;NDEM OLMU\u015eTU<\/strong><\/h3>\n<p>&Uuml;nl&uuml; \u015fark\u0131c\u0131 Berdan Mardini, spor yaparken payla\u015ft\u0131\u011f\u0131 tayt ve atletli g&ouml;r&uuml;nt&uuml;lerinin alt\u0131na &#8216;Berdan Tayt\u0131&#8217; diyerek kendisiyle dalga ge&ccedil;mi\u015fti. Daha sonra taytl\u0131 poz vermeye devam eden &uuml;nl&uuml; isim, g&uuml;ndemde kalmaya devam etti.<\/p>\n<h3><strong>BERDAN MARD\u0130N\u0130 K\u0130MD\u0130R?<\/strong><\/h3>\n<p>Berdan Mardini 5 Kas\u0131m 1978 tarihinde Diyarbak\u0131r&#8217;da do\u011fdu. &nbsp;As\u0131l ad\u0131 Engin Karademir olan Mardini aslen Mardin&#8217;in Yaylaba\u015f\u0131 k&ouml;y&uuml;ndendir. 6 karde\u015fi olan \u015fark\u0131c\u0131n\u0131n babas\u0131 \u015eerif Mardini bir devlet memuruydu. Babas\u0131n\u0131n mesle\u011fi nedeniyle e\u011fitimini de\u011fi\u015fik illerde s&uuml;rd&uuml;rmek zorunda kald\u0131. \u0130lkokul ikinci s\u0131n\u0131fa kadar Diyarbak\u0131r&#8217;\u0131n &Ccedil;\u0131nar il&ccedil;esinde okudu. Daha sonra babas\u0131n\u0131n tayini &ccedil;\u0131k\u0131nca, ailesiyle birlikte Isparta&#8217;n\u0131n Gelendost il&ccedil;esine ta\u015f\u0131nd\u0131. \u0130lkokul &uuml;&ccedil;&uuml;nc&uuml; s\u0131n\u0131fa Gelendost&#8217;ta devam etti. O y\u0131llarda yetene\u011fi &ouml;n plana &ccedil;\u0131kmaya ba\u015fl\u0131yordu. Okulda oynad\u0131\u011f\u0131 piyes, tiyatro gibi sanat alanlar\u0131nda sesinin g&uuml;zelli\u011fi &ccedil;evresi taraf\u0131ndan fark edildi.<\/p>\n<p>\u0130lkokul 5.s\u0131n\u0131fta d&uuml;zenlenen il&ccedil;eler aras\u0131 \u015fiir yar\u0131\u015fmas\u0131nda &uuml;&ccedil;&uuml;nc&uuml; oldu. Daha sonra ortaokulda &uuml;&ccedil;, lisede iki sene tiyatro oynad\u0131. Yine okulun d&uuml;zenlemi\u015f oldu\u011fu ses yar\u0131\u015fmas\u0131nda birinci oldu. Babas\u0131 emekli olunca, ablas\u0131 ve a\u011fabeyinin ya\u015fad\u0131\u011f\u0131 \u0130stanbul&#8217;a yerle\u015fmek zorunda kald\u0131. Avc\u0131lar S&uuml;leyman Nazif Lisesi&#8217;nde e\u011fitimine Lise &uuml;&ccedil;&uuml;nc&uuml; s\u0131n\u0131ftan devam etti. Bir senelik okul ya\u015fant\u0131s\u0131 i&ccedil;erisinde yine okulun d&uuml;zenledi\u011fi konser ve faaliyetlerde yer ald\u0131. Liseden sonra i\u015f hayat\u0131na at\u0131ld\u0131.<\/p>\n<p>Babas\u0131n\u0131n tekstil firmas\u0131nda karde\u015fleriyle birlikte &ccedil;al\u0131\u015f\u0131rken iki sene sonra firmalar\u0131n\u0131n yak\u0131n\u0131ndaki ba\u011flama kursuna yaz\u0131ld\u0131. Orada &ccedil;ok iyi ba\u011flama &ccedil;alan birine rastlad\u0131. Bir gece onunla birlikte Avc\u0131lar sahilde bir bara gidip e\u011flenmeye karar verdiler. O barda ses d&uuml;zeni hen&uuml;z yeni kuruldu\u011fu i&ccedil;in herkes kendi masas\u0131nda &ccedil;al\u0131p s&ouml;yl&uuml;yordu. Kendi kendilerine m\u0131r\u0131ldan\u0131rken bar\u0131n sahibi rica etti ve ses d&uuml;zeniyle okumas\u0131n\u0131 istedi. Orada bir iki t&uuml;rk&uuml; okuyunca &ccedil;ok be\u011fenildi ve geceleri sahneye &ccedil;\u0131kmas\u0131 istendi.<\/p>\n<p>Bu d&ouml;nemde sabahtan ak\u015fama kadar tekstil at&ouml;lyesinde &ccedil;al\u0131\u015fan ve i\u015ften sonra da ailesinden gizli olarak sahne hayat\u0131na ba\u015flayan Mardini&#8217;yw \u0130stanbul&#8217;un de\u011fi\u015fik semtlerinden teklifler gelmeye ba\u015flad\u0131. Bu arada profesyonel anlamda m&uuml;zi\u011fe merak sarmaya ba\u015flam\u0131\u015f ve teklifleri de\u011ferlendirme karar\u0131 alm\u0131\u015ft\u0131. Konfeksiyon hayat\u0131na son verip Bak\u0131rk&ouml;y Prestij Bar&#8217;dan gelen teklifi do\u011frultusunda orada &ccedil;al\u0131\u015fmaya ba\u015flad\u0131. Prestij Bar&#8217;da sahne almaya ba\u015flad\u0131ktan sonra, farkl\u0131 bir&ccedil;ok teklifler gelmeye ba\u015flad\u0131. Profesyonel bir m&uuml;zik hayat\u0131 i&ccedil;in nota ve solfej dersleri alarak kendisini bu anlamda geli\u015ftirmeye ba\u015flad\u0131.<\/p>\n<p>Konservatuar s\u0131navlar\u0131na giren fakat bu s\u0131navlarda ba\u015far\u0131l\u0131 olamayan Berdan Mardini, birka&ccedil; y\u0131l Bak\u0131rk&ouml;y&#8217;de sahne ald\u0131ktan sonra profesyonel &ccedil;al\u0131\u015fmas\u0131 2000 y\u0131l\u0131n\u0131n kas\u0131m ay\u0131nda piyasaya &ccedil;\u0131kt\u0131. Canan Prod&uuml;ksiyon taraf\u0131ndan yap\u0131lan alb&uuml;m&uuml;, gerek yap\u0131m hatas\u0131 gerekse tan\u0131t\u0131m hatas\u0131 bar\u0131nd\u0131rmas\u0131 sebebiyle kitlelere onu ula\u015ft\u0131ramaazken 2002 y\u0131l\u0131nda istedi\u011fi alb&uuml;m&uuml; yapt\u0131.<\/p>\n<p><strong>&Ouml;zel Hayat\u0131<\/strong><\/p>\n<p>Berdan Mardini, 13 Ocak 2010 tarihinde Fato\u015f Mardini ile evlendi. Miran ad\u0131nda bir o\u011flu, 8 ya\u015f\u0131nda Ezmira ad\u0131nda bir k\u0131z\u0131 vard\u0131r. 29 Mart 2021 tarihinde e\u015fiyle anla\u015fmal\u0131 olarak bo\u015fand\u0131. \u015eu anda S\u0131rp Morena Taraku ile arkada\u015fl\u0131klar\u0131n\u0131n oldu\u011fu bilinmektedir.<\/p>\n","protected":false},"excerpt":{"rendered":"<p>Acun Il\u0131cal\u0131, Survivor 2023&#8217;te yar\u0131\u015facak ilk ismi sosyal medya hesab\u0131ndan son dakika olarak a\u00e7\u0131klad\u0131. Son zamanlarda sportif haliyle g\u00fcndemden d\u00fc\u015fmeyen Berdan Mardini Survivor 2023&#8217;e kat\u0131lacak ilk yar\u0131\u015fmac\u0131 oldu. Acun Il\u0131cal\u0131 Survivor 2023 i&ccedil;in &ccedil;al\u0131\u015fmalara ba\u015flad\u0131. MasterChef T&uuml;rkiye&#8217;nin bitmesiyle Survivor maceras\u0131 ba\u015flayan Acun Il\u0131cal\u0131, bu y\u0131l Survivor&#8217;da yar\u0131\u015facak ilk ismin \u015fark\u0131c\u0131 Berdan Mardini oldu\u011funu duyurdu. Survivor [&hellip;]<\/p>\n","protected":false},"author":2,"featured_media":52204,"comment_status":"closed","ping_status":"open","sticky":false,"template":"","format":"standard","meta":{"rank_math_lock_modified_date":false,"footnotes":""},"categories":[76],"tags":[38195,5831,40910,40911,38194],"class_list":["post-52205","post","type-post","status-publish","format-standard","has-post-thumbnail","hentry","category-magazin","tag-acun-ilicali","tag-berdan-mardini","tag-survivor-2023","tag-survivor-yarismacilari","tag-tv8"],"_links":{"self":[{"href":"https:\/\/www.tgrthaber.com\/mavikadin\/wp-json\/wp\/v2\/posts\/52205"}],"collection":[{"href":"https:\/\/www.tgrthaber.com\/mavikadin\/wp-json\/wp\/v2\/posts"}],"about":[{"href":"https:\/\/www.tgrthaber.com\/mavikadin\/wp-json\/wp\/v2\/types\/post"}],"author":[{"embeddable":true,"href":"https:\/\/www.tgrthaber.com\/mavikadin\/wp-json\/wp\/v2\/users\/2"}],"replies":[{"embeddable":true,"href":"https:\/\/www.tgrthaber.com\/mavikadin\/wp-json\/wp\/v2\/comments?post=52205"}],"version-history":[{"count":1,"href":"https:\/\/www.tgrthaber.com\/mavikadin\/wp-json\/wp\/v2\/posts\/52205\/revisions"}],"predecessor-version":[{"id":52206,"href":"https:\/\/www.tgrthaber.com\/mavikadin\/wp-json\/wp\/v2\/posts\/52205\/revisions\/52206"}],"wp:featuredmedia":[{"embeddable":true,"href":"https:\/\/www.tgrthaber.com\/mavikadin\/wp-json\/wp\/v2\/media\/52204"}],"wp:attachment":[{"href":"https:\/\/www.tgrthaber.com\/mavikadin\/wp-json\/wp\/v2\/media?parent=52205"}],"wp:term":[{"taxonomy":"category","embeddable":true,"href":"https:\/\/www.tgrthaber.com\/mavikadin\/wp-json\/wp\/v2\/categories?post=52205"},{"taxonomy":"post_tag","embeddable":true,"href":"https:\/\/www.tgrthaber.com\/mavikadin\/wp-json\/wp\/v2\/tags?post=52205"}],"curies":[{"name":"wp","href":"https:\/\/api.w.org\/{rel}","templated":true}]}}