{"id":52208,"date":"2022-12-13T11:19:18","date_gmt":"2022-12-13T08:19:18","guid":{"rendered":"https:\/\/new.mavikadin.com\/?p=52208"},"modified":"2024-09-16T14:11:45","modified_gmt":"2024-09-16T11:11:45","slug":"mehmet-dincerler-hakkindaki-iddialara-ilk-kez-yanit-verdi","status":"publish","type":"post","link":"https:\/\/www.tgrthaber.com\/mavikadin\/mehmet-dincerler-hakkindaki-iddialara-ilk-kez-yanit-verdi\/","title":{"rendered":"Mehmet Din\u00e7erler hakk\u0131ndaki iddialara ilk kez yan\u0131t verdi"},"content":{"rendered":"<p>Hadise ile arkada\u015fl\u0131\u011f\u0131, evlili\u011fi ve bo\u015fanmas\u0131 olayl\u0131 ge\u00e7en i\u015f insan\u0131 Mehmet Din\u00e7erler, kat\u0131ld\u0131\u011f\u0131 bir programda kendisine \u00f6zel hayat\u0131yla ilgili sorular\u0131n sorulmas\u0131 \u00fczerine hakk\u0131nda \u00e7\u0131kan t\u00fcm iddialara cevap verdi.<\/p>\n<p>Hadise ile evlili\u011fi olayl\u0131 bir \u015fekilde biten i\u015f insan\u0131 Mehmet Din&ccedil;erler, hakk\u0131ndaki iddialar ile ilgili ilk kez tek tek cevap verdi. &Ouml;nceki g&uuml;n A Para program\u0131na kat\u0131lan ve burada arkada\u015f\u0131 Funda Karayel&#8217;in sorular\u0131n\u0131 yan\u0131tlayan &uuml;nl&uuml; isme, \u015fark\u0131c\u0131 Hadise&#8217;ye hediye etti\u011fi ve sahte &ccedil;\u0131kt\u0131\u011f\u0131 y&ouml;n&uuml;nde haberlerin &ccedil;\u0131kt\u0131\u011f\u0131 y&uuml;z&uuml;k ile ilgili de a&ccedil;\u0131klama yapt\u0131.<\/p>\n<p>&#8221;Y&uuml;z&uuml;k sahte de\u011fil, b&ouml;yle bir \u015fey olabilir mi? \u0130li\u015fkiyi y\u0131pratmak i&ccedil;in yap\u0131lan \u015feylerdi. Konu\u015fmaya tenezz&uuml;l etmedim, &ccedil;&uuml;nk&uuml; ne s&ouml;ylesem zaten tersi yaz\u0131l\u0131yordu. Bir itibar suikast\u0131 vard\u0131. Bu s&uuml;re&ccedil;te herkes istedi\u011fini s&ouml;yledi. Ben hi&ccedil;bir zaman bunlara cevap vermeye tenezz&uuml;l etmedim. &Ouml;nemli olan bunun maddi de\u011ferinden ziyade sembolik de\u011ferinin oldu\u011funu d&uuml;\u015f&uuml;n&uuml;yorum. Mutlu bir beraberlik varken y&uuml;z&uuml;\u011f&uuml;n de\u011ferinin konu\u015fulmas\u0131 &ccedil;ok sa&ccedil;ma&#8221;<\/p>\n<p><img decoding=\"async\" src=\"https:\/\/static.mavikadin.com\/images\/haberler\/22-12\/13\/mehmet_dincerler_hakkindaki_iddialara_ilk_kez_yanit_verdi-6.jpg\" alt=\"\" title=\"\"><\/p>\n<h3><strong>BU HABER E\u011eLENCEL\u0130 ASLINDA<\/strong><\/h3>\n<p>&#8216;Bo\u015fand\u0131ktan sonra robot s&uuml;p&uuml;rge ve g&uuml;m&uuml;\u015f tepsiyi geri ald\u0131n m\u0131&#8217; sorusunu da yan\u0131tlayan i\u015f insan\u0131, &#8221;Bu e\u011flenceli haber asl\u0131nda. \u0130nsanlar da &ccedil;ok e\u011flenceli boyutlara ta\u015f\u0131d\u0131. Ben de g&ouml;rd&uuml;k&ccedil;e g&uuml;l&uuml;yorum. \u0130nsanlara e\u011flence &ccedil;\u0131kt\u0131. Hayat\u0131m boyunca ufak tefek \u015feylerin pe\u015finde ko\u015fan biri olmad\u0131m. Maddiyat ve e\u015fyalar\u0131n pe\u015finde ko\u015fan bir s&uuml;re&ccedil; ya\u015famad\u0131k&#8217; dedi.<\/p>\n<p><img decoding=\"async\" src=\"https:\/\/static.mavikadin.com\/images\/haberler\/22-12\/13\/mehmet_dincerler_hakkindaki_iddialara_ilk_kez_yanit_verdi-5.jpg\" alt=\"\" title=\"\"><\/p>\n<h3><strong>YAPTI\u011eIM \u0130&Ccedil;\u0130N UTAN&Ccedil; DUYDUM<\/strong><\/h3>\n<p>Din&ccedil;erler, ge&ccedil;mi\u015fte att\u0131\u011f\u0131, bo\u015fanma d&ouml;neminde g&uuml;ndem olan tweetleri i&ccedil;in de &ouml;z&uuml;r diledi; &#8221;Tweetlerin ortaya &ccedil;\u0131k\u0131\u015f zaman\u0131nda bir kas\u0131t oldu\u011funu d&uuml;\u015f&uuml;nm&uuml;yorum. O s&uuml;re&ccedil;te biz g&ouml;z &ouml;n&uuml;ndeydik ve herkes bir \u015feyler &uuml;retmeye &ccedil;al\u0131\u015f\u0131yordu. O da birilerinin ilgisini &ccedil;ekmi\u015f herhalde. Cahilceydi. &Ccedil;ok k&uuml;&ccedil;&uuml;k ya\u015fta att\u0131\u011f\u0131m sa&ccedil;ma sapan \u015feylerdi. Herkesten &ouml;z&uuml;r dilerim&#8221; dedi.<\/p>\n<p><img decoding=\"async\" src=\"https:\/\/static.mavikadin.com\/images\/haberler\/22-12\/13\/mehmet_dincerler_hakkindaki_iddialara_ilk_kez_yanit_verdi-4.jpg\" alt=\"\" title=\"\"><\/p>\n<p>Din&ccedil;erler&#8217;e annesiyle ilgili tweeti soruldu\u011funda ise; &#8221;Ben annemi &ccedil;ok seviyorum, benim i&ccedil;in &ccedil;ok k\u0131ymetli bir insan. B&ouml;yle olmas\u0131 gerekmiyor mu? Anne en k\u0131ymetli varl\u0131k de\u011fil mi? &Uuml;&ccedil; tane aslan gibi evlat yeti\u015ftirmi\u015f bir kad\u0131n. Herkesin yeri farkl\u0131d\u0131r. Anneme olan sevgimi &ouml;mr&uuml;m&uuml;n sonuna kadar kalbimde ta\u015f\u0131yaca\u011f\u0131m. Dostunu, karde\u015fini, sevgilini de &ccedil;ok seversin ama hepsinin yeri ayr\u0131d\u0131r&#8221; ifadelerine yer verdi.<\/p>\n<p><img decoding=\"async\" src=\"https:\/\/static.mavikadin.com\/images\/haberler\/22-12\/13\/mehmet_dincerler_hakkindaki_iddialara_ilk_kez_yanit_verdi-10.jpg\" alt=\"\" title=\"\"><\/p>\n<h3><strong>Y&Uuml;Z&Uuml;\u011e&Uuml; G&Uuml;NLERCE G&Uuml;NDEMDE KALMI\u015eTI<\/strong><\/h3>\n<p>Hadise, i\u015f insan\u0131 Mehmet Din&ccedil;erler&#8217;den ge&ccedil;ti\u011fimiz ocak ay\u0131nda evlilik teklifi alm\u0131\u015f ve bu teklife &#8216;evet&#8217; cevab\u0131n\u0131 vermi\u015fti. Din&ccedil;erler&#8217;in \u015fark\u0131c\u0131ya evlilik teklif etti\u011fi s\u0131rada hediye etti\u011fi y&uuml;z&uuml;k uzun s&uuml;re g&uuml;ndem olmu\u015f ve ara\u015ft\u0131r\u0131lm\u0131\u015ft\u0131. 3 milyon de\u011ferinde bir tekta\u015f oldu\u011fu iddia edilen y&uuml;z&uuml;\u011f&uuml;n bo\u015fanma s\u0131ras\u0131nda ortaya at\u0131lan iddialara g&ouml;re sahte oldu\u011fu ortaya &ccedil;\u0131km\u0131\u015ft\u0131. Bo\u015fanma sonras\u0131 &#8216;sahte y&uuml;z&uuml;k&#8217; iddialar\u0131na iki taraf da cevap vermemi\u015fti.<\/p>\n<p>&nbsp;<\/p>\n","protected":false},"excerpt":{"rendered":"<p>Hadise ile arkada\u015fl\u0131\u011f\u0131, evlili\u011fi ve bo\u015fanmas\u0131 olayl\u0131 ge\u00e7en i\u015f insan\u0131 Mehmet Din\u00e7erler, kat\u0131ld\u0131\u011f\u0131 bir programda kendisine \u00f6zel hayat\u0131yla ilgili sorular\u0131n sorulmas\u0131 \u00fczerine hakk\u0131nda \u00e7\u0131kan t\u00fcm iddialara cevap verdi. Hadise ile evlili\u011fi olayl\u0131 bir \u015fekilde biten i\u015f insan\u0131 Mehmet Din&ccedil;erler, hakk\u0131ndaki iddialar ile ilgili ilk kez tek tek cevap verdi. &Ouml;nceki g&uuml;n A Para program\u0131na kat\u0131lan [&hellip;]<\/p>\n","protected":false},"author":2,"featured_media":52207,"comment_status":"closed","ping_status":"open","sticky":false,"template":"","format":"standard","meta":{"rank_math_lock_modified_date":false,"footnotes":""},"categories":[76],"tags":[154,77,40912,2613,39903],"class_list":["post-52208","post","type-post","status-publish","format-standard","has-post-thumbnail","hentry","category-magazin","tag-bosanma","tag-hadise","tag-iddialar","tag-mehmet-dincerler","tag-yuzuk"],"_links":{"self":[{"href":"https:\/\/www.tgrthaber.com\/mavikadin\/wp-json\/wp\/v2\/posts\/52208"}],"collection":[{"href":"https:\/\/www.tgrthaber.com\/mavikadin\/wp-json\/wp\/v2\/posts"}],"about":[{"href":"https:\/\/www.tgrthaber.com\/mavikadin\/wp-json\/wp\/v2\/types\/post"}],"author":[{"embeddable":true,"href":"https:\/\/www.tgrthaber.com\/mavikadin\/wp-json\/wp\/v2\/users\/2"}],"replies":[{"embeddable":true,"href":"https:\/\/www.tgrthaber.com\/mavikadin\/wp-json\/wp\/v2\/comments?post=52208"}],"version-history":[{"count":1,"href":"https:\/\/www.tgrthaber.com\/mavikadin\/wp-json\/wp\/v2\/posts\/52208\/revisions"}],"predecessor-version":[{"id":52209,"href":"https:\/\/www.tgrthaber.com\/mavikadin\/wp-json\/wp\/v2\/posts\/52208\/revisions\/52209"}],"wp:featuredmedia":[{"embeddable":true,"href":"https:\/\/www.tgrthaber.com\/mavikadin\/wp-json\/wp\/v2\/media\/52207"}],"wp:attachment":[{"href":"https:\/\/www.tgrthaber.com\/mavikadin\/wp-json\/wp\/v2\/media?parent=52208"}],"wp:term":[{"taxonomy":"category","embeddable":true,"href":"https:\/\/www.tgrthaber.com\/mavikadin\/wp-json\/wp\/v2\/categories?post=52208"},{"taxonomy":"post_tag","embeddable":true,"href":"https:\/\/www.tgrthaber.com\/mavikadin\/wp-json\/wp\/v2\/tags?post=52208"}],"curies":[{"name":"wp","href":"https:\/\/api.w.org\/{rel}","templated":true}]}}