{"id":52217,"date":"2022-12-13T13:41:27","date_gmt":"2022-12-13T10:41:27","guid":{"rendered":"https:\/\/new.mavikadin.com\/?p=52217"},"modified":"2024-09-16T14:12:02","modified_gmt":"2024-09-16T11:12:02","slug":"gizem-ozdilliden-sasirtan-aciklama-bu-saatten-sonra-kim-ne-yapacak-beni","status":"publish","type":"post","link":"https:\/\/www.tgrthaber.com\/mavikadin\/gizem-ozdilliden-sasirtan-aciklama-bu-saatten-sonra-kim-ne-yapacak-beni\/","title":{"rendered":"Gizem \u00d6zdilli&#8217;den \u015fa\u015f\u0131rtan a\u00e7\u0131klama; Bu saatten sonra kim ne yapacak beni?"},"content":{"rendered":"<p>Eski manken Gizem \u00d6zdilli ge\u00e7ti\u011fimiz g\u00fcn Ni\u015fanta\u015f\u0131 City\u2019s al\u0131\u015fveri\u015f merkezinde objektiflere yans\u0131d\u0131.<\/p>\n<p>Bir d&ouml;nemin en &ccedil;ok konu\u015fulan isimlerinden Gizem &Ouml;zdilli &ouml;nceki g&uuml;n Ni\u015fanta\u015f\u0131&#8217;nda g&ouml;r&uuml;nt&uuml;lendi. Eski manken gazetecilerin sorular\u0131n\u0131 yan\u0131tlad\u0131 ve 27 y\u0131l mankenlik yapt\u0131\u011f\u0131n\u0131 s&ouml;yledi.<\/p>\n<p>&#8221;Mesle\u011fime sa\u011fl\u0131kl\u0131 oldu\u011fum s&uuml;rece devam edece\u011fim. Sa\u011fl\u0131kl\u0131 besleniyorum ve fizi\u011fime &ccedil;ok iyi bak\u0131yorum. Emekli olmaya hi&ccedil; niyetim yok&#8221;<\/p>\n<h3><strong>\u015eA\u015eIRTAN A&Ccedil;IKLAMA<\/strong><\/h3>\n<p>&Ouml;zdilli, &ouml;zel hayat\u0131yla ilgili \u015funlar\u0131 s&ouml;yledi; &#8221;Hayat\u0131mda kimse yok. Daha &ouml;nce iki kere evlenme teklifi ald\u0131m ama olmad\u0131. Bu saatten sonra evlilik olmaz, kim ne yapacak beni?&#8221;<\/p>\n<p><img decoding=\"async\" src=\"https:\/\/static.mavikadin.com\/images\/haberler\/22-12\/13\/gizem_ozdilli_den_sasirtan_aciklama-2.jpg\" alt=\"\" title=\"\"><\/p>\n<h3><strong>\u0130\u015eTE BEN\u0130M ST\u0130L\u0130M PROGRAMINDA B\u0130R\u0130NC\u0130 OLDU<\/strong><\/h3>\n<p>Gizem &Ouml;zdilli, 2016 y\u0131l\u0131nda d&uuml;zenlenen &#8216;\u0130\u015fte Benim Stilim 2016 &Uuml;nl&uuml;ler&#8217; yar\u0131\u015fmas\u0131nda birinci olarak b&uuml;y&uuml;k &ouml;d&uuml;l&uuml;n sahibi olmu\u015ftu. J&uuml;risinde; Neslihan Yarg\u0131c\u0131, Hakan Akkaya, \u0130vana Sert ve U\u011furkan Erez&rsquo;in yer ald\u0131\u011f\u0131 &#8221;\u0130\u015fte Benim Stilim 2016 Final Gecesi&#8217;ndeTu\u011f&ccedil;e &Ouml;zbudak, Gizem &Ouml;zdilli, Berna &Ouml;zt&uuml;rk, Pelin Suade ve Simge Tertemiz&#8217;in aralar\u0131nda bulundu\u011fu 5 finalistten birinci olan yar\u0131\u015fmac\u0131 G\u0130zem &Ouml;zdilli olmu\u015ftu.<\/p>\n<h3><strong>G\u0130ZEM &Ouml;ZD\u0130LL\u0130 K\u0130MD\u0130R?<\/strong><\/h3>\n<p>Gizem &Ouml;zdilli, 13 A\u011fustos 1972 y\u0131l\u0131nda Ankara&#8217;da do\u011fdu. 61 kilogram a\u011f\u0131rl\u0131\u011f\u0131 ve 170 boyu bulunmaktad\u0131r.<\/p>\n<p>Liseyi bitirdikten sonra ilk olarak T&uuml;lin Zerafet Okulu ve Miraj Ajans&rsquo;a ba\u011fl\u0131 olarak mankenlik yapt\u0131. Ankara&lsquo;da bir sene mankenlik yapt\u0131ktan sonra mesle\u011fine \u0130stanbul&lsquo;da devam etti. Estetik ameliyatlar ge&ccedil;irdi. Bir s&uuml;re sonra \u015fark\u0131c\u0131l\u0131k yapmaya ba\u015flad\u0131.<\/p>\n<p>D&ouml;nemin yine kendisi gibi &uuml;nl&uuml; mankenleri Do\u011fa Bekleriz ve Nigar Talibova ile &ldquo;Adrenalin&rdquo; ad\u0131n\u0131 verdikleri bir m&uuml;zik grubu kurdu. Bir m&uuml;ddet sonra gurup da\u011f\u0131ld\u0131. Bu ayn\u0131 gurup \u0130stanbul, Ortak&ouml;y&rsquo;de &ldquo;Models&rdquo; isimli bir kafe de i\u015fletmi\u015ftir.<\/p>\n<p>2006 y\u0131l\u0131nda &ldquo;Kam&rdquo; ad\u0131 alt\u0131nda bir alb&uuml;m &ccedil;\u0131kard\u0131. Daha sonra da \u015fark\u0131c\u0131l\u0131\u011f\u0131 b\u0131rakt\u0131. 2012 y\u0131l\u0131nda &ccedil;\u0131kard\u0131\u011f\u0131 &ldquo;Gizem&rsquo;in Mutfak A\u015fk\u0131&rdquo; isimli yemek kitab\u0131yla d&uuml;nyan\u0131n en prestijli &ouml;d&uuml;lleri aras\u0131nda g&ouml;sterilen ve bir&ccedil;ok &uuml;lkeden yemek kitaplar\u0131n\u0131n yar\u0131\u015ft\u0131\u011f\u0131 Gourmand World Cookbooks Awards 2012 yar\u0131\u015fmas\u0131nda, ilk be\u015fe girmeyi ba\u015fard\u0131.Daha &ouml;nce de erkek arkada\u015flar\u0131 oldu ancak en &ccedil;ok Be\u015fikta\u015f Spor Kul&uuml;b&uuml;&rsquo;n&uuml;n eski ba\u015fkan\u0131 Serdar Bilgili ile birlikteli\u011fi konu\u015fuldu.<\/p>\n<p>Gizem &Ouml;zdilli, 15 A\u011fustos 2011 tarihinde Ankaral\u0131 i\u015fadam\u0131 Ufuk Ata&ccedil; ile dini nikah\u0131 ile evlendi. E\u015fi resmi nikah i&ccedil;in g&uuml;n vermeyince ili\u015fkisini ertesi g&uuml;n bitirdi.<\/p>\n","protected":false},"excerpt":{"rendered":"<p>Eski manken Gizem \u00d6zdilli ge\u00e7ti\u011fimiz g\u00fcn Ni\u015fanta\u015f\u0131 City\u2019s al\u0131\u015fveri\u015f merkezinde objektiflere yans\u0131d\u0131. Bir d&ouml;nemin en &ccedil;ok konu\u015fulan isimlerinden Gizem &Ouml;zdilli &ouml;nceki g&uuml;n Ni\u015fanta\u015f\u0131&#8217;nda g&ouml;r&uuml;nt&uuml;lendi. Eski manken gazetecilerin sorular\u0131n\u0131 yan\u0131tlad\u0131 ve 27 y\u0131l mankenlik yapt\u0131\u011f\u0131n\u0131 s&ouml;yledi. &#8221;Mesle\u011fime sa\u011fl\u0131kl\u0131 oldu\u011fum s&uuml;rece devam edece\u011fim. Sa\u011fl\u0131kl\u0131 besleniyorum ve fizi\u011fime &ccedil;ok iyi bak\u0131yorum. Emekli olmaya hi&ccedil; niyetim yok&#8221; \u015eA\u015eIRTAN A&Ccedil;IKLAMA [&hellip;]<\/p>\n","protected":false},"author":2,"featured_media":52216,"comment_status":"closed","ping_status":"open","sticky":false,"template":"","format":"standard","meta":{"rank_math_lock_modified_date":false,"footnotes":""},"categories":[76],"tags":[673,40915,7559,40916],"class_list":["post-52217","post","type-post","status-publish","format-standard","has-post-thumbnail","hentry","category-magazin","tag-gizem","tag-gizem-ozdilli","tag-iste-benim-stilim","tag-maniken"],"_links":{"self":[{"href":"https:\/\/www.tgrthaber.com\/mavikadin\/wp-json\/wp\/v2\/posts\/52217"}],"collection":[{"href":"https:\/\/www.tgrthaber.com\/mavikadin\/wp-json\/wp\/v2\/posts"}],"about":[{"href":"https:\/\/www.tgrthaber.com\/mavikadin\/wp-json\/wp\/v2\/types\/post"}],"author":[{"embeddable":true,"href":"https:\/\/www.tgrthaber.com\/mavikadin\/wp-json\/wp\/v2\/users\/2"}],"replies":[{"embeddable":true,"href":"https:\/\/www.tgrthaber.com\/mavikadin\/wp-json\/wp\/v2\/comments?post=52217"}],"version-history":[{"count":1,"href":"https:\/\/www.tgrthaber.com\/mavikadin\/wp-json\/wp\/v2\/posts\/52217\/revisions"}],"predecessor-version":[{"id":52218,"href":"https:\/\/www.tgrthaber.com\/mavikadin\/wp-json\/wp\/v2\/posts\/52217\/revisions\/52218"}],"wp:featuredmedia":[{"embeddable":true,"href":"https:\/\/www.tgrthaber.com\/mavikadin\/wp-json\/wp\/v2\/media\/52216"}],"wp:attachment":[{"href":"https:\/\/www.tgrthaber.com\/mavikadin\/wp-json\/wp\/v2\/media?parent=52217"}],"wp:term":[{"taxonomy":"category","embeddable":true,"href":"https:\/\/www.tgrthaber.com\/mavikadin\/wp-json\/wp\/v2\/categories?post=52217"},{"taxonomy":"post_tag","embeddable":true,"href":"https:\/\/www.tgrthaber.com\/mavikadin\/wp-json\/wp\/v2\/tags?post=52217"}],"curies":[{"name":"wp","href":"https:\/\/api.w.org\/{rel}","templated":true}]}}