{"id":52223,"date":"2022-12-13T15:02:24","date_gmt":"2022-12-13T12:02:24","guid":{"rendered":"https:\/\/new.mavikadin.com\/?p=52223"},"modified":"2024-09-16T14:12:22","modified_gmt":"2024-09-16T11:12:22","slug":"o-ses-turkiye-2023-yilbasi-ozel-jurisinde-inanilmaz-degisim","status":"publish","type":"post","link":"https:\/\/www.tgrthaber.com\/mavikadin\/o-ses-turkiye-2023-yilbasi-ozel-jurisinde-inanilmaz-degisim\/","title":{"rendered":"O Ses T\u00fcrkiye 2023 &#8216;y\u0131lba\u015f\u0131 \u00f6zel&#8217; j\u00fcrisinde inan\u0131lmaz de\u011fi\u015fim"},"content":{"rendered":"<p>2022&#8217;ye veda edilen 31 Aral\u0131k ak\u015fam\u0131 O Ses T\u00fcrkiye&#8217;de \u00fcnl\u00fclerin s\u00f6yledi\u011fi \u015fark\u0131larla \u00f6zel bir program haz\u0131rlan\u0131yordu. Acun Il\u0131cal\u0131, aralar\u0131nda husumet olan Ebru G\u00fcnde\u015f ve Hadise&#8217;yi yine bir araya getirmeyerek bir kadro olu\u015fturdu.<\/p>\n<p>Son y\u0131llarda adet oldu\u011fu &uuml;zere O Ses T&uuml;rkiye program\u0131 31 Aral\u0131k ak\u015fam\u0131 &uuml;nl&uuml;lerin kat\u0131l\u0131m\u0131yla bir program haz\u0131rl\u0131yor. Her y\u0131l j&uuml;rinin de\u011fi\u015fti\u011fi programda son iki y\u0131ld\u0131r Hadise ve Rezza Zarrab aras\u0131nda &ccedil;\u0131kan haberlerden sonra Ebru G&uuml;nde\u015f ile Hadise&#8217;nin bir araya gelmemesi dikkat &ccedil;ekmi\u015fti.<\/p>\n<p>Acun Il\u0131cal\u0131, bu y\u0131l j&uuml;ri koltu\u011funda oturacak &uuml;nl&uuml; isimleri a&ccedil;\u0131klad\u0131. Herkesin en merak etti\u011fi Hadise&#8217;nin Ebru G&uuml;nde\u015f ile birlikte yan yana oturup oturmayaca\u011f\u0131yd\u0131 ve beklenen oldu. Ebru G&uuml;nde\u015f&#8217;in de oldu\u011fu j&uuml;ri ekibinin i&ccedil;inde Hadise yer almad\u0131.<\/p>\n<p><img decoding=\"async\" src=\"https:\/\/static.mavikadin.com\/images\/haberler\/22-12\/13\/o_ses_turkiye_yilbasi_ozel_programinda_inanilmaz_degisim-2.jpg\" alt=\"\" title=\"\"><\/p>\n<p>Bu haberden sonra ikili aras\u0131ndaki olaylar\u0131n ger&ccedil;ek olup olmad\u0131\u011f\u0131 yeniden g&uuml;ndeme geldi. Ge&ccedil;ti\u011fimiz haftalarda Seren Serengil&#8217;in yapt\u0131\u011f\u0131 delillerle a&ccedil;\u0131klamada Hadise ile Ebru G&uuml;nde\u015f&#8217;in evli oldu\u011fu d&ouml;nemde Rezza Zarrab ile mesajla\u015ft\u0131\u011f\u0131 y&ouml;n&uuml;ndeki iddialar yeniden g&uuml;ndeme geldi.<\/p>\n<h3><strong>O SES 2023 &Ouml;ZEL PROGRAMINDA K\u0130MLER VAR<\/strong><\/h3>\n<p>Acun Il\u0131cal\u0131 ve TV8 ekibi, hen&uuml;z O Ses T&uuml;rkiye&#8217;ye kat\u0131lacak ve \u015fark\u0131 s&ouml;yleyecek &uuml;nl&uuml;lerin isimlerini a&ccedil;\u0131klamad\u0131 ancak y\u0131lba\u015f\u0131 &ouml;zel program\u0131nda yer alacak j&uuml;ri isimleri belli oldu. Beyaz\u0131t &Ouml;zt&uuml;rk, Seda Sayan, Y\u0131ld\u0131z Tilbe ve Ebru G&uuml;nde\u015f&#8217;in yer alaca\u011f\u0131 program &ccedil;ekimi hen&uuml;z ger&ccedil;ekle\u015fmedi.&nbsp;<\/p>\n<p><img decoding=\"async\" src=\"https:\/\/static.mavikadin.com\/images\/haberler\/22-12\/13\/o_ses_turkiye_yilbasi_ozel_programinda_inanilmaz_degisim-6.jpg\" alt=\"\" title=\"\"><\/p>\n<h3><strong>MURAT BOZ DA YOK<\/strong><\/h3>\n<p>Bu y\u0131l\u0131n son program\u0131 olacak olan ve yeni sezona merhaba diyecek O Ses T&uuml;rkiye program\u0131nda, y\u0131llard\u0131r Hadise gibi j&uuml;ri &uuml;yeli\u011fi yapan Murat Boz olmayacak. Boz&#8217;un yerine Beyaz geldi.<\/p>\n<p><img decoding=\"async\" src=\"https:\/\/static.mavikadin.com\/images\/haberler\/22-12\/13\/o_ses_turkiye_yilbasi_ozel_programinda_inanilmaz_degisim-3.jpg\" alt=\"\" title=\"\"><\/p>\n<h3><strong>YILLARA G&Ouml;RE O SES T&Uuml;RK\u0130YE J&Uuml;R\u0130 &Uuml;YELER\u0130<\/strong><\/h3>\n<p>O Ses T&uuml;rkiye, bir&ccedil;ok &uuml;lkede The Voice ad\u0131 ile yay\u0131mlanan \u015fark\u0131 yar\u0131\u015fmas\u0131 program\u0131n\u0131n T&uuml;rkiye versiyonudur. Yar\u0131\u015fma, 10 Ekim 2011 tarihinde T&uuml;rkiye&#8217;de Show TV&#8217;de yay\u0131mlanmaya ba\u015flad\u0131 ve 14 Mart 2012 tarihinde Show TV&#8217;ye veda etti. 2012-2013 ve 2013-2014 sezonunda Star TV&#8217;de yay\u0131mland\u0131. 2014-2015 sezonundan itibaren ise Acun Il\u0131cal\u0131&#8217;ya ait TV8 kanal\u0131nda, Acun Medya yap\u0131mc\u0131l\u0131\u011f\u0131nda ve Acun Il\u0131cal\u0131 sunuculu\u011funda yay\u0131mlanmaktad\u0131r.<\/p>\n<p><img decoding=\"async\" src=\"https:\/\/static.mavikadin.com\/images\/haberler\/22-12\/13\/untitled-12.jpg\" alt=\"\" title=\"\"><\/p>\n<p>Murat Boz (2011-2014, 2015-)<br \/>Beyaz\u0131t &Ouml;zt&uuml;rk (2018-)<br \/>Ebru G&uuml;nde\u015f (2013-2016, 2021-)<br \/>O\u011fuzhan Ko&ccedil; (2021-)<\/p>\n<p>Eski:<br \/>Mustafa Sandal (2011-2013)<br \/>H&uuml;lya Av\u015far (2011-2013)<br \/>Mazhar Alanson &amp; &Ouml;zkan U\u011fur (2014-2015)<br \/>Hakan &Ouml;zo\u011fuz (2015-2017, G&ouml;khan&#8217;la birlikte)<br \/>Sibel Can (2016-2017)<br \/>Y\u0131ld\u0131z Tilbe (2017-2018)<br \/>G&ouml;khan &Ouml;zo\u011fuz (2013-2018)<br \/>Seda Sayan (2018-2020)<br \/>Hadise (2011-2020)<\/p>\n","protected":false},"excerpt":{"rendered":"<p>2022&#8217;ye veda edilen 31 Aral\u0131k ak\u015fam\u0131 O Ses T\u00fcrkiye&#8217;de \u00fcnl\u00fclerin s\u00f6yledi\u011fi \u015fark\u0131larla \u00f6zel bir program haz\u0131rlan\u0131yordu. Acun Il\u0131cal\u0131, aralar\u0131nda husumet olan Ebru G\u00fcnde\u015f ve Hadise&#8217;yi yine bir araya getirmeyerek bir kadro olu\u015fturdu. Son y\u0131llarda adet oldu\u011fu &uuml;zere O Ses T&uuml;rkiye program\u0131 31 Aral\u0131k ak\u015fam\u0131 &uuml;nl&uuml;lerin kat\u0131l\u0131m\u0131yla bir program haz\u0131rl\u0131yor. Her y\u0131l j&uuml;rinin de\u011fi\u015fti\u011fi programda son [&hellip;]<\/p>\n","protected":false},"author":2,"featured_media":52222,"comment_status":"closed","ping_status":"open","sticky":false,"template":"","format":"standard","meta":{"rank_math_lock_modified_date":false,"footnotes":""},"categories":[76],"tags":[2377,3084,38923,1428,2378,40917],"class_list":["post-52223","post","type-post","status-publish","format-standard","has-post-thumbnail","hentry","category-magazin","tag-beyazit-ozturk","tag-ebru-gundes","tag-juri-degisikligi","tag-o-ses","tag-o-ses-turkiye","tag-yilbasi-ozel"],"_links":{"self":[{"href":"https:\/\/www.tgrthaber.com\/mavikadin\/wp-json\/wp\/v2\/posts\/52223"}],"collection":[{"href":"https:\/\/www.tgrthaber.com\/mavikadin\/wp-json\/wp\/v2\/posts"}],"about":[{"href":"https:\/\/www.tgrthaber.com\/mavikadin\/wp-json\/wp\/v2\/types\/post"}],"author":[{"embeddable":true,"href":"https:\/\/www.tgrthaber.com\/mavikadin\/wp-json\/wp\/v2\/users\/2"}],"replies":[{"embeddable":true,"href":"https:\/\/www.tgrthaber.com\/mavikadin\/wp-json\/wp\/v2\/comments?post=52223"}],"version-history":[{"count":1,"href":"https:\/\/www.tgrthaber.com\/mavikadin\/wp-json\/wp\/v2\/posts\/52223\/revisions"}],"predecessor-version":[{"id":52224,"href":"https:\/\/www.tgrthaber.com\/mavikadin\/wp-json\/wp\/v2\/posts\/52223\/revisions\/52224"}],"wp:featuredmedia":[{"embeddable":true,"href":"https:\/\/www.tgrthaber.com\/mavikadin\/wp-json\/wp\/v2\/media\/52222"}],"wp:attachment":[{"href":"https:\/\/www.tgrthaber.com\/mavikadin\/wp-json\/wp\/v2\/media?parent=52223"}],"wp:term":[{"taxonomy":"category","embeddable":true,"href":"https:\/\/www.tgrthaber.com\/mavikadin\/wp-json\/wp\/v2\/categories?post=52223"},{"taxonomy":"post_tag","embeddable":true,"href":"https:\/\/www.tgrthaber.com\/mavikadin\/wp-json\/wp\/v2\/tags?post=52223"}],"curies":[{"name":"wp","href":"https:\/\/api.w.org\/{rel}","templated":true}]}}