{"id":52229,"date":"2022-12-13T19:25:42","date_gmt":"2022-12-13T16:25:42","guid":{"rendered":"https:\/\/new.mavikadin.com\/?p=52229"},"modified":"2024-09-16T14:12:33","modified_gmt":"2024-09-16T11:12:33","slug":"cagla-sikelden-kotu-haber-yanina-kimse-giremiyor","status":"publish","type":"post","link":"https:\/\/www.tgrthaber.com\/mavikadin\/cagla-sikelden-kotu-haber-yanina-kimse-giremiyor\/","title":{"rendered":"\u00c7a\u011fla \u015e\u0131kel&#8217;den k\u00f6t\u00fc haber! Yan\u0131na kimse giremiyor"},"content":{"rendered":"<p>\u00c7a\u011fla \u015e\u0131kel, sosyal medya hesab\u0131ndan bir a\u00e7\u0131klama yapt\u0131. Bir hastal\u0131\u011fa yakaland\u0131\u011f\u0131n\u0131 ve hastal\u0131\u011f\u0131n \u00e7ok bula\u015f\u0131c\u0131 oldu\u011funu ifade ederek, odas\u0131na kapand\u0131\u011f\u0131n\u0131 s\u00f6yledi.<\/p>\n<p>&Uuml;nl&uuml; manken ve sunucu &Ccedil;a\u011fla \u015e\u0131kel, son g&uuml;nlerde olduk&ccedil;a yayg\u0131n olan bir hastal\u0131\u011fa yakaland\u0131\u011f\u0131n\u0131 duyurdu. \u0130ki &ccedil;ocuk annesi \u015e\u0131kel, influenza vir&uuml;s&uuml; kapt\u0131\u011f\u0131n\u0131 a&ccedil;\u0131klad\u0131. Hastal\u0131\u011f\u0131n &ccedil;ok bula\u015f\u0131c\u0131 oldu\u011funu vurgulayan &Ccedil;a\u011fla \u015e\u0131kel, kendisini odas\u0131na kapatt\u0131\u011f\u0131n\u0131 ve kimsenin girmesine izin vermedi\u011fini s&ouml;yleyerek takip&ccedil;ilerini de bu hastal\u0131\u011fa kar\u015f\u0131 uyard\u0131.<\/p>\n<h3><strong>&#8221;COVID G\u0130B\u0130 DE\u011e\u0130L&#8221;<\/strong><\/h3>\n<p>&Ccedil;a\u011fla \u015e\u0131kel, influenza hastal\u0131\u011f\u0131n\u0131n kovid gibi olmad\u0131\u011f\u0131n\u0131 s&ouml;yleyerek hastal\u0131\u011f\u0131 &ccedil;ocuklar\u0131na bakarken kapt\u0131\u011f\u0131n\u0131 s&ouml;yledi; &#8220;Hangi anne yavrusuna bakarken hastalanmaz ki. Aman dikkat! Covid&#8217;e benzemiyor&#8221; dedi.<\/p>\n<h3><strong>KEND\u0130N\u0130 EV\u0130NE KAPATTI<\/strong><\/h3>\n<p>&Ccedil;a\u011fla \u015e\u0131kel, &ccedil;ok sevdi\u011fi k&ouml;pe\u011fi Tar&ccedil;\u0131n&#8217;\u0131n kendisini hi&ccedil; yaln\u0131z b\u0131rakmad\u0131\u011f\u0131n\u0131 \u015f&ouml;yle anlatt\u0131;<\/p>\n<p>&#8221;Yan\u0131ma kimseyi almamaya &ccedil;al\u0131\u015f\u0131yorum &ccedil;&uuml;nk&uuml; inan\u0131lmaz bula\u015f\u0131c\u0131 ama bu k&ouml;pek beni asla yaln\u0131z b\u0131rakm\u0131yor delirece\u011fim. Serum takmaya gelen olursa evi aya\u011fa kald\u0131r\u0131yor. Sadece &ccedil;i\u015fini yap\u0131yor h\u0131zl\u0131ca yeme\u011fi yiyor belki hop tekrar yan\u0131mda&#8230; Benden hi&ccedil;bir \u015fey istemiyor sadece beni bekliyor. Sen nas\u0131l bir cans\u0131n Tar&ccedil;\u0131n&#8221;<\/p>\n<p><img decoding=\"async\" src=\"https:\/\/static.mavikadin.com\/images\/haberler\/22-12\/13\/cagla_sikelden_kotu_haber_geldi-4.jpg\" alt=\"\" title=\"\"><\/p>\n<h3><strong>&Ccedil;A\u011eLA \u015eIKEL K\u0130MD\u0130R?<\/strong><\/h3>\n<p>&Ccedil;a\u011fla \u015e\u0131kel 2 Ocak 1979 tarihinde \u0130stanbul&#8217;da do\u011fdu. T&uuml;rk manken, oyuncu ve sunucudur. 1997 y\u0131l\u0131nda kat\u0131ld\u0131\u011f\u0131 Miss Turkey yar\u0131\u015fmas\u0131nda birinci oldu. Ayn\u0131 y\u0131l Miss World yar\u0131\u015fmas\u0131nda Avrupa G&uuml;zeli (Europe&#8217;s Queen of Beauty) se&ccedil;ildi. Yar\u0131\u015fman\u0131n ard\u0131ndan oyunculuk ve sunuculuk kariyeri ba\u015flad\u0131.<\/p>\n<p><strong>\u0130lk Y\u0131llar\u0131<\/strong><\/p>\n<p>&Ccedil;a\u011fla \u015e\u0131kel, 2 Ocak 1979&#8217;da, Asuman ve H&uuml;seyin \u015e\u0131kel &ccedil;iftinin ikinci &ccedil;ocu\u011fu olarak \u0130stanbul&#8217;da do\u011fdu. Mali m&uuml;\u015favir olan babas\u0131 Karsl\u0131 bir Azerbaycanl\u0131, ev han\u0131m\u0131 olan annesi ise &Ccedil;erkes k&ouml;kenleri de bulunan bir Adanal\u0131d\u0131r. Berna ad\u0131nda bir ablas\u0131 vard\u0131r.<\/p>\n<p>&Ccedil;a\u011fla \u015e\u0131kel, e\u011fitim hayat\u0131na \u0130stanbul&#8217;da 1985-1989 tarihleri aras\u0131nda Ahmet Hamdi Tanp\u0131nar \u0130lkokulu&#8217;nda ba\u015flad\u0131 ve ilkokul 4. s\u0131n\u0131ftan itibaren \u0130stanbul &Uuml;niversitesi Devlet Konservatuvar\u0131&#8217;nda bale e\u011fitimi ald\u0131. \u0130lkokulu bitirdikten sonra 1990-1993 y\u0131llar\u0131 aras\u0131nda ortaokul e\u011fitimini, 1993-1996 y\u0131llar\u0131 aras\u0131nda lise e\u011fitimini tamamlad\u0131. Mimar Sinan &Uuml;niversitesi Devlet Konservatuvar\u0131&#8217;nda 1997-1999 y\u0131llar\u0131nda lisans e\u011fitimi ald\u0131 ve 1999 senesinde mezun oldu.<\/p>\n<p><strong>Kariyeri<\/strong><\/p>\n<p>&Ccedil;a\u011fla \u015e\u0131kel, 1996 y\u0131l\u0131nda Odessia adl\u0131 sinema filminde oynad\u0131 ve 1997 y\u0131l\u0131nda Miss Turkey yar\u0131\u015fmas\u0131nda birinci oldu. Sonras\u0131nda kat\u0131ld\u0131\u011f\u0131 Sey\u015fel Adalar\u0131&#8217;nda yap\u0131lan Miss World 97 G&uuml;zellik Yar\u0131\u015fmas\u0131 ile d&uuml;nya d&ouml;rd&uuml;nc&uuml;s&uuml; yani Avrupa G&uuml;zeli (Europe&#8217;s Queen of Beauty) &ouml;d&uuml;l&uuml;n&uuml; ald\u0131.<\/p>\n<p>1997-2003 tarihleri aras\u0131nda Fransa, ABD, Almanya, &Ccedil;in, Rusya, Yunanistan, \u0130svi&ccedil;re ve M\u0131s\u0131r&#8217;da defilelere &ccedil;\u0131kt\u0131. 2004-2007 y\u0131llar\u0131 aras\u0131nda Cennet Mahallesi&#8217;nde ve 2008&#8217;de G&ouml;rg&uuml;s&uuml;zler dizisinde oynad\u0131.<\/p>\n<p>E\u011fitimini ald\u0131\u011f\u0131 ancak, uzun s&uuml;re ara verdi\u011fi baleye, tam 16 y\u0131l sonra, 11. Uluslararas\u0131 Bodrum Bale Festivali&#8217;nde Samsun Devlet Opera ve Balesi dans&ccedil;\u0131lar\u0131yla, &#8220;Bach Alla Turca&#8221; adl\u0131 bale eseriyle, 10-11 A\u011fustos 2013 tarihlerinde sahne alarak geri d&ouml;nd&uuml;. YouTube kanal\u0131 &uuml;zerinden d&uuml;zenli olarak videolar yay\u0131mlamaktad\u0131r.<\/p>\n<p><strong>&Ouml;zel Hayat\u0131<\/strong><\/p>\n<p>&Ccedil;a\u011fla \u015e\u0131kel, yakla\u015f\u0131k 4 sene pop \u015fark\u0131c\u0131s\u0131 Emre Altu\u011f ile arkada\u015fl\u0131k etti. &Ccedil;ift, 10 A\u011fustos 2008 tarihinde e\u011flence mekan\u0131 Sortie&#8217;de evlendi. \u015e\u0131kel, 18 Aral\u0131k 2008&#8217;de ilk bebe\u011fine hamile oldu\u011funu a&ccedil;\u0131klad\u0131. Fakat ayn\u0131 hafta aniden rahats\u0131zlanarak bebe\u011fini d&uuml;\u015f&uuml;rd&uuml;\u011f&uuml;n&uuml; &ouml;\u011frendi. 31 Ekim 2009&#8217;da H&uuml;seyin Kuzey ad\u0131n\u0131 verdi\u011fi bir erkek &ccedil;ocu\u011fu d&uuml;nyaya getirdi. Uzay Tuncer ad\u0131nda bir o\u011flu daha vard\u0131r.<\/p>\n<p>&Ccedil;a\u011fla \u015e\u0131kel ve Emre Altu\u011f &ccedil;ifti 12 Ocak 2015 tarihinde bo\u015fand\u0131.<\/p>\n","protected":false},"excerpt":{"rendered":"<p>\u00c7a\u011fla \u015e\u0131kel, sosyal medya hesab\u0131ndan bir a\u00e7\u0131klama yapt\u0131. Bir hastal\u0131\u011fa yakaland\u0131\u011f\u0131n\u0131 ve hastal\u0131\u011f\u0131n \u00e7ok bula\u015f\u0131c\u0131 oldu\u011funu ifade ederek, odas\u0131na kapand\u0131\u011f\u0131n\u0131 s\u00f6yledi. &Uuml;nl&uuml; manken ve sunucu &Ccedil;a\u011fla \u015e\u0131kel, son g&uuml;nlerde olduk&ccedil;a yayg\u0131n olan bir hastal\u0131\u011fa yakaland\u0131\u011f\u0131n\u0131 duyurdu. \u0130ki &ccedil;ocuk annesi \u015e\u0131kel, influenza vir&uuml;s&uuml; kapt\u0131\u011f\u0131n\u0131 a&ccedil;\u0131klad\u0131. Hastal\u0131\u011f\u0131n &ccedil;ok bula\u015f\u0131c\u0131 oldu\u011funu vurgulayan &Ccedil;a\u011fla \u015e\u0131kel, kendisini odas\u0131na kapatt\u0131\u011f\u0131n\u0131 ve [&hellip;]<\/p>\n","protected":false},"author":2,"featured_media":52228,"comment_status":"closed","ping_status":"open","sticky":false,"template":"","format":"standard","meta":{"rank_math_lock_modified_date":false,"footnotes":""},"categories":[76],"tags":[7310,2584,14192,16668,6037],"class_list":["post-52229","post","type-post","status-publish","format-standard","has-post-thumbnail","hentry","category-magazin","tag-bulasici-hastalik","tag-cagla-sikel","tag-influenza","tag-saglik-haberleri","tag-unluler"],"_links":{"self":[{"href":"https:\/\/www.tgrthaber.com\/mavikadin\/wp-json\/wp\/v2\/posts\/52229"}],"collection":[{"href":"https:\/\/www.tgrthaber.com\/mavikadin\/wp-json\/wp\/v2\/posts"}],"about":[{"href":"https:\/\/www.tgrthaber.com\/mavikadin\/wp-json\/wp\/v2\/types\/post"}],"author":[{"embeddable":true,"href":"https:\/\/www.tgrthaber.com\/mavikadin\/wp-json\/wp\/v2\/users\/2"}],"replies":[{"embeddable":true,"href":"https:\/\/www.tgrthaber.com\/mavikadin\/wp-json\/wp\/v2\/comments?post=52229"}],"version-history":[{"count":1,"href":"https:\/\/www.tgrthaber.com\/mavikadin\/wp-json\/wp\/v2\/posts\/52229\/revisions"}],"predecessor-version":[{"id":52230,"href":"https:\/\/www.tgrthaber.com\/mavikadin\/wp-json\/wp\/v2\/posts\/52229\/revisions\/52230"}],"wp:featuredmedia":[{"embeddable":true,"href":"https:\/\/www.tgrthaber.com\/mavikadin\/wp-json\/wp\/v2\/media\/52228"}],"wp:attachment":[{"href":"https:\/\/www.tgrthaber.com\/mavikadin\/wp-json\/wp\/v2\/media?parent=52229"}],"wp:term":[{"taxonomy":"category","embeddable":true,"href":"https:\/\/www.tgrthaber.com\/mavikadin\/wp-json\/wp\/v2\/categories?post=52229"},{"taxonomy":"post_tag","embeddable":true,"href":"https:\/\/www.tgrthaber.com\/mavikadin\/wp-json\/wp\/v2\/tags?post=52229"}],"curies":[{"name":"wp","href":"https:\/\/api.w.org\/{rel}","templated":true}]}}