{"id":52232,"date":"2022-12-13T19:38:18","date_gmt":"2022-12-13T16:38:18","guid":{"rendered":"https:\/\/new.mavikadin.com\/?p=52232"},"modified":"2024-09-16T14:12:38","modified_gmt":"2024-09-16T11:12:38","slug":"biran-damla-yilmaz-kiminin-sansi-yaver-gidiyor","status":"publish","type":"post","link":"https:\/\/www.tgrthaber.com\/mavikadin\/biran-damla-yilmaz-kiminin-sansi-yaver-gidiyor\/","title":{"rendered":"Biran Damla Y\u0131lmaz; Kiminin \u015fans\u0131 yaver gidiyor"},"content":{"rendered":"<p>Son olarak Yasak Elma ile ekranlarda yer alan oyuncu Biran Damla Y\u0131lmaz, g\u00fczellikle ilgili temkinli a\u00e7\u0131klamalarda bulundu. \u00dcnl\u00fc oyuncu polemi\u011fe girmek istemedi\u011fini s\u00f6yledi.<\/p>\n<p>Oyuncu Biran Damla Y\u0131lmaz, bir markan\u0131n tan\u0131t\u0131m y&uuml;z&uuml; oldu. &Uuml;nl&uuml; isim ge&ccedil;ti\u011fimiz g&uuml;n Divan Otel Taksim&rsquo;de ger&ccedil;ekle\u015fen imza t&ouml;reninde marka y&ouml;neticileri Eymen Sara&ccedil; ve Fikriye Korkun&ccedil; ile bir araya gelerek, bas\u0131n mensuplar\u0131n\u0131n sorular\u0131n\u0131 yan\u0131tlad\u0131.&nbsp;<\/p>\n<p>Yasak Elma&#8217;da canland\u0131rd\u0131\u011f\u0131 Kumru rol&uuml;yle ad\u0131ndan s&ouml;z ettiren 25 ya\u015f\u0131ndaki oyuncu Biran Damla Y\u0131lmaz, projede yer ald\u0131\u011f\u0131 &#8216;Prestij Meselesi&#8217; filmi ile ilgili; &#8221;Muhte\u015fem bir tecr&uuml;be oldu benim i&ccedil;in. Uzun y\u0131llar T&uuml;rk sinemas\u0131nda iz b\u0131rakacak bir Film geliyor&#8221; ifadelerini kulland\u0131.<\/p>\n<h3><strong>&#8221;POLEM\u0130\u011eE G\u0130RMEK \u0130STEM\u0130YORUM&#8221;<\/strong><\/h3>\n<p>Kendisine, oyuncu Oya Ba\u015far&#8217;\u0131n &#8221;G&uuml;zeller var, bir de oyuncular var. Dikkat edin, dizilerde genellikle sa\u011flam bir tiyatro kadrosu altyap\u0131s\u0131 ayarlan\u0131yor, sonras\u0131nda &uuml;st&uuml;ne g&uuml;zelleri koyuyorlar&#8221; ifadeleri hat\u0131rlat\u0131lan Biran Damla Y\u0131lmaz, konuyla ilgili \u015funlar\u0131 s&ouml;yledi; &#8221;\u0130nsanlar\u0131 d\u0131\u015f g&ouml;r&uuml;n&uuml;\u015f&uuml;ne g&ouml;re s\u0131n\u0131fland\u0131r\u0131yorlar. Kiminin \u015fans\u0131 yaver gidiyor, kimininki gitmiyor. Polemi\u011fe girmek istemiyorum.&#8221;&nbsp;<\/p>\n<p><img decoding=\"async\" src=\"https:\/\/static.mavikadin.com\/images\/haberler\/22-12\/13\/biran_damla_kiminin_sansi_yaver_gidiyor-2.jpg\" alt=\"\" title=\"\"><\/p>\n<h3><strong>B\u0130RAN DAMLA YILMAZ K\u0130MD\u0130R?<\/strong><\/h3>\n<p>Biran Damla Y\u0131lmaz 28 Haziran 1997 tarihinde \u0130stanbulda do\u011fdu. 25 ya\u015f\u0131nda, T&uuml;rk oyuncudur. Kariyerinin d&ouml;n&uuml;m noktas\u0131 olan K\u0131rg\u0131n &Ccedil;i&ccedil;ekler dizisinde &ouml;nemli bir rol ald\u0131.<\/p>\n<p>28 Haziran 1997 tarihinde \u0130stanbul&#8217;da do\u011fdu. Oyunculuk kariyerine 2013 y\u0131l\u0131nda ba\u015flayan Y\u0131lmaz, konservatuvarda okudu. 2014 y\u0131l\u0131nda &Ccedil;\u0131lg\u0131n Dersane 4: Ada filminde oynad\u0131. 2019 yap\u0131m\u0131 Mucize 2: A\u015fk filmiyle sinema kariyerinde ilk ba\u015frol&uuml;n&uuml; oynad\u0131. K\u0131rg\u0131n &Ccedil;i&ccedil;ekler, Canevim ve Baraj dizilerinde de ba\u015frol oyuncusu olarak yer ald\u0131. 2021 itibar\u0131yla FOX&#8217;ta yay\u0131mlanan Yasak Elma dizisinde Kumru Y\u0131ld\u0131r\u0131m karakterini canland\u0131rmaktad\u0131r.<\/p>\n<p><strong>Rol Ald\u0131\u011f\u0131 Projeler<\/strong><\/p>\n<p><strong>Televizyon<\/strong><br \/><strong>Y\u0131l&nbsp; &nbsp; &nbsp; &nbsp; &nbsp; &nbsp; &nbsp; &nbsp; &nbsp; &nbsp; Yap\u0131m&nbsp; &nbsp; &nbsp; &nbsp; &nbsp; &nbsp; &nbsp; &nbsp; &nbsp; &nbsp; &nbsp; &nbsp;Rol&nbsp; &nbsp; &nbsp; &nbsp; &nbsp; &nbsp; &nbsp; &nbsp; Notlar&nbsp; &nbsp; &nbsp; &nbsp; &nbsp; &nbsp; &nbsp; &nbsp; &nbsp; &nbsp; &nbsp; &nbsp; &nbsp; &nbsp; Kanal<\/strong><br \/>2013-2014&nbsp; &nbsp; &nbsp; &nbsp;Muhte\u015fem Y&uuml;zy\u0131l &nbsp; &nbsp;Cariye&nbsp; &nbsp; &nbsp; &nbsp; &nbsp; Yard\u0131mc\u0131 oyuncu&nbsp; &nbsp; &nbsp; &nbsp; &nbsp; &nbsp; &nbsp;Star TV<br \/>2014&nbsp; &nbsp; &nbsp; &nbsp; &nbsp; &nbsp; &nbsp; &nbsp; Yasak&nbsp; &nbsp; &nbsp; &nbsp; &nbsp; &nbsp; &nbsp; &nbsp; &nbsp; &nbsp; &nbsp; Esma&nbsp; &nbsp; &nbsp; &nbsp; &nbsp; &nbsp; &nbsp; &nbsp; &nbsp; &nbsp; &nbsp; &nbsp; &nbsp; &nbsp; &nbsp; &nbsp; &nbsp; &nbsp; &nbsp; &nbsp; &nbsp; &nbsp; &nbsp; &nbsp; &nbsp; &nbsp; atv<br \/>2015&nbsp; &nbsp; &nbsp; &nbsp; &nbsp; &nbsp; &nbsp; &nbsp; Beyaz Yalan&nbsp; &nbsp; &nbsp; &nbsp; &nbsp; &nbsp; Nesrin&nbsp; &nbsp; &nbsp; &nbsp; &nbsp; &nbsp; &nbsp; &nbsp; &nbsp; &nbsp; &nbsp; &nbsp; &nbsp; &nbsp; &nbsp; &nbsp; &nbsp; &nbsp; &nbsp; &nbsp; &nbsp; &nbsp; &nbsp; &nbsp; &nbsp; Show TV<br \/>2015-2018&nbsp; &nbsp; &nbsp; &nbsp;K\u0131rg\u0131n &Ccedil;i&ccedil;ekler&nbsp; &nbsp; &nbsp; &nbsp; Eyl&uuml;l Acar&nbsp; &nbsp; &nbsp; Ba\u015frol oyuncusu&nbsp; &nbsp; &nbsp; &nbsp; &nbsp; &nbsp; &nbsp;atv<br \/>2019&nbsp; &nbsp; &nbsp; &nbsp; &nbsp; &nbsp; &nbsp; &nbsp; Canevim&nbsp; &nbsp; &nbsp; &nbsp; &nbsp; &nbsp; &nbsp; &nbsp; &nbsp; Ceylan Haksever<br \/>2020-2021&nbsp; &nbsp; &nbsp; &nbsp;Baraj&nbsp; &nbsp; &nbsp; &nbsp; &nbsp; &nbsp; &nbsp; &nbsp; &nbsp; &nbsp; &nbsp; &nbsp;Nehir Aksu&nbsp; &nbsp; &nbsp; &nbsp; &nbsp; &nbsp; &nbsp; &nbsp; &nbsp; &nbsp; &nbsp; &nbsp; &nbsp; &nbsp; &nbsp; &nbsp; &nbsp; &nbsp; &nbsp; &nbsp; &nbsp; &nbsp; FOX<br \/>2021-devam&nbsp; &nbsp; Yasak Elma&nbsp; &nbsp; &nbsp; &nbsp; &nbsp; &nbsp; &nbsp;Kumru Y\u0131ld\u0131r\u0131m<br \/>2022 &nbsp; &nbsp;Maske Kimsin Sen? &nbsp; &nbsp;Ayna &nbsp; &nbsp;Yar\u0131\u015fmac\u0131<\/p>\n<p><strong>Sinema&nbsp;<\/strong><br \/><strong>Y\u0131l&nbsp; &nbsp; &nbsp; &nbsp; &nbsp;Yap\u0131m&nbsp; &nbsp; &nbsp; &nbsp; &nbsp; &nbsp; &nbsp; &nbsp; &nbsp; &nbsp; &nbsp; &nbsp; &nbsp; &nbsp; &nbsp; Rol &nbsp; &nbsp;Notlar<\/strong><br \/>2014 &nbsp; &nbsp;&Ccedil;\u0131lg\u0131n Dersane 4: Ada &nbsp; &nbsp;Deniz &nbsp; &nbsp;Ba\u015frol oyuncusu<br \/>2019 &nbsp; &nbsp;Mucize 2: A\u015fk&nbsp; &nbsp; &nbsp; &nbsp; &nbsp; &nbsp; &nbsp; &nbsp; &nbsp;Mizgin<br \/>2023 &nbsp; &nbsp;Prestij Meselesi&nbsp; &nbsp; &nbsp; &nbsp; &nbsp; &nbsp; &nbsp; G&ouml;lgem<\/p>\n<p>&nbsp;<\/p>\n<p>&nbsp;<\/p>\n","protected":false},"excerpt":{"rendered":"<p>Son olarak Yasak Elma ile ekranlarda yer alan oyuncu Biran Damla Y\u0131lmaz, g\u00fczellikle ilgili temkinli a\u00e7\u0131klamalarda bulundu. \u00dcnl\u00fc oyuncu polemi\u011fe girmek istemedi\u011fini s\u00f6yledi. Oyuncu Biran Damla Y\u0131lmaz, bir markan\u0131n tan\u0131t\u0131m y&uuml;z&uuml; oldu. &Uuml;nl&uuml; isim ge&ccedil;ti\u011fimiz g&uuml;n Divan Otel Taksim&rsquo;de ger&ccedil;ekle\u015fen imza t&ouml;reninde marka y&ouml;neticileri Eymen Sara&ccedil; ve Fikriye Korkun&ccedil; ile bir araya gelerek, bas\u0131n mensuplar\u0131n\u0131n [&hellip;]<\/p>\n","protected":false},"author":2,"featured_media":52231,"comment_status":"closed","ping_status":"open","sticky":false,"template":"","format":"standard","meta":{"rank_math_lock_modified_date":false,"footnotes":""},"categories":[76],"tags":[22154,42879,39890,38423,2405],"class_list":["post-52232","post","type-post","status-publish","format-standard","has-post-thumbnail","hentry","category-magazin","tag-biran-damla-yilmaz","tag-guncel-haberler","tag-prestij-meselesi","tag-turk-oyuncular","tag-yasak-elma"],"_links":{"self":[{"href":"https:\/\/www.tgrthaber.com\/mavikadin\/wp-json\/wp\/v2\/posts\/52232"}],"collection":[{"href":"https:\/\/www.tgrthaber.com\/mavikadin\/wp-json\/wp\/v2\/posts"}],"about":[{"href":"https:\/\/www.tgrthaber.com\/mavikadin\/wp-json\/wp\/v2\/types\/post"}],"author":[{"embeddable":true,"href":"https:\/\/www.tgrthaber.com\/mavikadin\/wp-json\/wp\/v2\/users\/2"}],"replies":[{"embeddable":true,"href":"https:\/\/www.tgrthaber.com\/mavikadin\/wp-json\/wp\/v2\/comments?post=52232"}],"version-history":[{"count":1,"href":"https:\/\/www.tgrthaber.com\/mavikadin\/wp-json\/wp\/v2\/posts\/52232\/revisions"}],"predecessor-version":[{"id":52233,"href":"https:\/\/www.tgrthaber.com\/mavikadin\/wp-json\/wp\/v2\/posts\/52232\/revisions\/52233"}],"wp:featuredmedia":[{"embeddable":true,"href":"https:\/\/www.tgrthaber.com\/mavikadin\/wp-json\/wp\/v2\/media\/52231"}],"wp:attachment":[{"href":"https:\/\/www.tgrthaber.com\/mavikadin\/wp-json\/wp\/v2\/media?parent=52232"}],"wp:term":[{"taxonomy":"category","embeddable":true,"href":"https:\/\/www.tgrthaber.com\/mavikadin\/wp-json\/wp\/v2\/categories?post=52232"},{"taxonomy":"post_tag","embeddable":true,"href":"https:\/\/www.tgrthaber.com\/mavikadin\/wp-json\/wp\/v2\/tags?post=52232"}],"curies":[{"name":"wp","href":"https:\/\/api.w.org\/{rel}","templated":true}]}}