{"id":52238,"date":"2022-12-14T09:08:16","date_gmt":"2022-12-14T06:08:16","guid":{"rendered":"https:\/\/new.mavikadin.com\/?p=52238"},"modified":"2024-09-16T14:12:51","modified_gmt":"2024-09-16T11:12:51","slug":"sila-sahnede-baba-acisini-paylasti","status":"publish","type":"post","link":"https:\/\/www.tgrthaber.com\/mavikadin\/sila-sahnede-baba-acisini-paylasti\/","title":{"rendered":"S\u0131la sahnede baba ac\u0131s\u0131n\u0131 payla\u015ft\u0131"},"content":{"rendered":"<p>\u015eark\u0131c\u0131 S\u0131la, iki hafta \u00f6nce babas\u0131n\u0131n \u00f6l\u00fcm\u00fcyle sars\u0131lm\u0131\u015ft\u0131. \u00dcnl\u00fc isim, \u00f6nceki g\u00fcn ilk kez sahneye \u00e7\u0131kt\u0131 ve izleyicileriyle baba ac\u0131s\u0131n\u0131 payla\u015ft\u0131.<\/p>\n<p>\u015eark\u0131c\u0131 S\u0131la, ge&ccedil;ti\u011fimiz g&uuml;n babas\u0131n\u0131n vefat\u0131n\u0131n ard\u0131ndan ilk kez sahneye &ccedil;\u0131kt\u0131. 28 Kas\u0131m&#8217;da babas\u0131 \u015e&uuml;kr&uuml; Gen&ccedil;o\u011flu&#8217;nu kaybeden S\u0131la, daha &ouml;nce planlanan konserini ertelemedi. Sahneye &ccedil;\u0131kan &uuml;nl&uuml; isim, sahnede baba ac\u0131s\u0131n\u0131 sevenleriyle payla\u015ft\u0131.<\/p>\n<h3><strong>&#8220;ARAMIZDAK\u0130 BA\u011e DUYGULARI B&Ouml;L&Uuml;\u015eMEK &Uuml;ST&Uuml;NE&#8221;<\/strong><\/h3>\n<p>Siyah bir elbise giyen &uuml;nl&uuml; isim, \u015fark\u0131lar\u0131 aras\u0131nda yapt\u0131\u011f\u0131 konu\u015fmadan \u015funlar\u0131 s&ouml;yledi;<\/p>\n<p>&#8221;Sizlerle birlikte oldu\u011fum i&ccedil;in &ccedil;ok memnunum. Hayat\u0131n ak\u0131\u015f\u0131nda d&uuml;nyaca \u015fey ya\u015f\u0131yoruz. T&uuml;rl&uuml; duygular, t&uuml;rl&uuml; ba\u015f\u0131m\u0131za gelenler&#8230; Sahnede sizinle aram\u0131zda kurdu\u011fumuz ba\u011f, tamamen sizinle bu duygular\u0131 payla\u015fmak ve b&ouml;l&uuml;\u015fmek &uuml;st&uuml;ne&#8230; Biraz birbirimizden y&uuml;k almak &uuml;st&uuml;ne&#8230; Yine b&ouml;yle olaca\u011f\u0131na g&ouml;n&uuml;lden inan\u0131yorum. Dertle\u015fece\u011fimiz, g&uuml;lece\u011fimiz \u015fahane bir ak\u015fam olmas\u0131n\u0131 diliyorum&#8230;&#8221;&nbsp;<\/p>\n<p><img decoding=\"async\" src=\"https:\/\/static.mavikadin.com\/images\/haberler\/22-12\/14\/sila_sahnede_baba_acisini_paylasti-9.jpg\" alt=\"\" title=\"\"><\/p>\n<h3><strong>EN ACI G&Ouml;REV<\/strong><\/h3>\n<p>\u015eark\u0131c\u0131 S\u0131la&#8217;n\u0131n babas\u0131 73 ya\u015f\u0131ndaki \u015e&uuml;kr&uuml; Gen&ccedil;o\u011flu, bir s&uuml;redir tedavi g&ouml;rd&uuml;\u011f&uuml; \u0130zmir&#8217;deki &ouml;zel bir hastanede vefat etmi\u015fti. Hayat\u0131n\u0131 kaybeden \u015e&uuml;kr&uuml; Gen&ccedil;o\u011flu i&ccedil;in Alsancak Hocazade Camii&#8217;nde cenaze namaz\u0131 k\u0131l\u0131nm\u0131\u015ft\u0131.<\/p>\n<p><img decoding=\"async\" src=\"https:\/\/static.mavikadin.com\/images\/haberler\/22-12\/14\/sila_sahnede_baba_acisini_paylasti-2.jpg\" alt=\"\" title=\"\"><\/p>\n<p>Cenaze namaz\u0131na S\u0131la&#8217;n\u0131n erkek arkada\u015f\u0131 oyuncu \u0130lker Kaleli de kat\u0131lm\u0131\u015ft\u0131.&nbsp;<\/p>\n<p><img decoding=\"async\" src=\"https:\/\/static.mavikadin.com\/images\/haberler\/22-12\/14\/sila_sahnede_baba_acisini_paylasti-3.jpg\" alt=\"\" title=\"\"><\/p>\n<p>S\u0131la&#8217;n\u0131n babas\u0131n\u0131n cenazesi, ikindi namaz\u0131n\u0131 m&uuml;teakip k\u0131l\u0131nan cenaze namaz\u0131n\u0131n ard\u0131ndan Urla \u0130skele Mezarl\u0131\u011f\u0131 Aile Kabristan\u0131&#8217;nda topra\u011fa verilmi\u015fti.<\/p>\n<p><img decoding=\"async\" src=\"https:\/\/static.mavikadin.com\/images\/haberler\/22-12\/14\/sila_sahnede_baba_acisini_paylasti-10.jpg\" alt=\"\" title=\"\"><\/p>\n<p>1 Ocak 1949&#8217;da Denizli&#8217;nin il&ccedil;esi Ac\u0131payam&#8217;\u0131n Kelek&ccedil;i Mahallesi&#8217;nde do\u011fan kimya m&uuml;hendisi \u015e&uuml;kr&uuml; Gen&ccedil;o\u011flu, eczac\u0131 &Ouml;m&uuml;r Gen&ccedil;o\u011flu ile evliydi.<\/p>\n<p><img decoding=\"async\" src=\"https:\/\/static.mavikadin.com\/images\/haberler\/22-12\/14\/sila_sahnede_baba_acisini_paylasti-4.jpg\" alt=\"\" title=\"\"><\/p>\n<h3><strong>&#8220;CANIM BABAM VE BEN&#8221;<\/strong><\/h3>\n<p>Di\u011fer taraftan S\u0131la, &ccedil;ocuklu\u011funda babas\u0131yla &ccedil;ekilen bir foto\u011fraf\u0131 payla\u015farak; &#8220;Can\u0131m babam ve ben&#8230; T&uuml;m babalara, baba adaylar\u0131na, heveslilere, babacanlara&#8230; Bir de &ouml;zlemini &ccedil;ektiklerimize&#8230; Her g&uuml;ne, hayata bir ba\u015f selam\u0131, iyi pazarlar&#8221; notunu yazm\u0131\u015ft\u0131.<\/p>\n<p><img decoding=\"async\" src=\"https:\/\/static.mavikadin.com\/images\/haberler\/22-12\/14\/sila_sahnede_baba_acisini_paylasti-11.jpg\" alt=\"\" title=\"\"><\/p>\n<h3><strong>S&Uuml;RPR\u0130Z YAPMI\u015eTI<\/strong><\/h3>\n<p>Bununla birlikte ge&ccedil;ti\u011fimiz a\u011fustos ay\u0131nda Didim&#8217;de konser veren S\u0131la&#8217;ya babas\u0131 \u015e&uuml;kr&uuml; Gen&ccedil;o\u011flu s&uuml;rpriz yapm\u0131\u015f ve konser haz\u0131rl\u0131\u011f\u0131nda olan k\u0131z\u0131na e\u015flik etmi\u015fti.<\/p>\n<p>S\u0131la, &#8220;Babam da s&uuml;rpriz yap\u0131p, soundcheck&rsquo;i (ses kontrol&uuml;) bast\u0131\u011f\u0131na g&ouml;re bu ak\u015fam f\u0131rt\u0131na gibi ge&ccedil;ecek&#8221; demi\u015fti.<\/p>\n<h3><strong>SILA K\u0130MD\u0130R?<\/strong><\/h3>\n<p>S\u0131la Gen&ccedil;o\u011flu 17 Haziran 1980 tarihinde Denizli&#8217;de do\u011fdu. T&uuml;rk \u015fark\u0131c\u0131, \u015fark\u0131 yazar\u0131 ve besteci. &Ouml;\u011frenim hayat\u0131 i&ccedil;in &ouml;nce \u0130zmir&#8217;e sonra \u0130stanbul&#8217;a yerle\u015fti. Sahne e\u011fitimi almaya lise y\u0131llar\u0131nda ba\u015flad\u0131. Bilgi &Uuml;niversitesindeki caz e\u011fitimi sonras\u0131nda uzun s&uuml;re Kenan Do\u011fulu&#8217;ya geri vokallik yapt\u0131.<\/p>\n<p>2007&#8217;de kendi ad\u0131n\u0131 verdi\u011fi alb&uuml;m&uuml;nde yer alan ve T&uuml;rkiye Resm&icirc; Listesi&#8217;nde bir numara olan &#8220;&#8230;Dan Sonra&#8221; \u015fark\u0131s\u0131yla &ccedil;\u0131k\u0131\u015f yapan S\u0131la, sonras\u0131nda yay\u0131mlad\u0131\u011f\u0131 ele\u015ftirel ve ticari ba\u015far\u0131lar elde eden \u0130mza (2009), Konu\u015fmad\u0131\u011f\u0131m\u0131z \u015eeyler Var (2010), Vaveyla (2012), Yeni Ay (2014) ve M&uuml;rekkep (2016) alb&uuml;mleriyle de liste ba\u015far\u0131lar\u0131n\u0131 s&uuml;rd&uuml;rmeye devam etti. Bu alb&uuml;mlerde yer alan &#8220;Sevi\u015fmeden Uyumayal\u0131m&#8221;, &#8220;Ac\u0131sa da &Ouml;ld&uuml;rmez&#8221;, &#8220;Kafa&#8221;, &#8220;Bo\u015f Yere&#8221;, &#8220;Vaziyetler&#8221;, &#8220;Yabanc\u0131&#8221; ve &#8220;Hediye&#8221; \u015fark\u0131lar\u0131 da T&uuml;rkiye&#8217;de liste ba\u015f\u0131 oldu. Bunlar\u0131n yan\u0131 s\u0131ra &#8220;Yoruldum&#8221;, &#8220;\u0130mk&acirc;ns\u0131z&#8221; ve &#8220;Zor Sevdi\u011fimden&#8221; gibi di\u011fer pek &ccedil;ok \u015fark\u0131s\u0131 da hit olarak ilk be\u015fe girdi.<\/p>\n<p>\u015eark\u0131c\u0131l\u0131\u011f\u0131n\u0131n yan\u0131 s\u0131ra ele\u015ftirmenler taraf\u0131ndan &ouml;v&uuml;len s&ouml;z yazar\u0131 ve besteci kimli\u011fiyle &ouml;n plana &ccedil;\u0131kan S\u0131la, kendi alb&uuml;mlerindeki \u015fark\u0131lar\u0131n neredeyse tamam\u0131n\u0131 tek ba\u015f\u0131na yazarak Efe Bahad\u0131r&#8217;la birlikte bestesini yapt\u0131. Ayr\u0131ca ba\u015fka \u015fark\u0131c\u0131lar i&ccedil;in de bir&ccedil;ok \u015fark\u0131 s&ouml;z&uuml; yazd\u0131. 2010&#8217;da Konu\u015fmad\u0131\u011f\u0131m\u0131z \u015eeyler Var ve 2014&#8217;te Yeni Ay ile birlikte T&uuml;rkiye&#8217;de y\u0131l\u0131n en &ccedil;ok satan \u015fark\u0131c\u0131s\u0131 oldu. Bug&uuml;ne kadar d&ouml;rt Alt\u0131n Kelebek &Ouml;d&uuml;l&uuml; ve yedi Kral Tv Video M&uuml;zik &Ouml;d&uuml;l&uuml; d&acirc;hil olmak &uuml;zere onlarca &ouml;d&uuml;l kazand\u0131.<\/p>\n","protected":false},"excerpt":{"rendered":"<p>\u015eark\u0131c\u0131 S\u0131la, iki hafta \u00f6nce babas\u0131n\u0131n \u00f6l\u00fcm\u00fcyle sars\u0131lm\u0131\u015ft\u0131. \u00dcnl\u00fc isim, \u00f6nceki g\u00fcn ilk kez sahneye \u00e7\u0131kt\u0131 ve izleyicileriyle baba ac\u0131s\u0131n\u0131 payla\u015ft\u0131. \u015eark\u0131c\u0131 S\u0131la, ge&ccedil;ti\u011fimiz g&uuml;n babas\u0131n\u0131n vefat\u0131n\u0131n ard\u0131ndan ilk kez sahneye &ccedil;\u0131kt\u0131. 28 Kas\u0131m&#8217;da babas\u0131 \u015e&uuml;kr&uuml; Gen&ccedil;o\u011flu&#8217;nu kaybeden S\u0131la, daha &ouml;nce planlanan konserini ertelemedi. Sahneye &ccedil;\u0131kan &uuml;nl&uuml; isim, sahnede baba ac\u0131s\u0131n\u0131 sevenleriyle payla\u015ft\u0131. &#8220;ARAMIZDAK\u0130 BA\u011e [&hellip;]<\/p>\n","protected":false},"author":2,"featured_media":52237,"comment_status":"closed","ping_status":"open","sticky":false,"template":"","format":"standard","meta":{"rank_math_lock_modified_date":false,"footnotes":""},"categories":[76],"tags":[40598,40921,18055,40920,38123],"class_list":["post-52238","post","type-post","status-publish","format-standard","has-post-thumbnail","hentry","category-magazin","tag-baba-acisi","tag-sahne-performansi","tag-sarkici","tag-sila","tag-unlu-haberleri"],"_links":{"self":[{"href":"https:\/\/www.tgrthaber.com\/mavikadin\/wp-json\/wp\/v2\/posts\/52238"}],"collection":[{"href":"https:\/\/www.tgrthaber.com\/mavikadin\/wp-json\/wp\/v2\/posts"}],"about":[{"href":"https:\/\/www.tgrthaber.com\/mavikadin\/wp-json\/wp\/v2\/types\/post"}],"author":[{"embeddable":true,"href":"https:\/\/www.tgrthaber.com\/mavikadin\/wp-json\/wp\/v2\/users\/2"}],"replies":[{"embeddable":true,"href":"https:\/\/www.tgrthaber.com\/mavikadin\/wp-json\/wp\/v2\/comments?post=52238"}],"version-history":[{"count":1,"href":"https:\/\/www.tgrthaber.com\/mavikadin\/wp-json\/wp\/v2\/posts\/52238\/revisions"}],"predecessor-version":[{"id":52239,"href":"https:\/\/www.tgrthaber.com\/mavikadin\/wp-json\/wp\/v2\/posts\/52238\/revisions\/52239"}],"wp:featuredmedia":[{"embeddable":true,"href":"https:\/\/www.tgrthaber.com\/mavikadin\/wp-json\/wp\/v2\/media\/52237"}],"wp:attachment":[{"href":"https:\/\/www.tgrthaber.com\/mavikadin\/wp-json\/wp\/v2\/media?parent=52238"}],"wp:term":[{"taxonomy":"category","embeddable":true,"href":"https:\/\/www.tgrthaber.com\/mavikadin\/wp-json\/wp\/v2\/categories?post=52238"},{"taxonomy":"post_tag","embeddable":true,"href":"https:\/\/www.tgrthaber.com\/mavikadin\/wp-json\/wp\/v2\/tags?post=52238"}],"curies":[{"name":"wp","href":"https:\/\/api.w.org\/{rel}","templated":true}]}}