{"id":52241,"date":"2022-12-14T09:33:24","date_gmt":"2022-12-14T06:33:24","guid":{"rendered":"https:\/\/new.mavikadin.com\/?p=52241"},"modified":"2024-09-16T14:12:55","modified_gmt":"2024-09-16T11:12:55","slug":"burak-ozcivitten-kevin-spacey-aciklamasi-sonradan-ogrendim","status":"publish","type":"post","link":"https:\/\/www.tgrthaber.com\/mavikadin\/burak-ozcivitten-kevin-spacey-aciklamasi-sonradan-ogrendim\/","title":{"rendered":"Burak \u00d6z\u00e7ivit&#8217;ten Kevin Spacey a\u00e7\u0131klamas\u0131: Sonradan \u00f6\u011frendim!"},"content":{"rendered":"<p>Katarl\u0131 i\u015f insan\u0131n\u0131n daveti \u00fczerine D\u00fcnya kupas\u0131n\u0131 izlemek i\u00e7in Katar&#8217;a giden Burak \u00d6z\u00e7ivit, burada Amerikal\u0131 akt\u00f6r Kevin Spacey ile bir araya gelmi\u015fti. Taciz olaylar\u0131 ile g\u00fcndemden d\u00fc\u015fmeyen Kevin Spacey ile foto\u011fraf payla\u015fmas\u0131 ele\u015ftirilen \u00d6z\u00e7ivit, sosyal medya hesab\u0131ndan bir a\u00e7\u0131klama yapt\u0131.<\/p>\n<p>Oyuncu Burak &Ouml;z&ccedil;ivit, Adel Ali Bin Ali&#8217;nin misafiri olarak Katar&#8217;a gitmi\u015f ve burada Amerikal\u0131 akt&ouml;r Kevin Spacey ile pozlar\u0131n\u0131 payla\u015fm\u0131\u015ft\u0131. Katarl\u0131 i\u015f insanlar\u0131 ve Kevin Spacey&#8217;nin Burak &Ouml;z&ccedil;ivit&#8217;i i\u015faret etti\u011fi karelerin de yer ald\u0131\u011f\u0131 payla\u015f\u0131mlar g&uuml;ndem olmu\u015ftu. 37 ya\u015f\u0131ndaki Burak &Ouml;z&ccedil;ivit&#8217;in, Amerika&#8217;da otuzu a\u015fk\u0131n taciz su&ccedil;lamas\u0131yla an\u0131lan Kevin Spacey ile payla\u015ft\u0131\u011f\u0131 foto\u011fraf, sosyal medya kullan\u0131c\u0131lar\u0131n\u0131n tepkisine neden olmu\u015ftu.<\/p>\n<p>Ek olarak, ikinci bebe\u011fini kuca\u011f\u0131na almaya say\u0131l\u0131 g&uuml;nler kalan Burak &Ouml;z&ccedil;ivit&#8217;in e\u015fi Fahriye Evcen de e\u015finin &uuml;nl&uuml; akt&ouml;rle yapt\u0131\u011f\u0131 bu payla\u015f\u0131ma sessiz kalmam\u0131\u015f ve emoji ile yorum yapm\u0131\u015ft\u0131. Burak &Ouml;z&ccedil;ivit&#8217;in payla\u015ft\u0131\u011f\u0131 Kevin Spacey foto\u011fraf\u0131na kalp emojisi koyan Fahriye Evcen&#8217;in de bu hareketi ele\u015ftirilmi\u015fti.<\/p>\n<p>Burak &Ouml;z&ccedil;ivit&#8217;i ilk ele\u015ftiren &uuml;nl&uuml; isim kendisi gibi oyuncu Tuba &Uuml;nsal oldu. &Uuml;nl&uuml; isim sosyal medya hesab\u0131ndan zehir zemberek a&ccedil;\u0131klamalarda bulunarak &Ouml;z&ccedil;ivit&#8217;i yayl\u0131m ate\u015fine tutmu\u015ftu.<\/p>\n<h3><strong>&#8221;PARA KAR\u015eILI\u011eI, TAC\u0130Z SU&Ccedil;LU OYUNCUYLA POZ VERMEK&#8230;&#8221;<\/strong><\/h3>\n<p>Sosyal medya hesab\u0131 &uuml;zerinden Burak &Ouml;z&ccedil;ivit&#8217;in taciz su&ccedil;lar\u0131 ile itham edilen Kevin Specey ile bir araya geldi\u011fi kareleri yay\u0131nlamas\u0131na sinirlenen Tuba &Uuml;nsal &ouml;fkeliydi; &#8221;Para kar\u015f\u0131l\u0131\u011f\u0131nda t&uuml;m d&uuml;nyan\u0131n kar\u015f\u0131s\u0131nda durdu\u011fu taciz ve tecav&uuml;zle yarg\u0131lanan bir oyuncuyla yan yana poz vermek! Utan\u0131yorum sizden ve sizinle ayn\u0131 i\u015fi yapmaktan&#8230; Tecav&uuml;ze u\u011frayan &ccedil;ocuklardan biri 14 ya\u015f\u0131nda.&#8221;<\/p>\n<p><img decoding=\"async\" src=\"https:\/\/static.mavikadin.com\/images\/haberler\/22-12\/14\/burak_ozcivit_ten_kevin_spacey_aciklamasi-5.jpg\" alt=\"\" title=\"\"><\/p>\n<h3><strong>FOTO\u011eRAFLARI S\u0130LD\u0130<\/strong><\/h3>\n<p>Burak &Ouml;z&ccedil;ivit, tepkilerin &ccedil;\u0131\u011f gibi b&uuml;y&uuml;mesi &uuml;zerine sosyal medya hesab\u0131ndan Kevin Spacey ile olan foto\u011fraflar\u0131n\u0131 sildi.&nbsp;<\/p>\n<p><img decoding=\"async\" src=\"https:\/\/static.mavikadin.com\/images\/haberler\/22-12\/14\/burak_ozcivit_ten_kevin_spacey_aciklamasi-9.jpg\" alt=\"\" title=\"\"><\/p>\n<h3><strong>&#8220;DER\u0130N &Uuml;Z&Uuml;NT&Uuml;S&Uuml;N&Uuml; YA\u015eAMAKTAYIM&#8221;<\/strong><\/h3>\n<p>Ard\u0131ndan bir a&ccedil;\u0131klama yapan &uuml;nl&uuml; isim, ya\u015fananlar kar\u015f\u0131s\u0131nda &uuml;zg&uuml;n oldu\u011funu ifade etti;<\/p>\n<blockquote>\n<p>Bu kadar hassas ve &uuml;z&uuml;c&uuml; bir konuyu sonradan &ouml;\u011frendim. Bunun derin &uuml;z&uuml;nt&uuml;s&uuml;n&uuml; ya\u015famaktay\u0131m ve bununla ilgili gerekeni hemen yapt\u0131m. Bu konunun kesinlikle kar\u015f\u0131s\u0131nda oldu\u011fumu belirtmek istiyorum. Bug&uuml;ne kadar b&ouml;yleydi bu hassasiyet bundan sonra da b&ouml;yle olacak.<\/p>\n<\/blockquote>\n<p><img decoding=\"async\" src=\"https:\/\/static.mavikadin.com\/images\/haberler\/22-12\/14\/burak_ozcivit_ten_kevin_spacey_aciklamasi-4.jpg\" alt=\"\" title=\"\"><\/p>\n<p>Burak &Ouml;z&ccedil;ivit bir s&uuml;re sonra da tepkilerin devam etmesi &uuml;zerine daha sert bir a&ccedil;\u0131klama yapt\u0131;<\/p>\n<p><img decoding=\"async\" src=\"https:\/\/static.mavikadin.com\/images\/haberler\/22-12\/14\/burak_ozcivit_ten_kevin_spacey_aciklamasi-6.jpg\" alt=\"\" title=\"\"><\/p>\n<blockquote>\n<p>B&ouml;yle hassas konulardan nemalanmaya &ccedil;al\u0131\u015facak kadar al&ccedil;ak olmay\u0131n. Kamuoyuna sayg\u0131lar\u0131mla.<\/p>\n<\/blockquote>\n<h3><strong>KEVIN SPACEY HAKKINDA \u0130DD\u0130ALAR<\/strong><\/h3>\n<p>&#8216;American Beauty&#8217; (Amerikan G&uuml;zeli), &#8216;Seven&#8217; (Yedi), &#8216;The Usual Suspects&#8217; (Ola\u011fan \u015e&uuml;pheliler), &#8216;LA Confidential&#8217; (Los Angeles S\u0131rlar\u0131) gibi yer ald\u0131\u011f\u0131 Hollywood filmleri ile haf\u0131zalara kaz\u0131nan 63 ya\u015f\u0131ndaki Kevin Spacey de Burak &Ouml;z&ccedil;ivit gibi Katarl\u0131 i\u015f insan\u0131n\u0131n daveti &uuml;zerine Katar&#8217;a gitti. Spacey, 2019 y\u0131l\u0131nda ABD&#8217;nin Massachusetts eyaletinde ve 2016&#8217;da bir barda tacizde bulundu\u011fu iddialar\u0131yla g&uuml;ndem olmu\u015ftu. Hakk\u0131nda \u015fikayette bulunulan &uuml;nl&uuml; akt&ouml;r, arayan ki\u015finin kay\u0131p telefon numaras\u0131 kullanmas\u0131 ve daha sonra davada \u015fahitlik etmek istememesi &uuml;zerine dava d&uuml;\u015ft&uuml;\u011f&uuml;nden yarg\u0131lanmam\u0131\u015ft\u0131.<\/p>\n<p>&nbsp;<\/p>\n","protected":false},"excerpt":{"rendered":"<p>Katarl\u0131 i\u015f insan\u0131n\u0131n daveti \u00fczerine D\u00fcnya kupas\u0131n\u0131 izlemek i\u00e7in Katar&#8217;a giden Burak \u00d6z\u00e7ivit, burada Amerikal\u0131 akt\u00f6r Kevin Spacey ile bir araya gelmi\u015fti. Taciz olaylar\u0131 ile g\u00fcndemden d\u00fc\u015fmeyen Kevin Spacey ile foto\u011fraf payla\u015fmas\u0131 ele\u015ftirilen \u00d6z\u00e7ivit, sosyal medya hesab\u0131ndan bir a\u00e7\u0131klama yapt\u0131. Oyuncu Burak &Ouml;z&ccedil;ivit, Adel Ali Bin Ali&#8217;nin misafiri olarak Katar&#8217;a gitmi\u015f ve burada Amerikal\u0131 akt&ouml;r [&hellip;]<\/p>\n","protected":false},"author":2,"featured_media":52240,"comment_status":"closed","ping_status":"open","sticky":false,"template":"","format":"standard","meta":{"rank_math_lock_modified_date":false,"footnotes":""},"categories":[76],"tags":[2154,3406,40908,40922,38123],"class_list":["post-52241","post","type-post","status-publish","format-standard","has-post-thumbnail","hentry","category-magazin","tag-burak-ozcivit","tag-katar","tag-kevin-spacey","tag-taciz-iddialari","tag-unlu-haberleri"],"_links":{"self":[{"href":"https:\/\/www.tgrthaber.com\/mavikadin\/wp-json\/wp\/v2\/posts\/52241"}],"collection":[{"href":"https:\/\/www.tgrthaber.com\/mavikadin\/wp-json\/wp\/v2\/posts"}],"about":[{"href":"https:\/\/www.tgrthaber.com\/mavikadin\/wp-json\/wp\/v2\/types\/post"}],"author":[{"embeddable":true,"href":"https:\/\/www.tgrthaber.com\/mavikadin\/wp-json\/wp\/v2\/users\/2"}],"replies":[{"embeddable":true,"href":"https:\/\/www.tgrthaber.com\/mavikadin\/wp-json\/wp\/v2\/comments?post=52241"}],"version-history":[{"count":1,"href":"https:\/\/www.tgrthaber.com\/mavikadin\/wp-json\/wp\/v2\/posts\/52241\/revisions"}],"predecessor-version":[{"id":52242,"href":"https:\/\/www.tgrthaber.com\/mavikadin\/wp-json\/wp\/v2\/posts\/52241\/revisions\/52242"}],"wp:featuredmedia":[{"embeddable":true,"href":"https:\/\/www.tgrthaber.com\/mavikadin\/wp-json\/wp\/v2\/media\/52240"}],"wp:attachment":[{"href":"https:\/\/www.tgrthaber.com\/mavikadin\/wp-json\/wp\/v2\/media?parent=52241"}],"wp:term":[{"taxonomy":"category","embeddable":true,"href":"https:\/\/www.tgrthaber.com\/mavikadin\/wp-json\/wp\/v2\/categories?post=52241"},{"taxonomy":"post_tag","embeddable":true,"href":"https:\/\/www.tgrthaber.com\/mavikadin\/wp-json\/wp\/v2\/tags?post=52241"}],"curies":[{"name":"wp","href":"https:\/\/api.w.org\/{rel}","templated":true}]}}