{"id":52244,"date":"2022-12-14T10:03:47","date_gmt":"2022-12-14T07:03:47","guid":{"rendered":"https:\/\/new.mavikadin.com\/?p=52244"},"modified":"2024-09-16T14:13:01","modified_gmt":"2024-09-16T11:13:01","slug":"burak-ozcivit-ve-fahriye-evcen-gezmede-taciz-olayini-bilmiyordum","status":"publish","type":"post","link":"https:\/\/www.tgrthaber.com\/mavikadin\/burak-ozcivit-ve-fahriye-evcen-gezmede-taciz-olayini-bilmiyordum\/","title":{"rendered":"Burak \u00d6z\u00e7ivit ve Fahriye Evcen gezmede! &#8216;Taciz olay\u0131n\u0131 bilmiyordum&#8217;"},"content":{"rendered":"<p>Burak \u00d6z\u00e7ivit, d\u00fcn 7 ayl\u0131k e\u015fi Fahriye Evcen&#8217;le bir mekan \u00e7\u0131k\u0131\u015f\u0131 g\u00f6r\u00fcnt\u00fclendi. \u0130kili ABD\u2019li akt\u00f6r Kevin Spacey ile payla\u015ft\u0131klar\u0131 foto\u011frafla ilgili ilk kez konu\u015ftu.<\/p>\n<p>Son olarak Kevin Spacey ile olan foto\u011fraflar\u0131 nedeniyle ele\u015ftirilen Burak &Ouml;z&ccedil;ivit, 7 ayl\u0131k hamile e\u015fi Fahriye Evcen ile &ouml;nceki g&uuml;n bir mekandan &ccedil;\u0131karken g&ouml;r&uuml;nt&uuml;lendi. \u0130kinci &ccedil;ocuklar\u0131n\u0131 kucaklar\u0131na almaya haftalar kala kar\u0131 koca Etiler&rsquo;deki Da Mario isimli mekandan &ccedil;\u0131karken objektiflere yans\u0131yan &ccedil;ift, gazetecilerle sohbet etti. Adel Ali Bin Ali&rsquo;nin davetlisi olarak D&uuml;nya Kupas\u0131 ma&ccedil;lar\u0131n\u0131 izlemek &uuml;zere gitti\u011fi Katar&rsquo;da hakk\u0131nda otuzu a\u015fk\u0131n taciz su&ccedil;lamas\u0131yla g&uuml;ndeme gelen Amerikal\u0131 akt&ouml;r Kevin Spacey ile de bir araya gelen Burak &Ouml;z&ccedil;ivit, o ana ait kareleri yay\u0131nlam\u0131\u015f ve tepkilerin oda\u011f\u0131 olmu\u015ftu.&nbsp;<\/p>\n<h3><strong>&#8221;G&Uuml;NDEM\u0130 TAK\u0130P EDEM\u0130YORUM&#8221;<\/strong><\/h3>\n<p>Kevin Spacey ile &ccedil;ekildi\u011fi foto\u011fraf\u0131 sosyal medya hesab\u0131nda yay\u0131nlayan, ele\u015ftirileri oklar\u0131n\u0131 &uuml;zerine &ccedil;ekmesinden sonra foto\u011fraflar\u0131 silen &Ouml;z&ccedil;ivit, Kevin Spacey hakk\u0131ndadaki taciz iddialar\u0131ndan haberi olmad\u0131\u011f\u0131n\u0131 s&ouml;yledi ve ekledi; &#8221;Bilmedi\u011fim bir konuydu. Planl\u0131 yap\u0131lan bir g&ouml;r&uuml;\u015fme de\u011fildi, kar\u015f\u0131la\u015ft\u0131k, foto\u011fraf &ccedil;ektirdik ve payla\u015ft\u0131m. Ancak detaylar\u0131 sonradan &ouml;\u011frendim. Her zaman g&uuml;ndemi takip edemiyorum, a&ccedil;\u0131k&ccedil;as\u0131 bilmiyordum. Zaten payla\u015f\u0131m\u0131 sildim&#8221;<\/p>\n<p><img decoding=\"async\" src=\"https:\/\/static.mavikadin.com\/images\/haberler\/22-12\/14\/burak_ozcivit_ve_fahriye_evcen_cifti_gezmelerde_goruntulendi-4.jpg\" alt=\"\" title=\"\"><\/p>\n<h3><strong>&#8221;NEMALANMAYA &Ccedil;ALI\u015eACAK KADAR AL&Ccedil;AK OLMAYIN&#8221;<\/strong><\/h3>\n<p>Burak &Ouml;z&ccedil;ivit, konuyla ilgili sosyal medya hesaplar\u0131nda kendisini ele\u015ftiren meslekta\u015f\u0131 Tuba &Uuml;nsal&#8217;a s&ouml;yledi\u011fi iddia edilen \u015fu s&ouml;zleri sarf etmi\u015fti;<\/p>\n<p>&#8221;Bu kadar &uuml;z&uuml;c&uuml; bir konuyu sonradan &ouml;\u011frendim. Bu konunun kesinlikle kar\u015f\u0131s\u0131nda oldu\u011funu belirtmek istiyorum. Bug&uuml;ne kadar b&ouml;yleydi, bu hassasiyet bundan sonra da b&ouml;yle olacak. B&ouml;yle hassas konulardan nemalanmaya &ccedil;al\u0131\u015facak kadar al&ccedil;ak olmay\u0131n&#8221;<\/p>\n<p><img decoding=\"async\" src=\"https:\/\/static.mavikadin.com\/images\/haberler\/22-12\/14\/burak_ozcivit_ve_fahriye_evcen_cifti_gezmelerde_goruntulendi-2.jpg\" alt=\"\" title=\"\"><\/p>\n<p>#haber#<\/p>\n<h3><strong>TU\u011eBA &Uuml;NSAL SERT &Ccedil;IKTI<\/strong><\/h3>\n<p>Sosyal medya hesab\u0131 &uuml;zerinden Burak &Ouml;z&ccedil;ivit&#8217;in taciz su&ccedil;lar\u0131 ile itham edilen Kevin Specey ile bir araya geldi\u011fi kareleri yay\u0131nlamas\u0131na sinirlenen Tuba &Uuml;nsal sert bir payla\u015f\u0131mda bulunmu\u015ftu; &#8221;Para kar\u015f\u0131l\u0131\u011f\u0131nda t&uuml;m d&uuml;nyan\u0131n kar\u015f\u0131s\u0131nda durdu\u011fu taciz ve tecav&uuml;zle yarg\u0131lanan bir oyuncuyla yan yana poz vermek! Utan\u0131yorum sizden ve sizinle ayn\u0131 i\u015fi yapmaktan&#8230; Tecav&uuml;ze u\u011frayan &ccedil;ocuklardan biri 14 ya\u015f\u0131nda.&#8221;<\/p>\n<h3><strong>BURAK &Ouml;Z&Ccedil;\u0130V\u0130T A&Ccedil;IKLAMA YAPTI<\/strong><\/h3>\n<p>Burak &Ouml;z&ccedil;ivit, ele\u015ftirilmesinin ard\u0131ndan yapt\u0131\u011f\u0131 a&ccedil;\u0131klama ile kamuoyundan &ouml;z&uuml;r dilemi\u015fti; &#8221;Bu kadar hassas ve &uuml;z&uuml;c&uuml; bir konuyu sonradan &ouml;\u011frendim. Bunun derin &uuml;z&uuml;nt&uuml;s&uuml;n&uuml; ya\u015famaktay\u0131m ve bununla ilgili gerekeni hemen yapt\u0131m. Bu konunun kesinlikle kar\u015f\u0131s\u0131nda oldu\u011fumu belirtmek istiyorum. Bug&uuml;ne kadar b&ouml;yleydi bu hassasiyet bundan sonra da b&ouml;yle olacak.&#8221;<\/p>\n","protected":false},"excerpt":{"rendered":"<p>Burak \u00d6z\u00e7ivit, d\u00fcn 7 ayl\u0131k e\u015fi Fahriye Evcen&#8217;le bir mekan \u00e7\u0131k\u0131\u015f\u0131 g\u00f6r\u00fcnt\u00fclendi. \u0130kili ABD\u2019li akt\u00f6r Kevin Spacey ile payla\u015ft\u0131klar\u0131 foto\u011frafla ilgili ilk kez konu\u015ftu. Son olarak Kevin Spacey ile olan foto\u011fraflar\u0131 nedeniyle ele\u015ftirilen Burak &Ouml;z&ccedil;ivit, 7 ayl\u0131k hamile e\u015fi Fahriye Evcen ile &ouml;nceki g&uuml;n bir mekandan &ccedil;\u0131karken g&ouml;r&uuml;nt&uuml;lendi. \u0130kinci &ccedil;ocuklar\u0131n\u0131 kucaklar\u0131na almaya haftalar kala kar\u0131 [&hellip;]<\/p>\n","protected":false},"author":2,"featured_media":52243,"comment_status":"closed","ping_status":"open","sticky":false,"template":"","format":"standard","meta":{"rank_math_lock_modified_date":false,"footnotes":""},"categories":[76],"tags":[2154,2153,40908,18843],"class_list":["post-52244","post","type-post","status-publish","format-standard","has-post-thumbnail","hentry","category-magazin","tag-burak-ozcivit","tag-fahriye-evcen","tag-kevin-spacey","tag-tuba-unsal"],"_links":{"self":[{"href":"https:\/\/www.tgrthaber.com\/mavikadin\/wp-json\/wp\/v2\/posts\/52244"}],"collection":[{"href":"https:\/\/www.tgrthaber.com\/mavikadin\/wp-json\/wp\/v2\/posts"}],"about":[{"href":"https:\/\/www.tgrthaber.com\/mavikadin\/wp-json\/wp\/v2\/types\/post"}],"author":[{"embeddable":true,"href":"https:\/\/www.tgrthaber.com\/mavikadin\/wp-json\/wp\/v2\/users\/2"}],"replies":[{"embeddable":true,"href":"https:\/\/www.tgrthaber.com\/mavikadin\/wp-json\/wp\/v2\/comments?post=52244"}],"version-history":[{"count":1,"href":"https:\/\/www.tgrthaber.com\/mavikadin\/wp-json\/wp\/v2\/posts\/52244\/revisions"}],"predecessor-version":[{"id":52245,"href":"https:\/\/www.tgrthaber.com\/mavikadin\/wp-json\/wp\/v2\/posts\/52244\/revisions\/52245"}],"wp:featuredmedia":[{"embeddable":true,"href":"https:\/\/www.tgrthaber.com\/mavikadin\/wp-json\/wp\/v2\/media\/52243"}],"wp:attachment":[{"href":"https:\/\/www.tgrthaber.com\/mavikadin\/wp-json\/wp\/v2\/media?parent=52244"}],"wp:term":[{"taxonomy":"category","embeddable":true,"href":"https:\/\/www.tgrthaber.com\/mavikadin\/wp-json\/wp\/v2\/categories?post=52244"},{"taxonomy":"post_tag","embeddable":true,"href":"https:\/\/www.tgrthaber.com\/mavikadin\/wp-json\/wp\/v2\/tags?post=52244"}],"curies":[{"name":"wp","href":"https:\/\/api.w.org\/{rel}","templated":true}]}}