{"id":52247,"date":"2022-12-14T10:41:05","date_gmt":"2022-12-14T07:41:05","guid":{"rendered":"https:\/\/new.mavikadin.com\/?p=52247"},"modified":"2024-09-16T14:13:07","modified_gmt":"2024-09-16T11:13:07","slug":"burak-ozcivitin-fahriye-evcene-dogum-hediyeleri-bitmiyor","status":"publish","type":"post","link":"https:\/\/www.tgrthaber.com\/mavikadin\/burak-ozcivitin-fahriye-evcene-dogum-hediyeleri-bitmiyor\/","title":{"rendered":"Burak \u00d6z\u00e7ivit&#8217;in Fahriye Evcen&#8217;e do\u011fum hediyeleri bitmiyor"},"content":{"rendered":"<p>G\u00fcndemden d\u00fc\u015fmeyen Burak \u00d6z\u00e7ivit ve Fahriye Evcen \u00e7ifti bu kez de ikinci do\u011fum hediyesi ile g\u00fcndem oldu. \u00dcnl\u00fc \u00e7iftin \u00f6zel plaka s\u00fcper l\u00fcks cipleri ilk kez g\u00f6r\u00fcnt\u00fclendi.<\/p>\n<p>\u0130kinci &ccedil;ocuklar\u0131n\u0131 kucaklar\u0131na almaya say\u0131l\u0131 g&uuml;nler kala Etiler&#8217;de bir mekandan &ccedil;\u0131karken g&ouml;r&uuml;nt&uuml;lenen &uuml;nl&uuml; &ccedil;ift Fahriye Evcen ve Burak &Ouml;z&ccedil;ivit, gazetecilerin sorular\u0131n\u0131 yan\u0131tlad\u0131. Burak &Ouml;z&ccedil;ivit&#8217;in Katar&#8217;da birlikte foto\u011fraf &ccedil;ektirdi\u011fi Amerikal\u0131 akt&ouml;r Kevin Spacey ile karelerini yay\u0131nlamas\u0131 &uuml;zerine sosyal medyada &ccedil;\u0131\u011f gibi b&uuml;y&uuml;yen tepkileri almas\u0131 sorulan &uuml;nl&uuml; isim \u015fu a&ccedil;\u0131klamalar\u0131 yapt\u0131.<\/p>\n<h3><strong>&#8220;B\u0130LMED\u0130\u011e\u0130M B\u0130R KONUYDU&#8221;<\/strong><\/h3>\n<p>Katar&#8217;da &ouml;zel bir davet &uuml;zerine bulunan ve D&uuml;nya kupas\u0131 izlemek i&ccedil;in giden Burak &Ouml;z&ccedil;ivit, Kevin Spacey hakk\u0131ndaki iddialar\u0131 bilmedi\u011fini dile getirdi;<\/p>\n<p>&#8220;G&uuml;zel bir organizasyon oldu. Cristiano Ronaldo hayran\u0131y\u0131m, ma&ccedil;\u0131n\u0131 izlemek &ccedil;ok istedim ancak program\u0131m\u0131z uymad\u0131 ve yeti\u015femedim. Kevin Spacey konusu bilmedi\u011fim bir konuydu, planl\u0131 yap\u0131lan bir g&ouml;r&uuml;\u015fme de\u011fildi, kar\u015f\u0131la\u015ft\u0131k ve T&uuml;rk dizileri &uuml;zerine sohbet ettik. Foto\u011fraf &ccedil;ektirdik ve payla\u015ft\u0131m. Ancak detaylar\u0131 sonradan &ouml;\u011frendim. Her zaman g&uuml;ndemi takip edemiyorum, a&ccedil;\u0131k&ccedil;as\u0131 bunu bilmiyordum, zaten payla\u015f\u0131m\u0131 sildim devam\u0131nda.&#8221;<\/p>\n<p><img decoding=\"async\" src=\"https:\/\/static.mavikadin.com\/images\/haberler\/22-12\/14\/burak_ozcivit_in_dogum_hediyeleri_bitmiyor-2.jpg\" alt=\"\" title=\"\"><\/p>\n<h3><strong>&#8221;KARAN KARDE\u015e\u0130 ARTIK GELS\u0130N \u0130ST\u0130YOR&#8221;<\/strong><\/h3>\n<p>Yakla\u015f\u0131k 7 ayl\u0131k hamile olan fahriye Evcen, bebe\u011fi ve sa\u011fl\u0131k durumu hakk\u0131nda \u015funlar\u0131 s&ouml;yledi;<\/p>\n<p>&#8220;Her \u015fey yolunda, hamileli\u011fim gayet g&uuml;zel ge&ccedil;iyor. \u0130sim konusunda akl\u0131m\u0131zda bir iki se&ccedil;enek var ama hen&uuml;z tam karar vermedik. Karan karde\u015f fikrine al\u0131\u015ft\u0131, kendine arkada\u015f bekliyor, &#8216;Art\u0131k gelsin&#8217; diyor&#8221;&nbsp;<\/p>\n<p>A\u015ferme durumu olmad\u0131\u011f\u0131n\u0131 ve bu tarz inan\u0131\u015flar\u0131n kendisi i&ccedil;in hurafe oldu\u011funu belirten g&uuml;zel oyuncu, &#8220;Sa\u011fl\u0131kl\u0131 beslenmeye &ccedil;al\u0131\u015f\u0131yorum, &#8216;Aman \u015funu yemeyeyim kilo al\u0131r\u0131m&#8217; modunda da de\u011filim a&ccedil;\u0131k&ccedil;as\u0131&#8221; dedi.<\/p>\n<p><img decoding=\"async\" src=\"https:\/\/static.mavikadin.com\/images\/haberler\/22-12\/14\/burak_ozcivit_in_dogum_hediyeleri_bitmiyor-4.jpg\" alt=\"\" title=\"\"><\/p>\n<h3><strong>&#8221;KAR K&Uuml;RES\u0130N\u0130N AYNISINI BULDUK&#8221;<\/strong><\/h3>\n<p>Fahriye Evcen, ge&ccedil;ti\u011fimiz g&uuml;nlerde 3,5 ya\u015f\u0131ndaki o\u011flu Karan&#8217;\u0131n k\u0131r\u0131lan kar k&uuml;resinin ayn\u0131s\u0131n\u0131 arad\u0131\u011f\u0131n\u0131 payla\u015fm\u0131\u015f ve ayn\u0131s\u0131n\u0131 satan sat\u0131c\u0131lar\u0131n kendilerine ula\u015fmas\u0131n\u0131 rica etmi\u015fti. Konuyla ilgili farkl\u0131 detaylar oldu\u011funu s&ouml;yleyen Evcen her \u015feyi a&ccedil;\u0131klad\u0131;<\/p>\n<p>&#8220;Onu karde\u015fiyle payla\u015fmak istiyordu, k\u0131r\u0131l\u0131nca &ccedil;ok &uuml;z&uuml;ld&uuml;. Normalde pe\u015fine d&uuml;\u015fece\u011fimiz bir \u015fey de\u011fil ama karde\u015fine hediye edecekti onu. Neyse ki bulduk ayn\u0131s\u0131n\u0131&#8221;<\/p>\n<p><img decoding=\"async\" src=\"https:\/\/static.mavikadin.com\/images\/haberler\/22-12\/14\/burak_ozcivit_in_dogum_hediyeleri_bitmiyor-8.jpg\" alt=\"\" title=\"\"><\/p>\n<h3><strong>10 M\u0130LYON L\u0130RALIK \u0130K\u0130NC\u0130 DO\u011eUM HED\u0130YES\u0130<\/strong><\/h3>\n<p>\u0130kinci kez anne olmaya haz\u0131rlanan Fahriye Evcen&#8217;e e\u015fi Burak &Ouml;z&ccedil;ivit&#8217;ten ikinci do\u011fum hediyesi geldi. E\u015fine 10 milyon de\u011ferinde oldu\u011fu &ouml;\u011frenilen son model bir cip alan Burak &Ouml;z&ccedil;ivit, arac\u0131n plakas\u0131n\u0131 da Fahriye Evcen&#8217;in ba\u015f harflerinden olu\u015fan &#8216;FE&#8217; yapt\u0131rd\u0131. Gazetecilerin dikkatini &ccedil;eken ara&ccedil;la ilgili konu\u015fmak istemeyen &ccedil;ift, te\u015fekk&uuml;r ederek mekandan yeni l&uuml;ks ara&ccedil;lar\u0131yla ayr\u0131ld\u0131.&nbsp;<\/p>\n<p><img decoding=\"async\" src=\"https:\/\/static.mavikadin.com\/images\/haberler\/22-12\/14\/burak_ozcivit_in_dogum_hediyeleri_bitmiyor-12.jpg\" alt=\"\" title=\"\"><\/p>\n<p><img decoding=\"async\" src=\"https:\/\/static.mavikadin.com\/images\/haberler\/22-12\/14\/burak_ozcivit_in_dogum_hediyeleri_bitmiyor-13.jpg\" alt=\"\" title=\"\"><\/p>\n<p>&nbsp;<\/p>\n<p>&nbsp;<\/p>\n","protected":false},"excerpt":{"rendered":"<p>G\u00fcndemden d\u00fc\u015fmeyen Burak \u00d6z\u00e7ivit ve Fahriye Evcen \u00e7ifti bu kez de ikinci do\u011fum hediyesi ile g\u00fcndem oldu. \u00dcnl\u00fc \u00e7iftin \u00f6zel plaka s\u00fcper l\u00fcks cipleri ilk kez g\u00f6r\u00fcnt\u00fclendi. \u0130kinci &ccedil;ocuklar\u0131n\u0131 kucaklar\u0131na almaya say\u0131l\u0131 g&uuml;nler kala Etiler&#8217;de bir mekandan &ccedil;\u0131karken g&ouml;r&uuml;nt&uuml;lenen &uuml;nl&uuml; &ccedil;ift Fahriye Evcen ve Burak &Ouml;z&ccedil;ivit, gazetecilerin sorular\u0131n\u0131 yan\u0131tlad\u0131. Burak &Ouml;z&ccedil;ivit&#8217;in Katar&#8217;da birlikte foto\u011fraf &ccedil;ektirdi\u011fi [&hellip;]<\/p>\n","protected":false},"author":2,"featured_media":52246,"comment_status":"closed","ping_status":"open","sticky":false,"template":"","format":"standard","meta":{"rank_math_lock_modified_date":false,"footnotes":""},"categories":[76],"tags":[2154,37865,2153,11802],"class_list":["post-52247","post","type-post","status-publish","format-standard","has-post-thumbnail","hentry","category-magazin","tag-burak-ozcivit","tag-dogum-hediyesi","tag-fahriye-evcen","tag-unlu-cift"],"_links":{"self":[{"href":"https:\/\/www.tgrthaber.com\/mavikadin\/wp-json\/wp\/v2\/posts\/52247"}],"collection":[{"href":"https:\/\/www.tgrthaber.com\/mavikadin\/wp-json\/wp\/v2\/posts"}],"about":[{"href":"https:\/\/www.tgrthaber.com\/mavikadin\/wp-json\/wp\/v2\/types\/post"}],"author":[{"embeddable":true,"href":"https:\/\/www.tgrthaber.com\/mavikadin\/wp-json\/wp\/v2\/users\/2"}],"replies":[{"embeddable":true,"href":"https:\/\/www.tgrthaber.com\/mavikadin\/wp-json\/wp\/v2\/comments?post=52247"}],"version-history":[{"count":1,"href":"https:\/\/www.tgrthaber.com\/mavikadin\/wp-json\/wp\/v2\/posts\/52247\/revisions"}],"predecessor-version":[{"id":52248,"href":"https:\/\/www.tgrthaber.com\/mavikadin\/wp-json\/wp\/v2\/posts\/52247\/revisions\/52248"}],"wp:featuredmedia":[{"embeddable":true,"href":"https:\/\/www.tgrthaber.com\/mavikadin\/wp-json\/wp\/v2\/media\/52246"}],"wp:attachment":[{"href":"https:\/\/www.tgrthaber.com\/mavikadin\/wp-json\/wp\/v2\/media?parent=52247"}],"wp:term":[{"taxonomy":"category","embeddable":true,"href":"https:\/\/www.tgrthaber.com\/mavikadin\/wp-json\/wp\/v2\/categories?post=52247"},{"taxonomy":"post_tag","embeddable":true,"href":"https:\/\/www.tgrthaber.com\/mavikadin\/wp-json\/wp\/v2\/tags?post=52247"}],"curies":[{"name":"wp","href":"https:\/\/api.w.org\/{rel}","templated":true}]}}