{"id":52418,"date":"2022-12-21T07:43:27","date_gmt":"2022-12-21T04:43:27","guid":{"rendered":"https:\/\/new.mavikadin.com\/?p=52418"},"modified":"2024-09-16T14:18:54","modified_gmt":"2024-09-16T11:18:54","slug":"hasan-can-kayaya-sette-surpriz-dogum-gunu-kutlamasi","status":"publish","type":"post","link":"https:\/\/www.tgrthaber.com\/mavikadin\/hasan-can-kayaya-sette-surpriz-dogum-gunu-kutlamasi\/","title":{"rendered":"Hasan Can Kaya\u2019ya sette s\u00fcrpriz do\u011fum g\u00fcn\u00fc kutlamas\u0131"},"content":{"rendered":"<p>&#8216;Konu\u015fanlar&#8217; program\u0131 ile ad\u0131n\u0131 geni\u015f kitlelere duyuran ve Acun Il\u0131cal\u0131&#8217;n\u0131n kendisinden &#8216;\u00e7ok zeki&#8217; diye bahsetti\u011fi Hasan Can Kaya, ba\u015frol\u00fcnde yer ald\u0131\u011f\u0131 ilk sinema filmi \u2018\u00c7ok A\u015fk\u2019\u0131n setinde 33. ya\u015f\u0131n\u0131 kutlad\u0131.<\/p>\n<p>Bir s&uuml;redir komedi program\u0131ndan kalan t&uuml;m vaktini ilk kez ba\u015frol&uuml;n&uuml; oynayaca\u011f\u0131 film setinde ge&ccedil;iren Hasan Can Kaya, 33 ya\u015f\u0131na girdi. Film setinde kendisine aile ve yak\u0131n arkada\u015flar\u0131 taraf\u0131ndan yap\u0131lan s&uuml;rpriz do\u011fum g&uuml;n&uuml; kutlamas\u0131 &uuml;nl&uuml; isme duygusal anlar ya\u015fatt\u0131.<\/p>\n<p>B&uuml;\u015fra Pekin, Bar\u0131\u015f Y\u0131ld\u0131z ve y&ouml;netmen K\u0131van&ccedil; Baru&ouml;n&uuml;&rsquo;n&uuml;n beraberinde filmin yap\u0131m ekibi ve arkada\u015flar\u0131 da bulunuyordu.<\/p>\n<h3><strong>&#8220;&Ccedil;OK MUTLU OLDUM&#8221;<\/strong><\/h3>\n<p>33 ya\u015f\u0131na giren &uuml;nl&uuml; \u015fovmenin ailesi de Hasan Can Kaya&#8217;n\u0131n do\u011fum g&uuml;n&uuml; i&ccedil;in sette haz\u0131r bulundu. Kaya; &#8220;Set ortam\u0131n\u0131 bir partiye d&ouml;n&uuml;\u015ft&uuml;rd&uuml;n&uuml;z, hepinize &ccedil;ok te\u015fekk&uuml;r ederim, &ccedil;ok mutlu oldum&#8221; diyerek mutlulu\u011funu b&ouml;yle ifade etti.<\/p>\n<p><img decoding=\"async\" src=\"https:\/\/static.mavikadin.com\/images\/haberler\/22-12\/21\/hasan_can_a_sette_dogum_gunu_surprizi-1.jpg\" alt=\"\" title=\"\"><\/p>\n<h3><strong>&#8221;ONLAR SAHNELER\u0130 &Ccedil;IKARTTI BEN TEKRAR YAZDIM&#8221;<\/strong><\/h3>\n<p>Hasan Can Kaya, senaristli\u011fini ve yap\u0131mc\u0131l\u0131\u011f\u0131n\u0131 yapt\u0131\u011f\u0131 ilk filmi &#8216;&Ccedil;ok A\u015fk&#8217; setinde sorular\u0131 cevaplam\u0131\u015ft\u0131. Filmin ne kadar g&uuml;zel oldu\u011funu anlatan &uuml;nl&uuml; isim; &#8220;Benim &ccedil;ocuklu\u011fum setlerde ge&ccedil;ti. &Ouml;nce setlerde &ccedil;al\u0131\u015ft\u0131m daha sonra senaristlik yapt\u0131m. Ondan sonra sahnelere &ccedil;\u0131kt\u0131m ve insanlar tan\u0131d\u0131 beni. Kendimi evimde hissediyorum&#8221; s&ouml;zlerine yer vermi\u015fti.<\/p>\n<p><img decoding=\"async\" src=\"https:\/\/static.mavikadin.com\/images\/haberler\/22-12\/21\/hasan_can_a_sette_dogum_gunu_surprizi-3-1671598929.jpg\" alt=\"\" title=\"\"><\/p>\n<h3><strong>&#8220;OYUNCULU\u011eUMA D\u0130KKAT ETMEYE &Ccedil;ALI\u015eIYORUM&#8221;<\/strong><\/h3>\n<p>Filmin 7 haftada &ccedil;ekilece\u011fini anlatan Kaya; &#8220;Normalde &uuml;&ccedil; d&ouml;rt hafta s&uuml;rer setler ama &ccedil;ok &ouml;zenle ve titizlikle &ccedil;al\u0131\u015f\u0131yoruz. Sahneleri tekrar tekrar s&uuml;rekli &ccedil;ekiyoruz. Usta oyuncular\u0131m\u0131z da var filmde. Onlardan da destek al\u0131yorum ve oyunculu\u011fuma da &ccedil;ok dikkat etmeye &ccedil;al\u0131\u015f\u0131yorum&#8221; dedi.<\/p>\n<p><img decoding=\"async\" src=\"https:\/\/static.mavikadin.com\/images\/haberler\/22-12\/21\/hasan_can_a_sette_dogum_gunu_surprizi-2-1671598935.jpg\" alt=\"\" title=\"\"><\/p>\n<h3><strong>&#8220;BEKLENT\u0130N\u0130N FARKINDAYIM&#8221;<\/strong><\/h3>\n<p>Filmi ile ilgili konu\u015fan &uuml;nl&uuml; isim; &#8220;&Ccedil;ok komik bir film geldi\u011fini d&uuml;\u015f&uuml;n&uuml;yorum. Beklentinin fark\u0131nday\u0131m ve bununla ilgili ekstra bir heyecan\u0131m var. \u0130\u015f kendini konu\u015fturur ya biraz in\u015fallah &ouml;yle olacakt\u0131r. &Uuml;retici ve anlat\u0131c\u0131 kendinden hep bir par&ccedil;a koyar b&ouml;yle durumlarda. Benden de par&ccedil;alar var bu projede. Senaryo yazan arkada\u015flar\u0131m var dan\u0131\u015ft\u0131\u011f\u0131m ki\u015filer yani. Onlara verdim ve siz bunlar\u0131 okuyun komik olmayan sahneleri &ccedil;\u0131kar\u0131n ben tekrardan yazaca\u011f\u0131m dedim ve &ouml;yle de yapt\u0131m. Onlar &ccedil;\u0131kartt\u0131 ve ben &ccedil;\u0131kartt\u0131klar\u0131 yerleri en ba\u015ftan yazd\u0131m yani &ccedil;ok u\u011fra\u015ft\u0131m&#8221; ifadelerine yer verdi.<\/p>\n<h3><strong>&#8220;T&Uuml;CCAR MANTI\u011eIYLA F\u0130LM YAPMAK MANTIKLI DE\u011e\u0130L&#8221;<\/strong><\/h3>\n<p>\u0130lk filminin yap\u0131mc\u0131l\u0131\u011f\u0131nda da ortak olan Hasan Can Kaya; &#8220;Ben t&uuml;ccar de\u011filim. Bu i\u015fin &uuml;reticilerindenim. Ama yarat\u0131c\u0131 tarafa m&uuml;dahale olmas\u0131n diye yap\u0131mc\u0131 da oldum. Para odakl\u0131 de\u011filim ama \u015fakaya m&uuml;dahale edilirse, mizah &ouml;zg&uuml;rl&uuml;k alan\u0131n\u0131 kaybederse ba\u015far\u0131l\u0131 olamazs\u0131n. Zaten \u015fu an bir t&uuml;ccar mant\u0131\u011f\u0131yla film yapmak &ccedil;ok da mant\u0131kl\u0131 de\u011fil. &Ccedil;&uuml;nk&uuml; sinemalar\u0131n durumu ortada. Uzun zamand\u0131r beklenen ilgi asl\u0131nda yok ama biz yine b&ouml;yle bir riski g&ouml;ze ald\u0131k. Umar\u0131m her \u015fey &ccedil;ok g&uuml;zel olur ve bizi &ouml;d&uuml;llendirir. &Ouml;d&uuml;llendirmeyecekse de umar\u0131m mah&ccedil;up etmez&#8221; diyerek filmle beraber zarara u\u011frama tehlikesini de g&ouml;z ald\u0131\u011f\u0131n\u0131 ifade etti.<\/p>\n<h3><strong>HASAN CAN KAYA K\u0130MD\u0130R?<\/strong><\/h3>\n<p>16 Aral\u0131k 1989&rsquo;da \u0130stanbul&rsquo;un G&uuml;ng&ouml;ren il&ccedil;esinde do\u011fdu. 1 Erkek 1 Kad\u0131n dizisinde senaristlik yaparken, senarist grubundaki arkada\u015flar\u0131n\u0131n deste\u011fi ile stand-up yapmaya karar verdi. Leman K&uuml;lt&uuml;r Be\u015fikta\u015f&rsquo;ta d&uuml;zenli olarak Stand-up komedi yapmaya ba\u015flad\u0131. Ocak 2020&rsquo;de ilk ki\u015fisel projesi olan Konu\u015fanlar Talk Show&#8217;un &ccedil;ekimlerine ba\u015flad\u0131.<\/p>\n<p><strong>Projeleri<\/strong><\/p>\n<p>&Ccedil;ok A\u015fk &#8211; (Sinema filmi \/ Senarist)<br \/>Konu\u015fanlar Talk Show<br \/>Hasan Can Kaya &#8211; Stand Up Party<br \/>Bir Yeralt\u0131 Sit-com&#8217;u<\/p>\n","protected":false},"excerpt":{"rendered":"<p>&#8216;Konu\u015fanlar&#8217; program\u0131 ile ad\u0131n\u0131 geni\u015f kitlelere duyuran ve Acun Il\u0131cal\u0131&#8217;n\u0131n kendisinden &#8216;\u00e7ok zeki&#8217; diye bahsetti\u011fi Hasan Can Kaya, ba\u015frol\u00fcnde yer ald\u0131\u011f\u0131 ilk sinema filmi \u2018\u00c7ok A\u015fk\u2019\u0131n setinde 33. ya\u015f\u0131n\u0131 kutlad\u0131. Bir s&uuml;redir komedi program\u0131ndan kalan t&uuml;m vaktini ilk kez ba\u015frol&uuml;n&uuml; oynayaca\u011f\u0131 film setinde ge&ccedil;iren Hasan Can Kaya, 33 ya\u015f\u0131na girdi. Film setinde kendisine aile ve [&hellip;]<\/p>\n","protected":false},"author":2,"featured_media":52417,"comment_status":"closed","ping_status":"open","sticky":false,"template":"","format":"standard","meta":{"rank_math_lock_modified_date":false,"footnotes":""},"categories":[76],"tags":[41013,2837,926,7716,25453,5621],"class_list":["post-52418","post","type-post","status-publish","format-standard","has-post-thumbnail","hentry","category-magazin","tag-cok-ask","tag-dogum-gunu","tag-hasan","tag-hasan-can-kaya","tag-konusanlar","tag-sinema"],"_links":{"self":[{"href":"https:\/\/www.tgrthaber.com\/mavikadin\/wp-json\/wp\/v2\/posts\/52418"}],"collection":[{"href":"https:\/\/www.tgrthaber.com\/mavikadin\/wp-json\/wp\/v2\/posts"}],"about":[{"href":"https:\/\/www.tgrthaber.com\/mavikadin\/wp-json\/wp\/v2\/types\/post"}],"author":[{"embeddable":true,"href":"https:\/\/www.tgrthaber.com\/mavikadin\/wp-json\/wp\/v2\/users\/2"}],"replies":[{"embeddable":true,"href":"https:\/\/www.tgrthaber.com\/mavikadin\/wp-json\/wp\/v2\/comments?post=52418"}],"version-history":[{"count":1,"href":"https:\/\/www.tgrthaber.com\/mavikadin\/wp-json\/wp\/v2\/posts\/52418\/revisions"}],"predecessor-version":[{"id":52419,"href":"https:\/\/www.tgrthaber.com\/mavikadin\/wp-json\/wp\/v2\/posts\/52418\/revisions\/52419"}],"wp:featuredmedia":[{"embeddable":true,"href":"https:\/\/www.tgrthaber.com\/mavikadin\/wp-json\/wp\/v2\/media\/52417"}],"wp:attachment":[{"href":"https:\/\/www.tgrthaber.com\/mavikadin\/wp-json\/wp\/v2\/media?parent=52418"}],"wp:term":[{"taxonomy":"category","embeddable":true,"href":"https:\/\/www.tgrthaber.com\/mavikadin\/wp-json\/wp\/v2\/categories?post=52418"},{"taxonomy":"post_tag","embeddable":true,"href":"https:\/\/www.tgrthaber.com\/mavikadin\/wp-json\/wp\/v2\/tags?post=52418"}],"curies":[{"name":"wp","href":"https:\/\/api.w.org\/{rel}","templated":true}]}}