{"id":52448,"date":"2022-12-22T14:41:52","date_gmt":"2022-12-22T11:41:52","guid":{"rendered":"https:\/\/new.mavikadin.com\/?p=52448"},"modified":"2024-09-16T14:20:04","modified_gmt":"2024-09-16T11:20:04","slug":"devlet-cem-yilmaza-tesekkur-belgesi-verdi","status":"publish","type":"post","link":"https:\/\/www.tgrthaber.com\/mavikadin\/devlet-cem-yilmaza-tesekkur-belgesi-verdi\/","title":{"rendered":"Devlet Cem Y\u0131lmaz&#8217;a &#8216;Te\u015fekk\u00fcr Belgesi&#8217; verdi"},"content":{"rendered":"<p>\u0130stanbul Vergi Dairesi Ba\u015fkan\u0131 R\u0131za Bilgi\u00e7, komedyen ve oyuncu Cem Y\u0131lmaz&#8217;a te\u015fekk\u00fcr belgesi takdim etti. Belgeyi ald\u0131\u011f\u0131 anlar\u0131 sosyal medya hesab\u0131ndan payla\u015fan Y\u0131lmaz; &#8220;\u0130stanbul Vergi Dairesi Ba\u015fkan\u0131 R\u0131za Bilgi\u00e7&#8217;in nazik ziyareti beni mutlu etti. Gururland\u0131m&#8221; ifadelerinde bulundu.<\/p>\n<p>&Uuml;nl&uuml; komedyen ve oyuncu Cem Y\u0131lmaz, sosyal medya hesab\u0131n\u0131 zaman zaman kullanan &uuml;nl&uuml;lerden. S\u0131k payla\u015f\u0131m yapan Y\u0131lmaz, yeniden bir g&ouml;nderi payla\u015ft\u0131.<\/p>\n<p>\u0130stanbul Vergi Dairesi Ba\u015fkan\u0131 R\u0131za Bilgi&ccedil;, vergisini d&uuml;zenli &ouml;deyen Cem Y\u0131lmaz&#8217;\u0131 ofisinde ziyaret ederek &#8216;Te\u015fekk&uuml;r Belgesi&#8217; takdim etti.<\/p>\n<p><img decoding=\"async\" src=\"https:\/\/static.mavikadin.com\/images\/haberler\/22-12\/22\/devlet_cem_yilmaz_tesekkur_belgesi_verdi-3.jpg\" alt=\"\" title=\"\"><\/p>\n<p>Cem Y\u0131lmaz da ofisinde ziyaret edilmesinin ve Te\u015fekk&uuml;r Belgesi almas\u0131ndan gururland\u0131\u011f\u0131n\u0131 s&ouml;yleyerek Ba\u015fkan ile foto\u011fraf &ccedil;ektirdi. Bu kareyi sosyal medya hesab\u0131nda payla\u015ft\u0131 \u015fu notu d&uuml;\u015ft&uuml;;<\/p>\n<p><em><strong>&#8221;\u0130stanbul Vergi Dairesi Ba\u015fkan\u0131 R\u0131za Bilgi&ccedil; bana &#8216;Te\u015fekk&uuml;r Belgesi&#8217; takdim etti. Nazik ziyareti beni mutlu etti. Gururland\u0131m&#8230;&#8221;&nbsp;<\/strong><\/em><\/p>\n<h3><strong>CEM YILMAZ K\u0130MD\u0130R?<\/strong><\/h3>\n<p>Cem Y\u0131lmaz 23 Nisan 1973 tarihinde \u0130stanbul&#8217;da do\u011fdu. T&uuml;rk karikat&uuml;rist, komedyen, stand-up sanat&ccedil;\u0131s\u0131, sinema oyuncusu, senarist, film yap\u0131mc\u0131s\u0131 ve y&ouml;netmenidir.<\/p>\n<p><strong>Hayat\u0131<\/strong><\/p>\n<p>Cem Y\u0131lmaz&#8217;\u0131n anne taraf\u0131 Yunanistan&#8217;\u0131n Selanik kentinden g&ouml;&ccedil; etmi\u015f, baba taraf\u0131 ise Sivas&#8217;\u0131n G&uuml;r&uuml;n il&ccedil;esinin Eskihamal k&ouml;y&uuml;ndendir. 23 Nisan 1973 tarihinde \u0130stanbul&#8217;da do\u011fdu. \u0130lk&ouml;\u011frenimini Mehmet &Acirc;kif \u0130lkokulu&#8217;nda tamamlad\u0131. Ortaokulu Bah&ccedil;elievler K&acirc;z\u0131m Karabekir Ortaokulu&#8217;nda tamamlad\u0131ktan sonra, Etiler Otelcilik ve Turizm Meslek Lisesi&#8217;nden mezun oldu. Bo\u011fazi&ccedil;i &Uuml;niversitesi&#8217;nin turizm i\u015fletmecili\u011fi b&ouml;l&uuml;m&uuml;ne kaydoldu, ancak e\u011fitimini yar\u0131m b\u0131rakt\u0131.<\/p>\n<p>Karikat&uuml;re olan ilgisi ve yetene\u011fi sayesinde &uuml;niversite y\u0131llar\u0131nda Leman mizah dergisinde &ccedil;al\u0131\u015fmaya ba\u015flad\u0131. \u0130lk g&ouml;sterisini dergide &ccedil;al\u0131\u015ft\u0131\u011f\u0131 y\u0131llarda, dergi binas\u0131n\u0131n en alt kat\u0131nda a&ccedil;\u0131lan Leman K&uuml;lt&uuml;r Merkezi&#8217;nde ger&ccedil;ekle\u015ftirdi. Sonras\u0131nda Be\u015fikta\u015f K&uuml;lt&uuml;r Merkezi&#8217;nde sahne almaya ba\u015flad\u0131 ve burada d&uuml;zenledi\u011fi g&ouml;steriler ile ad\u0131n\u0131 duyurdu. 1995 y\u0131l\u0131nda &Ouml;zlem Tekin&#8217;in &ccedil;\u0131kard\u0131\u011f\u0131 Kime Ne alb&uuml;m&uuml;n&uuml;n bir \u015fark\u0131s\u0131n\u0131n klipinde rol alm\u0131\u015ft\u0131r.<\/p>\n<p><strong>Sinemaya Giri\u015fi<\/strong><\/p>\n<p>Cem Y\u0131lmaz, 1998 y\u0131l\u0131nda y&ouml;netmenli\u011fini &Ouml;mer Varg\u0131&#8217;n\u0131n yapt\u0131\u011f\u0131 Her \u015eey &Ccedil;ok G&uuml;zel Olacak isimli filmle oyunculuk mesle\u011fi ile tan\u0131\u015ft\u0131 ve kamera arkas\u0131na ad\u0131m att\u0131. Bu filmin ard\u0131ndan 2000 y\u0131l\u0131nda Y\u0131lmaz Erdo\u011fan&#8217;\u0131n Vizontele ba\u015fl\u0131kl\u0131 filminde de rol ald\u0131.<\/p>\n<p>\u0130&ccedil;lerinde T&uuml;rk sinemas\u0131n\u0131n en &ccedil;ok seyredilen filmleri aras\u0131na girmi\u015f olan G.O.R.A., A.R.O.G, Hokkabaz ve Yah\u015fi Bat\u0131 gibi yap\u0131mlar\u0131n da bulundu\u011fu on filmde rol ald\u0131 ve &uuml;&ccedil; filmde seslendirme sanat&ccedil;\u0131s\u0131 olarak &ccedil;al\u0131\u015ft\u0131.<\/p>\n<p>Askerli\u011fini 2001&#8217;de MEBS Okulu ve E\u011fitim Merkezi&#8217;nde 18 ay yapm\u0131\u015ft\u0131r. Askerli\u011fi s\u0131ras\u0131nda Balkan &uuml;lkelerinde g&ouml;revli asker&icirc; personele stand-up g&ouml;sterileri yapm\u0131\u015ft\u0131r.<\/p>\n<p>Sinema alan\u0131ndaki &ccedil;al\u0131\u015fmalar\u0131n\u0131n yan\u0131 s\u0131ra sahne g&ouml;sterilerini de devam ettirdi; her biri kapal\u0131 gi\u015fe oynayan d&ouml;rt ayr\u0131 stand-up g&ouml;sterisi ger&ccedil;ekle\u015ftirdi, Borusan \u0130stanbul Filarmoni Orkestras\u0131 i\u015f birli\u011fi ile &ouml;zel konserler kapsam\u0131nda orkestraya iki kez \u015feflik yapt\u0131 ve &uuml;niversite ziyaretlerinin birle\u015fiminden olu\u015fan bir DVD &ccedil;\u0131kard\u0131.<\/p>\n<p>Kariyeri boyunca bir&ccedil;ok markan\u0131n reklam y&uuml;z&uuml; oldu, aralar\u0131nda Panasonic, Telsim, Opet, T&uuml;rk Telekom, T&uuml;rkiye \u0130\u015f Bankas\u0131, Doritos, Hepsiburada gibi markalar\u0131n yer ald\u0131\u011f\u0131 firmalar i&ccedil;in reklam kampanyalar\u0131na imza att\u0131. Karikat&uuml;rlerinin yer ald\u0131\u011f\u0131 bir kitap ve &uuml;&ccedil; filminin senaryolar\u0131n\u0131n kitapla\u015ft\u0131r\u0131lm\u0131\u015f h&acirc;li de okurlar\u0131n yo\u011fun ilgisini &ccedil;ekti.<\/p>\n<p>Sadri Al\u0131\u015f\u0131k &Ouml;d&uuml;lleri&#8217;nde, 4. Ye\u015fil&ccedil;am &Ouml;d&uuml;lleri&#8217;nde ve Br&uuml;ksel Uluslararas\u0131 Ba\u011f\u0131ms\u0131z Film Festivali&#8217;nde en iyi erkek oyuncu&nbsp;&ouml;d&uuml;l&uuml;ne lay\u0131k g&ouml;r&uuml;ld&uuml;.<\/p>\n<p>2014&#8217;te StandartCY adl\u0131 g&ouml;sterisiyle sonbaharda Amerika turnesine &ccedil;\u0131kt\u0131. Yer ald\u0131\u011f\u0131 film Deli A\u015fk, 10 Mart 2017 tarihinde vizyona girdi.<\/p>\n<p>2019&#8217;da ger&ccedil;ekle\u015ftirilen m&uuml;lakatlardan birinde Cem Y\u0131lmaz Karakomik Filmler dizisini ve Er\u015fan Kuneri&#8217;yi kastederek &#8220;Filmler ve dizimi &ccedil;ekerken eski g&uuml;nlerin hat\u0131r\u0131na bir stand-up yapmay\u0131 planl\u0131yorum.&#8221; dedi. Diamond Elite Platinum Plus ba\u015fl\u0131kl\u0131 g&ouml;sterisi i&ccedil;in 2020-2021 y\u0131llar\u0131 aras\u0131 sahneye &ccedil;\u0131kt\u0131.<\/p>\n","protected":false},"excerpt":{"rendered":"<p>\u0130stanbul Vergi Dairesi Ba\u015fkan\u0131 R\u0131za Bilgi\u00e7, komedyen ve oyuncu Cem Y\u0131lmaz&#8217;a te\u015fekk\u00fcr belgesi takdim etti. Belgeyi ald\u0131\u011f\u0131 anlar\u0131 sosyal medya hesab\u0131ndan payla\u015fan Y\u0131lmaz; &#8220;\u0130stanbul Vergi Dairesi Ba\u015fkan\u0131 R\u0131za Bilgi\u00e7&#8217;in nazik ziyareti beni mutlu etti. Gururland\u0131m&#8221; ifadelerinde bulundu. &Uuml;nl&uuml; komedyen ve oyuncu Cem Y\u0131lmaz, sosyal medya hesab\u0131n\u0131 zaman zaman kullanan &uuml;nl&uuml;lerden. S\u0131k payla\u015f\u0131m yapan Y\u0131lmaz, yeniden [&hellip;]<\/p>\n","protected":false},"author":2,"featured_media":52447,"comment_status":"closed","ping_status":"open","sticky":false,"template":"","format":"standard","meta":{"rank_math_lock_modified_date":false,"footnotes":""},"categories":[76],"tags":[2683,41026,8079,39144,41025],"class_list":["post-52448","post","type-post","status-publish","format-standard","has-post-thumbnail","hentry","category-magazin","tag-cem-yilmaz","tag-istanbul-vergi-dairesi","tag-tesekkur-belgesi","tag-unlu-komedyen","tag-vergi"],"_links":{"self":[{"href":"https:\/\/www.tgrthaber.com\/mavikadin\/wp-json\/wp\/v2\/posts\/52448"}],"collection":[{"href":"https:\/\/www.tgrthaber.com\/mavikadin\/wp-json\/wp\/v2\/posts"}],"about":[{"href":"https:\/\/www.tgrthaber.com\/mavikadin\/wp-json\/wp\/v2\/types\/post"}],"author":[{"embeddable":true,"href":"https:\/\/www.tgrthaber.com\/mavikadin\/wp-json\/wp\/v2\/users\/2"}],"replies":[{"embeddable":true,"href":"https:\/\/www.tgrthaber.com\/mavikadin\/wp-json\/wp\/v2\/comments?post=52448"}],"version-history":[{"count":1,"href":"https:\/\/www.tgrthaber.com\/mavikadin\/wp-json\/wp\/v2\/posts\/52448\/revisions"}],"predecessor-version":[{"id":52449,"href":"https:\/\/www.tgrthaber.com\/mavikadin\/wp-json\/wp\/v2\/posts\/52448\/revisions\/52449"}],"wp:featuredmedia":[{"embeddable":true,"href":"https:\/\/www.tgrthaber.com\/mavikadin\/wp-json\/wp\/v2\/media\/52447"}],"wp:attachment":[{"href":"https:\/\/www.tgrthaber.com\/mavikadin\/wp-json\/wp\/v2\/media?parent=52448"}],"wp:term":[{"taxonomy":"category","embeddable":true,"href":"https:\/\/www.tgrthaber.com\/mavikadin\/wp-json\/wp\/v2\/categories?post=52448"},{"taxonomy":"post_tag","embeddable":true,"href":"https:\/\/www.tgrthaber.com\/mavikadin\/wp-json\/wp\/v2\/tags?post=52448"}],"curies":[{"name":"wp","href":"https:\/\/api.w.org\/{rel}","templated":true}]}}